{"id":33716,"date":"2023-08-09T12:40:38","date_gmt":"2023-08-09T15:40:38","guid":{"rendered":"https:\/\/radiorevelacionfm.cl\/?p=33716"},"modified":"2023-08-09T12:40:38","modified_gmt":"2023-08-09T15:40:38","slug":"rio-ibanez-valida-actualizacion-de-plan-municipal-de-cultura-y-firma-agenda-de-desarrollo-cultural-comunal","status":"publish","type":"post","link":"https:\/\/radiorevelacionfm.cl\/?p=33716","title":{"rendered":"R\u00edo Ib\u00e1\u00f1ez valida actualizaci\u00f3n de Plan Municipal de Cultura y firma Agenda de Desarrollo Cultural Comunal"},"content":{"rendered":"<div class=\"flex_column av_one_full  flex_column_div av-zero-column-padding first  avia-builder-el-0  el_before_av_one_full  avia-builder-el-first  \" style='border-radius:0px; '><div  class='avia-image-container  av-styling-    avia-builder-el-1  avia-builder-el-no-sibling  avia-align-center '  itemprop=\"image\" itemscope=\"itemscope\" itemtype=\"https:\/\/schema.org\/ImageObject\"  ><div class='avia-image-container-inner'><div class='avia-image-overlay-wrap'><img decoding=\"async\" class='wp-image-33717 avia-img-lazy-loading-not-33717 avia_image' src=\"https:\/\/radiorevelacionfm.cl\/wp-content\/uploads\/2023\/08\/Firma-Agenda-de-Desarrollo-Cultural-Comunal-2-2.jpg\" alt='' title='Firma Agenda de Desarrollo Cultural Comunal-2-2' height=\"600\" width=\"899\"  itemprop=\"thumbnailUrl\" srcset=\"https:\/\/radiorevelacionfm.cl\/wp-content\/uploads\/2023\/08\/Firma-Agenda-de-Desarrollo-Cultural-Comunal-2-2.jpg 899w, https:\/\/radiorevelacionfm.cl\/wp-content\/uploads\/2023\/08\/Firma-Agenda-de-Desarrollo-Cultural-Comunal-2-2-300x200.jpg 300w, https:\/\/radiorevelacionfm.cl\/wp-content\/uploads\/2023\/08\/Firma-Agenda-de-Desarrollo-Cultural-Comunal-2-2-768x513.jpg 768w, https:\/\/radiorevelacionfm.cl\/wp-content\/uploads\/2023\/08\/Firma-Agenda-de-Desarrollo-Cultural-Comunal-2-2-705x471.jpg 705w, https:\/\/radiorevelacionfm.cl\/wp-content\/uploads\/2023\/08\/Firma-Agenda-de-Desarrollo-Cultural-Comunal-2-2-450x300.jpg 450w, https:\/\/radiorevelacionfm.cl\/wp-content\/uploads\/2023\/08\/Firma-Agenda-de-Desarrollo-Cultural-Comunal-2-2-600x400.jpg 600w\" sizes=\"(max-width: 899px) 100vw, 899px\" \/><\/div><\/div><\/div><\/div><div class=\"flex_column av_one_full  flex_column_div av-zero-column-padding first  avia-builder-el-2  el_after_av_one_full  el_before_av_one_full  column-top-margin\" style='border-radius:0px; '><section class=\"av_textblock_section \"  itemscope=\"itemscope\" itemtype=\"https:\/\/schema.org\/BlogPosting\" itemprop=\"blogPost\" ><div class='avia_textblock  '   itemprop=\"text\" ><p style=\"text-align: center;\"><span style=\"font-size: 18pt;\"><strong>R\u00edo Ib\u00e1\u00f1ez valida actualizaci\u00f3n de Plan Municipal de Cultura y firma Agenda de Desarrollo Cultural Comunal<\/strong><\/span><\/p>\n<div id=\"gtx-trans\" style=\"position: absolute; left: -50px; top: 4.31534px;\">\n<div class=\"gtx-trans-icon\"><\/div>\n<\/div>\n<\/div><\/section><\/div><div class=\"flex_column av_one_full  flex_column_div av-zero-column-padding first  avia-builder-el-4  el_after_av_one_full  el_before_av_hr  column-top-margin\" style='border-radius:0px; '><section class=\"av_textblock_section \"  itemscope=\"itemscope\" itemtype=\"https:\/\/schema.org\/BlogPosting\" itemprop=\"blogPost\" ><div class='avia_textblock  '   itemprop=\"text\" ><p style=\"text-align: justify;\"><em>Dos hitos significativos ocurrieron esta semana para la comuna R\u00edo Ib\u00e1\u00f1ez en materia cultural. Se trata de un gran paso para garantizar la equidad territorial y el fortalecimiento de las manifestaciones art\u00edsticas.<\/em><\/p>\n<p style=\"text-align: justify;\">De forma un\u00e1nime en el Concejo Municipal de R\u00edo Ib\u00e1\u00f1ez, tras validaci\u00f3n previa de la comunidad, se aprob\u00f3 el Plan Municipal de Cultura (PMC) para la comuna, el que orientar\u00e1 los lineamientos en materia art\u00edstica, program\u00e1tica y patrimonial de las cinco localidades hasta el 2027, y que abre nuevos horizontes para el acceso a financiamiento p\u00fablico a trav\u00e9s del Programa Red Cultura.<\/p>\n<p style=\"text-align: justify;\">\u201cComo Ministerio de las Culturas, las Artes y el Patrimonio de la Regi\u00f3n de Ays\u00e9n, estamos contentos de poder tener la validaci\u00f3n del Plan Municipal de Cultura de R\u00edo Ib\u00e1\u00f1ez porque viene a ser una herramienta que nos mandata a trabajar colaborativamente con el gobierno local y como instituci\u00f3n en relaci\u00f3n a dar cumplimiento a los anhelos y necesidades de la comunidad y ciudadan\u00eda, en torno a gesti\u00f3n cultural, patrimonial y art\u00edstica\u201d, destac\u00f3 el seremi de Culturas Ays\u00e9n, Felipe Quiroz.<\/p>\n<p style=\"text-align: justify;\">A cargo de la dupla Camila Ram\u00edrez y M\u00f3nica Mel\u00e9ndez, los resultados revelaron una alta participaci\u00f3n, adem\u00e1s de la organizaci\u00f3n territorial, junto a un inter\u00e9s preponderante por el rescate, salvaguarda y socializaci\u00f3n del patrimonio cultural inmaterial, entre las que se consideraron tradiciones, oficios, manifestaciones y expresiones importantes para la memoria hist\u00f3rica de Puerto Ib\u00e1\u00f1ez, Puerto S\u00e1nchez, Bah\u00eda Murta, Puerto Tranquilo y Cerro Castillo.<\/p>\n<p style=\"text-align: justify;\">Luego de meses de reuniones bajo modalidad presencial y virtual, Mel\u00e9ndez enfatiz\u00f3 el compromiso de los habitantes, el municipio y la Seremi de las Culturas Ays\u00e9n en la elaboraci\u00f3n de un plan representativo de las distintas perspectivas geogr\u00e1ficas que componen el espacio geogr\u00e1fico de R\u00edo Ib\u00e1\u00f1ez. A lo anterior se a\u00f1ade la conformaci\u00f3n formal de un Consejo Cultural Comunal, el que ya cuenta con una articulaci\u00f3n de roles activos y provisorios de agentes y cultores locales.<\/p>\n<p style=\"text-align: justify;\">Al respecto, la profesional detall\u00f3: \u201cNo se opt\u00f3 por hacer una planificaci\u00f3n comunal, sino que trabajar desde lo local hacia lo comunal. Entonces se trabaj\u00f3 espec\u00edficamente con planificaciones que atienden a estas necesidades e intereses desde las artes, las culturales, los patrimonios, tambi\u00e9n \u00e1mbitos como capital humano, infraestructura y una gran variedad de expectativas que surgen desde la comunidad, como la contrataci\u00f3n de un encargado de cultura\u201d.<\/p>\n<p style=\"text-align: justify;\">Cabe mencionar que, durante la instancia, adem\u00e1s de la validaci\u00f3n del PMC, tambi\u00e9n tuvo lugar la firma del convenio de la Agenda de Desarrollo Cultural Comunal 2023 &#8211; 2028, entre la Municipalidad de R\u00edo Ib\u00e1\u00f1ez y la Seremi de las Culturas Ays\u00e9n para afianzar acciones y compromisos instituciones.<\/p>\n<p style=\"text-align: justify;\">Desde la vereda municipal, la concejala Marcia \u00c1lvarez, activa participante del proceso, se\u00f1al\u00f3 respecto a los dos hitos: \u201cEs s\u00faper valorable la firma de este convenio que, ojal\u00e1, se traspase en capacitaciones, conocimientos, recursos como mencion\u00e1bamos, y que se pueda dar respuesta principalmente a algo que quieren nuestras organizaciones y dirigentes vinculados al \u00e1mbito de la cultura, que esperan que en nuestro municipio exista un encargado de cultura\u201d.<\/p>\n<p style=\"text-align: justify;\">El pr\u00f3ximo paso, luego de la validaci\u00f3n, ser\u00e1 incluir el PMC en el Plan de Desarrollo Comunal (PLADECO) para formalizar el quehacer territorial y dar luz verde a esta hoja de ruta que comienza a regir desde el presente a\u00f1o.<\/p>\n<\/div><\/section><\/div><div  style='height:50px' class='hr hr-invisible   avia-builder-el-6  el_after_av_one_full  el_before_av_social_share '><span class='hr-inner ' ><span class='hr-inner-style'><\/span><\/span><\/div><\/p>\n<div  class='av-social-sharing-box  avia-builder-el-7  el_after_av_hr  el_before_av_hr  '><div class='av-share-box'><h5 class='av-share-link-description av-no-toc '>Compartir esta noticia<\/h5><ul class='av-share-box-list noLightbox'><li class='av-share-link av-social-link-facebook' ><a target=\"_blank\" aria-label=\"Compartir en Facebook\" href='https:\/\/www.facebook.com\/sharer.php?u=https:\/\/radiorevelacionfm.cl\/?p=33716&#038;t=R%C3%ADo%20Ib%C3%A1%C3%B1ez%20valida%20actualizaci%C3%B3n%20de%20Plan%20Municipal%20de%20Cultura%20y%20firma%20Agenda%20de%20Desarrollo%20Cultural%20Comunal' aria-hidden='false' data-av_icon='\ue8f3' data-av_iconfont='entypo-fontello' title='' data-avia-related-tooltip='Compartir en Facebook' rel=\"noopener\"><span class='avia_hidden_link_text'>Compartir en Facebook<\/span><\/a><\/li><li class='av-share-link av-social-link-twitter' ><a target=\"_blank\" aria-label=\"Compartir en Twitter\" href='https:\/\/twitter.com\/share?text=R%C3%ADo%20Ib%C3%A1%C3%B1ez%20valida%20actualizaci%C3%B3n%20de%20Plan%20Municipal%20de%20Cultura%20y%20firma%20Agenda%20de%20Desarrollo%20Cultural%20Comunal&#038;url=https:\/\/radiorevelacionfm.cl\/?p=33716' aria-hidden='false' data-av_icon='\ue8f1' data-av_iconfont='entypo-fontello' title='' data-avia-related-tooltip='Compartir en Twitter' rel=\"noopener\"><span class='avia_hidden_link_text'>Compartir en Twitter<\/span><\/a><\/li><li class='av-share-link av-social-link-whatsapp' ><a target=\"_blank\" aria-label=\"Compartir en Whatsapp\" href='https:\/\/api.whatsapp.com\/send?text=https:\/\/radiorevelacionfm.cl\/?p=33716' aria-hidden='false' data-av_icon='\uf232' data-av_iconfont='entypo-fontello' title='' data-avia-related-tooltip='Compartir en Whatsapp' rel=\"noopener\"><span class='avia_hidden_link_text'>Compartir en Whatsapp<\/span><\/a><\/li><li class='av-share-link av-social-link-linkedin' ><a target=\"_blank\" aria-label=\"Compartir en LinkedIn\" href='https:\/\/linkedin.com\/shareArticle?mini=true&#038;title=R%C3%ADo%20Ib%C3%A1%C3%B1ez%20valida%20actualizaci%C3%B3n%20de%20Plan%20Municipal%20de%20Cultura%20y%20firma%20Agenda%20de%20Desarrollo%20Cultural%20Comunal&#038;url=https:\/\/radiorevelacionfm.cl\/?p=33716' aria-hidden='false' data-av_icon='\ue8fc' data-av_iconfont='entypo-fontello' title='' data-avia-related-tooltip='Compartir en LinkedIn' rel=\"noopener\"><span class='avia_hidden_link_text'>Compartir en LinkedIn<\/span><\/a><\/li><li class='av-share-link av-social-link-mail' ><a  aria-label=\"Compartir por correo\" href='mailto:?subject=R%C3%ADo%20Ib%C3%A1%C3%B1ez%20valida%20actualizaci%C3%B3n%20de%20Plan%20Municipal%20de%20Cultura%20y%20firma%20Agenda%20de%20Desarrollo%20Cultural%20Comunal&#038;body=https:\/\/radiorevelacionfm.cl\/?p=33716' aria-hidden='false' data-av_icon='\ue805' data-av_iconfont='entypo-fontello' title='' data-avia-related-tooltip='Compartir por correo'><span class='avia_hidden_link_text'>Compartir por correo<\/span><\/a><\/li><\/ul><\/div><\/div>\n<div  style='height:50px' class='hr hr-invisible   avia-builder-el-8  el_after_av_social_share  el_before_av_comments_list '><span class='hr-inner ' ><span class='hr-inner-style'><\/span><\/span><\/div>\n<div  class='av-buildercomment  av-blog-meta-html-info-disabled av-blog-meta-tag-disabled  '><\/div>\n","protected":false},"excerpt":{"rendered":"","protected":false},"author":1,"featured_media":33717,"comment_status":"open","ping_status":"open","sticky":false,"template":"","format":"standard","meta":{"footnotes":""},"categories":[52],"tags":[],"class_list":["post-33716","post","type-post","status-publish","format-standard","has-post-thumbnail","hentry","category-cultura"],"jetpack_featured_media_url":"https:\/\/radiorevelacionfm.cl\/wp-content\/uploads\/2023\/08\/Firma-Agenda-de-Desarrollo-Cultural-Comunal-2-2.jpg","_links":{"self":[{"href":"https:\/\/radiorevelacionfm.cl\/index.php?rest_route=\/wp\/v2\/posts\/33716","targetHints":{"allow":["GET"]}}],"collection":[{"href":"https:\/\/radiorevelacionfm.cl\/index.php?rest_route=\/wp\/v2\/posts"}],"about":[{"href":"https:\/\/radiorevelacionfm.cl\/index.php?rest_route=\/wp\/v2\/types\/post"}],"author":[{"embeddable":true,"href":"https:\/\/radiorevelacionfm.cl\/index.php?rest_route=\/wp\/v2\/users\/1"}],"replies":[{"embeddable":true,"href":"https:\/\/radiorevelacionfm.cl\/index.php?rest_route=%2Fwp%2Fv2%2Fcomments&post=33716"}],"version-history":[{"count":1,"href":"https:\/\/radiorevelacionfm.cl\/index.php?rest_route=\/wp\/v2\/posts\/33716\/revisions"}],"predecessor-version":[{"id":33718,"href":"https:\/\/radiorevelacionfm.cl\/index.php?rest_route=\/wp\/v2\/posts\/33716\/revisions\/33718"}],"wp:featuredmedia":[{"embeddable":true,"href":"https:\/\/radiorevelacionfm.cl\/index.php?rest_route=\/wp\/v2\/media\/33717"}],"wp:attachment":[{"href":"https:\/\/radiorevelacionfm.cl\/index.php?rest_route=%2Fwp%2Fv2%2Fmedia&parent=33716"}],"wp:term":[{"taxonomy":"category","embeddable":true,"href":"https:\/\/radiorevelacionfm.cl\/index.php?rest_route=%2Fwp%2Fv2%2Fcategories&post=33716"},{"taxonomy":"post_tag","embeddable":true,"href":"https:\/\/radiorevelacionfm.cl\/index.php?rest_route=%2Fwp%2Fv2%2Ftags&post=33716"}],"curies":[{"name":"wp","href":"https:\/\/api.w.org\/{rel}","templated":true}]}}