{"id":33713,"date":"2023-08-09T10:08:29","date_gmt":"2023-08-09T13:08:29","guid":{"rendered":"https:\/\/radiorevelacionfm.cl\/?p=33713"},"modified":"2023-08-09T10:08:29","modified_gmt":"2023-08-09T13:08:29","slug":"comunidad-de-puerto-chacabuco-valora-acuerdos-con-autoridades-del-sector-salud-para-fortalecer-atencion","status":"publish","type":"post","link":"https:\/\/radiorevelacionfm.cl\/?p=33713","title":{"rendered":"Comunidad de Puerto Chacabuco valora acuerdos con autoridades del sector salud para fortalecer atenci\u00f3n"},"content":{"rendered":"<div class=\"flex_column av_one_full  flex_column_div av-zero-column-padding first  avia-builder-el-0  el_before_av_one_full  avia-builder-el-first  \" style='border-radius:0px; '><div  class='avia-image-container  av-styling-    avia-builder-el-1  avia-builder-el-no-sibling  avia-align-center '  itemprop=\"image\" itemscope=\"itemscope\" itemtype=\"https:\/\/schema.org\/ImageObject\"  ><div class='avia-image-container-inner'><div class='avia-image-overlay-wrap'><img decoding=\"async\" class='wp-image-33714 avia-img-lazy-loading-not-33714 avia_image' src=\"https:\/\/radiorevelacionfm.cl\/wp-content\/uploads\/2023\/08\/chacabuco-5-2-2.jpg\" alt='' title='chacabuco 5-2-2' height=\"600\" width=\"900\"  itemprop=\"thumbnailUrl\" srcset=\"https:\/\/radiorevelacionfm.cl\/wp-content\/uploads\/2023\/08\/chacabuco-5-2-2.jpg 900w, https:\/\/radiorevelacionfm.cl\/wp-content\/uploads\/2023\/08\/chacabuco-5-2-2-300x200.jpg 300w, https:\/\/radiorevelacionfm.cl\/wp-content\/uploads\/2023\/08\/chacabuco-5-2-2-768x512.jpg 768w, https:\/\/radiorevelacionfm.cl\/wp-content\/uploads\/2023\/08\/chacabuco-5-2-2-705x470.jpg 705w, https:\/\/radiorevelacionfm.cl\/wp-content\/uploads\/2023\/08\/chacabuco-5-2-2-450x300.jpg 450w, https:\/\/radiorevelacionfm.cl\/wp-content\/uploads\/2023\/08\/chacabuco-5-2-2-600x400.jpg 600w\" sizes=\"(max-width: 900px) 100vw, 900px\" \/><\/div><\/div><\/div><\/div><div class=\"flex_column av_one_full  flex_column_div av-zero-column-padding first  avia-builder-el-2  el_after_av_one_full  el_before_av_one_full  column-top-margin\" style='border-radius:0px; '><section class=\"av_textblock_section \"  itemscope=\"itemscope\" itemtype=\"https:\/\/schema.org\/BlogPosting\" itemprop=\"blogPost\" ><div class='avia_textblock  '   itemprop=\"text\" ><p style=\"text-align: center;\"><span style=\"font-size: 18pt;\"><b>Comunidad de Puerto Chacabuco valora acuerdos con autoridades del sector salud para fortalecer atenci\u00f3n<\/b><\/span><\/p>\n<div id=\"gtx-trans\" style=\"position: absolute; left: -50px; top: 4.31534px;\">\n<div class=\"gtx-trans-icon\"><\/div>\n<\/div>\n<\/div><\/section><\/div><div class=\"flex_column av_one_full  flex_column_div av-zero-column-padding first  avia-builder-el-4  el_after_av_one_full  el_before_av_hr  column-top-margin\" style='border-radius:0px; '><section class=\"av_textblock_section \"  itemscope=\"itemscope\" itemtype=\"https:\/\/schema.org\/BlogPosting\" itemprop=\"blogPost\" ><div class='avia_textblock  '   itemprop=\"text\" ><p style=\"text-align: justify;\">En la sede Arturo Prat de Puerto Chacabuco se reuni\u00f3 la comunidad local con directivos del Servicio de Salud Ays\u00e9n (SSA), Seremi y profesionales del CESFAM de Puerto Ays\u00e9n para abordar los compromisos adquiridos por la autoridad con los vecinos y vecinas de la localidad.<\/p>\n<p style=\"text-align: justify;\">En ese sentido Alicia Ru\u00edz, dirigente sindical, agradeci\u00f3 y valor\u00f3 la participaci\u00f3n de los directivos del SSA y la Seremi, desatascando los acuerdos alcanzados durante las \u00faltimas semanas. \u201cLa mayor\u00eda de los compromisos de la carta est\u00e1n solucionados y los cambios comenzar\u00e1n en septiembre y el tema pendiente de nutricionista, asistente social y lo dem\u00e1s se ver\u00e1 estos d\u00edas, estamos bien\u201d, puntualiz\u00f3.<\/p>\n<p style=\"text-align: justify;\">Entre los compromisos adquiridos se encuentran fortalecer la atenci\u00f3n de SOME, sumar prestaciones en salud, para lo cual se espera implementar operativos regulares y atenci\u00f3n m\u00e9dica los mi\u00e9rcoles en Puerto Chacabuco, en jornada completa.<\/p>\n<p style=\"text-align: justify;\">La reuni\u00f3n cont\u00f3 con la participaci\u00f3n de unas 30 personas, quienes manifestaron sus demandas e hicieron ver sus sugerencias y recomendaciones para fortalecer la salud p\u00fablica en el principal puerto de Ays\u00e9n, lo que fue apreciado por Carmen Gloria Monsalve, Seremi de Salud.<\/p>\n<p style=\"text-align: justify;\">\u201cEn presencia de la comunidad y con participaci\u00f3n de funcionarios del CESFAM y directivos del Servicio en un muy buen di\u00e1logo y se inform\u00f3 de las mejoras que se van a implementar desde el 1 de septiembre en adelante y se asumieron algunos compromisos para trabajar de manera m\u00e1s estrecha con la comunidad, en implementar adecuadamente el modelo de salud familiar y comunitario, de la mano de la participaci\u00f3n permanente de la comunidad en temas de salud\u201d, manifest\u00f3.<\/p>\n<p style=\"text-align: justify;\">Por \u00faltimo, Mauricio Cort\u00e9s, director (S) del SSA, se comprometi\u00f3 a continuar reuni\u00e9ndose peri\u00f3dicamente con los usuarios de la red asistencial de Puerto Chacabuco.<\/p>\n<p style=\"text-align: justify;\">\u201cEs importante escuchar a la comunidad de Chacabuco, ya que para avanzar en salud hay que tener estas instancias. Hace un mes aproximadamente vino el equipo de salud a conversar con las personas que ten\u00edan demandas muy fundadas, eran 11 puntos que nosotros comprometimos responder y los respondimos con cosas concretas a trabajar con el sector, tambi\u00e9n soluciones inmediatas y nos comprometimos a venir en octubre para ver c\u00f3mo avanzan los compromisos realizados\u201d, concluy\u00f3 el directivo.<\/p>\n<\/div><\/section><\/div><div  style='height:50px' class='hr hr-invisible   avia-builder-el-6  el_after_av_one_full  el_before_av_social_share '><span class='hr-inner ' ><span class='hr-inner-style'><\/span><\/span><\/div><\/p>\n<div  class='av-social-sharing-box  avia-builder-el-7  el_after_av_hr  el_before_av_hr  '><div class='av-share-box'><h5 class='av-share-link-description av-no-toc '>Compartir esta noticia<\/h5><ul class='av-share-box-list noLightbox'><li class='av-share-link av-social-link-facebook' ><a target=\"_blank\" aria-label=\"Compartir en Facebook\" href='https:\/\/www.facebook.com\/sharer.php?u=https:\/\/radiorevelacionfm.cl\/?p=33713&#038;t=Comunidad%20de%20Puerto%20Chacabuco%20valora%20acuerdos%20con%20autoridades%20del%20sector%20salud%20para%20fortalecer%20atenci%C3%B3n' aria-hidden='false' data-av_icon='\ue8f3' data-av_iconfont='entypo-fontello' title='' data-avia-related-tooltip='Compartir en Facebook' rel=\"noopener\"><span class='avia_hidden_link_text'>Compartir en Facebook<\/span><\/a><\/li><li class='av-share-link av-social-link-twitter' ><a target=\"_blank\" aria-label=\"Compartir en Twitter\" href='https:\/\/twitter.com\/share?text=Comunidad%20de%20Puerto%20Chacabuco%20valora%20acuerdos%20con%20autoridades%20del%20sector%20salud%20para%20fortalecer%20atenci%C3%B3n&#038;url=https:\/\/radiorevelacionfm.cl\/?p=33713' aria-hidden='false' data-av_icon='\ue8f1' data-av_iconfont='entypo-fontello' title='' data-avia-related-tooltip='Compartir en Twitter' rel=\"noopener\"><span class='avia_hidden_link_text'>Compartir en Twitter<\/span><\/a><\/li><li class='av-share-link av-social-link-whatsapp' ><a target=\"_blank\" aria-label=\"Compartir en Whatsapp\" href='https:\/\/api.whatsapp.com\/send?text=https:\/\/radiorevelacionfm.cl\/?p=33713' aria-hidden='false' data-av_icon='\uf232' data-av_iconfont='entypo-fontello' title='' data-avia-related-tooltip='Compartir en Whatsapp' rel=\"noopener\"><span class='avia_hidden_link_text'>Compartir en Whatsapp<\/span><\/a><\/li><li class='av-share-link av-social-link-linkedin' ><a target=\"_blank\" aria-label=\"Compartir en LinkedIn\" href='https:\/\/linkedin.com\/shareArticle?mini=true&#038;title=Comunidad%20de%20Puerto%20Chacabuco%20valora%20acuerdos%20con%20autoridades%20del%20sector%20salud%20para%20fortalecer%20atenci%C3%B3n&#038;url=https:\/\/radiorevelacionfm.cl\/?p=33713' aria-hidden='false' data-av_icon='\ue8fc' data-av_iconfont='entypo-fontello' title='' data-avia-related-tooltip='Compartir en LinkedIn' rel=\"noopener\"><span class='avia_hidden_link_text'>Compartir en LinkedIn<\/span><\/a><\/li><li class='av-share-link av-social-link-mail' ><a  aria-label=\"Compartir por correo\" href='mailto:?subject=Comunidad%20de%20Puerto%20Chacabuco%20valora%20acuerdos%20con%20autoridades%20del%20sector%20salud%20para%20fortalecer%20atenci%C3%B3n&#038;body=https:\/\/radiorevelacionfm.cl\/?p=33713' aria-hidden='false' data-av_icon='\ue805' data-av_iconfont='entypo-fontello' title='' data-avia-related-tooltip='Compartir por correo'><span class='avia_hidden_link_text'>Compartir por correo<\/span><\/a><\/li><\/ul><\/div><\/div>\n<div  style='height:50px' class='hr hr-invisible   avia-builder-el-8  el_after_av_social_share  el_before_av_comments_list '><span class='hr-inner ' ><span class='hr-inner-style'><\/span><\/span><\/div>\n<div  class='av-buildercomment  av-blog-meta-html-info-disabled av-blog-meta-tag-disabled  '><\/div>\n","protected":false},"excerpt":{"rendered":"","protected":false},"author":1,"featured_media":33714,"comment_status":"open","ping_status":"open","sticky":false,"template":"","format":"standard","meta":{"footnotes":""},"categories":[46],"tags":[],"class_list":["post-33713","post","type-post","status-publish","format-standard","has-post-thumbnail","hentry","category-salud"],"jetpack_featured_media_url":"https:\/\/radiorevelacionfm.cl\/wp-content\/uploads\/2023\/08\/chacabuco-5-2-2.jpg","_links":{"self":[{"href":"https:\/\/radiorevelacionfm.cl\/index.php?rest_route=\/wp\/v2\/posts\/33713","targetHints":{"allow":["GET"]}}],"collection":[{"href":"https:\/\/radiorevelacionfm.cl\/index.php?rest_route=\/wp\/v2\/posts"}],"about":[{"href":"https:\/\/radiorevelacionfm.cl\/index.php?rest_route=\/wp\/v2\/types\/post"}],"author":[{"embeddable":true,"href":"https:\/\/radiorevelacionfm.cl\/index.php?rest_route=\/wp\/v2\/users\/1"}],"replies":[{"embeddable":true,"href":"https:\/\/radiorevelacionfm.cl\/index.php?rest_route=%2Fwp%2Fv2%2Fcomments&post=33713"}],"version-history":[{"count":1,"href":"https:\/\/radiorevelacionfm.cl\/index.php?rest_route=\/wp\/v2\/posts\/33713\/revisions"}],"predecessor-version":[{"id":33715,"href":"https:\/\/radiorevelacionfm.cl\/index.php?rest_route=\/wp\/v2\/posts\/33713\/revisions\/33715"}],"wp:featuredmedia":[{"embeddable":true,"href":"https:\/\/radiorevelacionfm.cl\/index.php?rest_route=\/wp\/v2\/media\/33714"}],"wp:attachment":[{"href":"https:\/\/radiorevelacionfm.cl\/index.php?rest_route=%2Fwp%2Fv2%2Fmedia&parent=33713"}],"wp:term":[{"taxonomy":"category","embeddable":true,"href":"https:\/\/radiorevelacionfm.cl\/index.php?rest_route=%2Fwp%2Fv2%2Fcategories&post=33713"},{"taxonomy":"post_tag","embeddable":true,"href":"https:\/\/radiorevelacionfm.cl\/index.php?rest_route=%2Fwp%2Fv2%2Ftags&post=33713"}],"curies":[{"name":"wp","href":"https:\/\/api.w.org\/{rel}","templated":true}]}}