{"id":33709,"date":"2023-08-08T17:26:42","date_gmt":"2023-08-08T20:26:42","guid":{"rendered":"https:\/\/radiorevelacionfm.cl\/?p=33709"},"modified":"2023-08-08T17:31:37","modified_gmt":"2023-08-08T20:31:37","slug":"salud-inicia-mes-del-corazon-con-examenes-preventivos-a-trabajadores-de-transporte-publico","status":"publish","type":"post","link":"https:\/\/radiorevelacionfm.cl\/?p=33709","title":{"rendered":"Salud inicia Mes del Coraz\u00f3n con ex\u00e1menes preventivos a trabajadores del transporte p\u00fablico"},"content":{"rendered":"<div class=\"flex_column av_one_full  flex_column_div av-zero-column-padding first  avia-builder-el-0  el_before_av_one_full  avia-builder-el-first  \" style='border-radius:0px; '><div  class='avia-image-container  av-styling-    avia-builder-el-1  avia-builder-el-no-sibling  avia-align-center '  itemprop=\"image\" itemscope=\"itemscope\" itemtype=\"https:\/\/schema.org\/ImageObject\"  ><div class='avia-image-container-inner'><div class='avia-image-overlay-wrap'><img decoding=\"async\" class='wp-image-33710 avia-img-lazy-loading-not-33710 avia_image' src=\"https:\/\/radiorevelacionfm.cl\/wp-content\/uploads\/2023\/08\/lanzamiento-mes-del-corazon-2_optimized.jpg\" alt='' title='lanzamiento-mes-del-coraz\u00f3n-2_optimized' height=\"600\" width=\"1117\"  itemprop=\"thumbnailUrl\" srcset=\"https:\/\/radiorevelacionfm.cl\/wp-content\/uploads\/2023\/08\/lanzamiento-mes-del-corazon-2_optimized.jpg 1117w, https:\/\/radiorevelacionfm.cl\/wp-content\/uploads\/2023\/08\/lanzamiento-mes-del-corazon-2_optimized-300x161.jpg 300w, https:\/\/radiorevelacionfm.cl\/wp-content\/uploads\/2023\/08\/lanzamiento-mes-del-corazon-2_optimized-1030x553.jpg 1030w, https:\/\/radiorevelacionfm.cl\/wp-content\/uploads\/2023\/08\/lanzamiento-mes-del-corazon-2_optimized-768x413.jpg 768w, https:\/\/radiorevelacionfm.cl\/wp-content\/uploads\/2023\/08\/lanzamiento-mes-del-corazon-2_optimized-705x379.jpg 705w, https:\/\/radiorevelacionfm.cl\/wp-content\/uploads\/2023\/08\/lanzamiento-mes-del-corazon-2_optimized-450x242.jpg 450w, https:\/\/radiorevelacionfm.cl\/wp-content\/uploads\/2023\/08\/lanzamiento-mes-del-corazon-2_optimized-600x322.jpg 600w\" sizes=\"(max-width: 1117px) 100vw, 1117px\" \/><\/div><\/div><\/div><\/div>\n<div class=\"flex_column av_one_full  flex_column_div av-zero-column-padding first  avia-builder-el-2  el_after_av_one_full  el_before_av_one_full  column-top-margin\" style='border-radius:0px; '><section class=\"av_textblock_section \"  itemscope=\"itemscope\" itemtype=\"https:\/\/schema.org\/BlogPosting\" itemprop=\"blogPost\" ><div class='avia_textblock  '   itemprop=\"text\" ><p style=\"text-align: center;\"><span style=\"font-size: 18pt;\"><strong>Salud inicia Mes del Coraz\u00f3n con ex\u00e1menes preventivos a trabajadores del transporte p\u00fablico<\/strong><\/span><\/p>\n<div id=\"gtx-trans\" style=\"position: absolute; left: -50px; top: 4.31534px;\">\n<div class=\"gtx-trans-icon\"><\/div>\n<\/div>\n<\/div><\/section><\/div><div class=\"flex_column av_one_full  flex_column_div av-zero-column-padding first  avia-builder-el-4  el_after_av_one_full  el_before_av_hr  column-top-margin\" style='border-radius:0px; '><section class=\"av_textblock_section \"  itemscope=\"itemscope\" itemtype=\"https:\/\/schema.org\/BlogPosting\" itemprop=\"blogPost\" ><div class='avia_textblock  '   itemprop=\"text\" ><p style=\"text-align: justify;\">Junto a la l\u00ednea de transporte p\u00fablico N\u00b09 de la ciudad de Coyhaique, la Seremi de Salud \u2013 junto a diversos organismos p\u00fablicos como la Seremi del Trabajo, Seremi de Transportes, el Servicio de Salud Ays\u00e9n, FONASA, la Universidad de Ays\u00e9n- dio inicio a las actividades del Mes del Coraz\u00f3n, campa\u00f1a que en esta oportunidad se lanz\u00f3 bajo la premisa \u201cConoce Tus N\u00fameros\u201d, haciendo alusi\u00f3n a los niveles corporales como el colesterol, la presi\u00f3n arterial y la glicemia, entre otros, donde la Seremi de Salud Ays\u00e9n est\u00e1 poniendo \u00e9nfasis en que las personas conozcan los factores de riesgo cardiovascular que se pueden detectar a trav\u00e9s de un EMPA (examen m\u00e9dico preventivo del adulto) el cual se puede solicitar a trav\u00e9s de los consultorios de la red asistencial o a trav\u00e9s de las ISAPRES en forma gratuita.<\/p>\n<p style=\"text-align: justify;\">En esta oportunidad, gracias a la coordinaci\u00f3n de la Autoridad Sanitaria con la carrera de Enfermer\u00eda de la Universidad Ays\u00e9n, se realiz\u00f3 la toma de ex\u00e1menes preventivos en la sede del transporte p\u00fablico N\u00b09 de Coyhaique, acci\u00f3n que fue destacada por el Presidente de la Federaci\u00f3n de Transporte P\u00fablico Menor de Coyhaique, Luis Oyarz\u00fan S\u00e1nchez. \u201cPara nosotros, esto es sumamente relevante porque somos trabajadores independientes, y muchos de nosotros no tenemos acceso a tener un control mensual o anual por el tema de salud, mucho de nosotros no tenemos la posibilidad de cotizar, entonces estas instancias tenemos que aprovecharlas, somos gente que trabajamos todo el d\u00eda sentados, entonces la actividad es muy poca, nos afecta es el sedentarismo para el tema cardiovascular.\u00a0 Quiero agradecer a la Seremi de Salud por estas acciones\u201d.<\/p>\n<p style=\"text-align: justify;\">Para la Seremi de Salud, Carmen Monsalve G\u00f3mez, esta actividad cobra vital importancia en materia del autocuidado de los propios trabajadores. \u201cEn coordinaci\u00f3n con diversos servicios p\u00fablicos, nos reunimos \u00a0para entregar la oferta program\u00e1tica de cada servicio, y adem\u00e1s que conozcan los factores de riesgo en el tema cardiovascular, la salud de las personas que trabajan tambi\u00e9n es nuestra prioridad, y hoy en el Mes del Coraz\u00f3n, necesit\u00e1bamos traer el examen de medicina preventiva, que es el examen que nos va a permitir pesquisar factores de riesgo que a la vez son modificables en cada persona. Nosotros queremos agradecer la disposici\u00f3n de este gremio del transporte para que junto a nuestras alianzas estrat\u00e9gicas, podamos realizar estas acciones para prevenir y aportar a una mejor salud\u201d.<\/p>\n<p style=\"text-align: justify;\">Toma de ex\u00e1menes preventivos, realizados por estudiantes de Enfermer\u00eda de la Universidad Ays\u00e9n, que fueron destacados por los propios transportistas, como Fernando Figueroa. \u201cMe parece maravilloso porque uno de repente no cuenta con el tiempo para ir al consultorio y aqu\u00ed lo tenemos a la mano, y es gratuito\u201d.<\/p>\n<p style=\"text-align: justify;\">Similar opini\u00f3n fue la que entreg\u00f3 Marco Oporto. \u201cEs una instancia bien buena para gente como nosotros, que no nos damos el tiempo para concurrir a los centros asistenciales y realizar estos ex\u00e1menes preventivos, de alguna u otra forma, nos favorecen para tomar conciencia acerca de c\u00f3mo estamos cuidando nuestro cuerpo\u201d.<\/p>\n<p style=\"text-align: justify;\">Las principales causas de muerte en Chile son las enfermedades cardiovasculares y en nuestra regi\u00f3n, constituyen la segunda causa de muerte, raz\u00f3n por la cual, adquiere mayor importancia las acciones preventivas, donde el Seremi (s) Trabajo, Christian Aro Troncoso, recalc\u00f3 que existe un permiso especial para realizar estos tr\u00e1mites de salud. \u201cEs importante recordar a todos los trabajadores independientes y dependientes, que existe un permiso especial de medio d\u00eda, donde solo tienen que avisar con una semana de anticipaci\u00f3n, para realizarse ex\u00e1menes preventivos, as\u00ed impulsamos el Mes del Coraz\u00f3n\u201d.<\/p>\n<p style=\"text-align: justify;\">Finalmente, Jorge P\u00e9rez Urra, Jefe FONASA Ays\u00e9n, recalc\u00f3 la importancia que los trabajadores independientes puedan contar con un plan de salud. \u201cLas personas deben cotizar el 7% en salud, como cotizante independiente voluntario, as\u00ed las personas pueden acceder a una serie de prestaciones como el examen m\u00e9dico preventivo u otras prestaciones que requieran una atenci\u00f3n m\u00e1s especializada\u201d.<\/p>\n<p style=\"text-align: justify;\"><strong>Factores de Riesgo a la Salud<\/strong><\/p>\n<ul>\n<li style=\"text-align: justify;\">El 80% de las enfermedades cardio cerebrovasculares son evitables, por lo que mejorar nuestro estilo de vida hacia una condici\u00f3n saludable es la clave: Mantener actividad f\u00edsica regular, evitando el sedentarismo; fomentar una alimentaci\u00f3n sana y baja en sodio, mantener un peso saludable, No fumar, manejo del estr\u00e9s (dejar tiempo libre para el esparcimiento y descansar las horas necesarias) y evitar el consumo de alcohol.<\/li>\n<li style=\"text-align: justify;\">Para la detecci\u00f3n estas afecciones, existe el Examen de Medicina Preventiva del Adulto (EMP), el cual busca pesquisar de manera oportuna factores de riesgo para las enfermedades cardiovasculares. Este examen es gratuito y est\u00e1 garantizado por ley, tanto a usuarios de FONASA como beneficiarios de ISAPRE.<\/li>\n<li style=\"text-align: justify;\">Durante este mes, se invita a estar atentos a las RRSS de SEREMI de Salud, que a contar de hoy difundir\u00e1 semanalmente la Programaci\u00f3n de actividades del sector salud, y de intersector que se sumen a la campa\u00f1a \u201cMes del Coraz\u00f3n\u201d, \u00a0promovida por el Ministerio de Salud con enfoque en la \u00a0prevenci\u00f3n de\u00a0 las enfermedades.<\/li>\n<\/ul>\n<\/div><\/section><\/div><\/p>\n<div  style='height:50px' class='hr hr-invisible   avia-builder-el-6  el_after_av_one_full  el_before_av_social_share '><span class='hr-inner ' ><span class='hr-inner-style'><\/span><\/span><\/div>\n<div  class='av-social-sharing-box  avia-builder-el-7  el_after_av_hr  el_before_av_hr  '><div class='av-share-box'><h5 class='av-share-link-description av-no-toc '>Compartir esta noticia<\/h5><ul class='av-share-box-list noLightbox'><li class='av-share-link av-social-link-facebook' ><a target=\"_blank\" aria-label=\"Compartir en Facebook\" href='https:\/\/www.facebook.com\/sharer.php?u=https:\/\/radiorevelacionfm.cl\/?p=33709&#038;t=Salud%20inicia%20Mes%20del%20Coraz%C3%B3n%20con%20ex%C3%A1menes%20preventivos%20a%20trabajadores%20del%20transporte%20p%C3%BAblico' aria-hidden='false' data-av_icon='\ue8f3' data-av_iconfont='entypo-fontello' title='' data-avia-related-tooltip='Compartir en Facebook' rel=\"noopener\"><span class='avia_hidden_link_text'>Compartir en Facebook<\/span><\/a><\/li><li class='av-share-link av-social-link-twitter' ><a target=\"_blank\" aria-label=\"Compartir en Twitter\" href='https:\/\/twitter.com\/share?text=Salud%20inicia%20Mes%20del%20Coraz%C3%B3n%20con%20ex%C3%A1menes%20preventivos%20a%20trabajadores%20del%20transporte%20p%C3%BAblico&#038;url=https:\/\/radiorevelacionfm.cl\/?p=33709' aria-hidden='false' data-av_icon='\ue8f1' data-av_iconfont='entypo-fontello' title='' data-avia-related-tooltip='Compartir en Twitter' rel=\"noopener\"><span class='avia_hidden_link_text'>Compartir en Twitter<\/span><\/a><\/li><li class='av-share-link av-social-link-whatsapp' ><a target=\"_blank\" aria-label=\"Compartir en Whatsapp\" href='https:\/\/api.whatsapp.com\/send?text=https:\/\/radiorevelacionfm.cl\/?p=33709' aria-hidden='false' data-av_icon='\uf232' data-av_iconfont='entypo-fontello' title='' data-avia-related-tooltip='Compartir en Whatsapp' rel=\"noopener\"><span class='avia_hidden_link_text'>Compartir en Whatsapp<\/span><\/a><\/li><li class='av-share-link av-social-link-linkedin' ><a target=\"_blank\" aria-label=\"Compartir en LinkedIn\" href='https:\/\/linkedin.com\/shareArticle?mini=true&#038;title=Salud%20inicia%20Mes%20del%20Coraz%C3%B3n%20con%20ex%C3%A1menes%20preventivos%20a%20trabajadores%20del%20transporte%20p%C3%BAblico&#038;url=https:\/\/radiorevelacionfm.cl\/?p=33709' aria-hidden='false' data-av_icon='\ue8fc' data-av_iconfont='entypo-fontello' title='' data-avia-related-tooltip='Compartir en LinkedIn' rel=\"noopener\"><span class='avia_hidden_link_text'>Compartir en LinkedIn<\/span><\/a><\/li><li class='av-share-link av-social-link-mail' ><a  aria-label=\"Compartir por correo\" href='mailto:?subject=Salud%20inicia%20Mes%20del%20Coraz%C3%B3n%20con%20ex%C3%A1menes%20preventivos%20a%20trabajadores%20del%20transporte%20p%C3%BAblico&#038;body=https:\/\/radiorevelacionfm.cl\/?p=33709' aria-hidden='false' data-av_icon='\ue805' data-av_iconfont='entypo-fontello' title='' data-avia-related-tooltip='Compartir por correo'><span class='avia_hidden_link_text'>Compartir por correo<\/span><\/a><\/li><\/ul><\/div><\/div>\n<div  style='height:50px' class='hr hr-invisible   avia-builder-el-8  el_after_av_social_share  el_before_av_comments_list '><span class='hr-inner ' ><span class='hr-inner-style'><\/span><\/span><\/div>\n<div  class='av-buildercomment  av-blog-meta-html-info-disabled av-blog-meta-tag-disabled  '><\/div>\n","protected":false},"excerpt":{"rendered":"","protected":false},"author":1,"featured_media":33710,"comment_status":"open","ping_status":"open","sticky":false,"template":"","format":"standard","meta":{"footnotes":""},"categories":[46],"tags":[],"class_list":["post-33709","post","type-post","status-publish","format-standard","has-post-thumbnail","hentry","category-salud"],"jetpack_featured_media_url":"https:\/\/radiorevelacionfm.cl\/wp-content\/uploads\/2023\/08\/lanzamiento-mes-del-corazon-2_optimized.jpg","_links":{"self":[{"href":"https:\/\/radiorevelacionfm.cl\/index.php?rest_route=\/wp\/v2\/posts\/33709","targetHints":{"allow":["GET"]}}],"collection":[{"href":"https:\/\/radiorevelacionfm.cl\/index.php?rest_route=\/wp\/v2\/posts"}],"about":[{"href":"https:\/\/radiorevelacionfm.cl\/index.php?rest_route=\/wp\/v2\/types\/post"}],"author":[{"embeddable":true,"href":"https:\/\/radiorevelacionfm.cl\/index.php?rest_route=\/wp\/v2\/users\/1"}],"replies":[{"embeddable":true,"href":"https:\/\/radiorevelacionfm.cl\/index.php?rest_route=%2Fwp%2Fv2%2Fcomments&post=33709"}],"version-history":[{"count":2,"href":"https:\/\/radiorevelacionfm.cl\/index.php?rest_route=\/wp\/v2\/posts\/33709\/revisions"}],"predecessor-version":[{"id":33712,"href":"https:\/\/radiorevelacionfm.cl\/index.php?rest_route=\/wp\/v2\/posts\/33709\/revisions\/33712"}],"wp:featuredmedia":[{"embeddable":true,"href":"https:\/\/radiorevelacionfm.cl\/index.php?rest_route=\/wp\/v2\/media\/33710"}],"wp:attachment":[{"href":"https:\/\/radiorevelacionfm.cl\/index.php?rest_route=%2Fwp%2Fv2%2Fmedia&parent=33709"}],"wp:term":[{"taxonomy":"category","embeddable":true,"href":"https:\/\/radiorevelacionfm.cl\/index.php?rest_route=%2Fwp%2Fv2%2Fcategories&post=33709"},{"taxonomy":"post_tag","embeddable":true,"href":"https:\/\/radiorevelacionfm.cl\/index.php?rest_route=%2Fwp%2Fv2%2Ftags&post=33709"}],"curies":[{"name":"wp","href":"https:\/\/api.w.org\/{rel}","templated":true}]}}