{"id":33702,"date":"2023-08-07T20:58:48","date_gmt":"2023-08-07T23:58:48","guid":{"rendered":"https:\/\/radiorevelacionfm.cl\/?p=33702"},"modified":"2023-08-07T20:58:48","modified_gmt":"2023-08-07T23:58:48","slug":"encuentro-de-palin-reunio-a-comunidades-y-asociaciones-indigenas","status":"publish","type":"post","link":"https:\/\/radiorevelacionfm.cl\/?p=33702","title":{"rendered":"Encuentro de Pal\u00edn reuni\u00f3 a comunidades y asociaciones ind\u00edgenas"},"content":{"rendered":"<div class=\"flex_column av_one_full  flex_column_div av-zero-column-padding first  avia-builder-el-0  el_before_av_one_full  avia-builder-el-first  \" style='border-radius:0px; '><div  class='avia-image-container  av-styling-    avia-builder-el-1  avia-builder-el-no-sibling  avia-align-center '  itemprop=\"image\" itemscope=\"itemscope\" itemtype=\"https:\/\/schema.org\/ImageObject\"  ><div class='avia-image-container-inner'><div class='avia-image-overlay-wrap'><img decoding=\"async\" class='wp-image-33703 avia-img-lazy-loading-not-33703 avia_image' src=\"https:\/\/radiorevelacionfm.cl\/wp-content\/uploads\/2023\/08\/lamien-1-1.jpg\" alt='' title='lamien (1) (1)' height=\"600\" width=\"800\"  itemprop=\"thumbnailUrl\" srcset=\"https:\/\/radiorevelacionfm.cl\/wp-content\/uploads\/2023\/08\/lamien-1-1.jpg 800w, https:\/\/radiorevelacionfm.cl\/wp-content\/uploads\/2023\/08\/lamien-1-1-300x225.jpg 300w, https:\/\/radiorevelacionfm.cl\/wp-content\/uploads\/2023\/08\/lamien-1-1-768x576.jpg 768w, https:\/\/radiorevelacionfm.cl\/wp-content\/uploads\/2023\/08\/lamien-1-1-705x529.jpg 705w, https:\/\/radiorevelacionfm.cl\/wp-content\/uploads\/2023\/08\/lamien-1-1-450x338.jpg 450w, https:\/\/radiorevelacionfm.cl\/wp-content\/uploads\/2023\/08\/lamien-1-1-600x450.jpg 600w\" sizes=\"(max-width: 800px) 100vw, 800px\" \/><\/div><\/div><\/div><\/div><div class=\"flex_column av_one_full  flex_column_div av-zero-column-padding first  avia-builder-el-2  el_after_av_one_full  el_before_av_one_full  column-top-margin\" style='border-radius:0px; '><section class=\"av_textblock_section \"  itemscope=\"itemscope\" itemtype=\"https:\/\/schema.org\/BlogPosting\" itemprop=\"blogPost\" ><div class='avia_textblock  '   itemprop=\"text\" ><p style=\"text-align: center;\"><strong><span style=\"font-size: 18pt;\">Encuentro de Pal\u00edn reuni\u00f3 a comunidades y asociaciones ind\u00edgenas<\/span><\/strong><\/p>\n<div id=\"gtx-trans\" style=\"position: absolute; left: -50px; top: 4.31534px;\">\n<div class=\"gtx-trans-icon\"><\/div>\n<\/div>\n<\/div><\/section><\/div><div class=\"flex_column av_one_full  flex_column_div av-zero-column-padding first  avia-builder-el-4  el_after_av_one_full  el_before_av_hr  column-top-margin\" style='border-radius:0px; '><section class=\"av_textblock_section \"  itemscope=\"itemscope\" itemtype=\"https:\/\/schema.org\/BlogPosting\" itemprop=\"blogPost\" ><div class='avia_textblock  '   itemprop=\"text\" ><p style=\"text-align: justify;\">La actividad organizada por el Instituto Nacional de Deportes y la Corporaci\u00f3n Nacional de Desarrollo Ind\u00edgena de Ays\u00e9n se enmarca en la conmemoraci\u00f3n del D\u00eda Internacional de los Pueblos Originarios.<\/p>\n<p class=\"v1MsoNormal\" style=\"text-align: justify;\">Este s\u00e1bado en el Estadio Regional de Coyhaique se desarroll\u00f3 el 2\u00b0 Encuentro de Pal\u00edn que cont\u00f3 con la participaci\u00f3n de comunidades, asociaciones y autoridades regionales quienes asistieron a la ceremonia mapuche y compartieron alimentos tradicionales, para finalizar la actividad con un juego de pal\u00edn rescatando y difundiendo esta pr\u00e1ctica con las nuevas generaciones.<\/p>\n<p class=\"v1MsoNormal\" style=\"text-align: justify;\">Al encuentro asistieron representantes de las comunidades y asociaciones Ant\u00fc Ka Pire Mapu Mew, Rakiduamtun, Ruka Wenuy, We Folil, Tai\u00f1 Mapu Coyhaike, Re\u00f1ma Trapem Tehuelche Raipillan Colin, el Delegado Presidencial Regional Rodrigo Araya Morales, la Seremi de Desarrollo Social y Familia, Karina Acevedo Auad, el Seremi de Medio Ambiente Yoal D\u00edaz Reyes, Yessica Lagos C\u00e1rdenas, Jefa de la Divisi\u00f3n de Fomento e Industria del Gobierno Regional, la Seremi del Deporte Mar\u00eda Eugenia Dur\u00e1n Jara, Pamela Huaitiao Almonacid Conadi Coyhaique y funcionarios IND Ays\u00e9n.<\/p>\n<p class=\"v1MsoNormal\" style=\"text-align: justify;\">\u00abEste segundo encuentro de Pal\u00edn, que se hab\u00eda postergado por diferentes motivos cumple con un objetivo que es muy relevante para el gobierno del Presidente Gabriel Boric que es incentivar la participaci\u00f3n de personas que pertenecen\u00a0 a pueblos originarios en pr\u00e1cticas corporales con pertinencia cultural fortaleciendo las tradiciones de los pueblos, rescatando y ense\u00f1ando en este caso la pr\u00e1ctica del Pal\u00edn. En ese sentido IND ha llevado adelante el di\u00e1logo respetuoso con las comunidades a trav\u00e9s de Conadi que nos permite concretar el compromiso f\u00e9rreo que debe tener el Estado, con gestos sustantivos dirigidos no solamente a mejorar la calidad de vida de los pueblos originarios sino que, a abrir espacios de di\u00e1logo y encuentro en un pa\u00eds donde habitan muchos pueblos y donde cada vez es m\u00e1s necesario el di\u00e1logo\u00bb, se\u00f1al\u00f3 Mar\u00eda Eugenia Dur\u00e1n Jara, Seremi del Deporte.<\/p>\n<p class=\"v1MsoNormal\" style=\"text-align: justify;\">Asimismo,<b> <\/b>Karina Acevedo Auad, Seremi de Desarrollo Social y Familia, precis\u00f3 \u00abEste es un espacio que nos permite interactuar como Estado con las comunidades reconociendo todos su saberes y fortaleciendo sus tradiciones ancestrales, estamos trabajando y apoyando como Ministerio de Desarrollo Social y Familia todas las actividades que ellos est\u00e1n desarrollando\u00bb.<\/p>\n<p class=\"v1MsoNormal\" style=\"text-align: justify;\">Por su parte Pamela Haitiano Almonacid Encargada Regional oficina enlace Conadi Coyhaique explic\u00f3 que \u00abEste el segundo encuentro que se realiza en la comuna de Coyhaique con motivo de invitar a participar en la pr\u00e1ctica cultural del pal\u00edn, est\u00e1n participando asociaciones y comunidades de la comuna de Coyhaique y tambi\u00e9n hemos invitado a las instituciones p\u00fablicas para que puedan sumarse a esta iniciativa, conocer la pr\u00e1ctica del pal\u00edn y tambi\u00e9n como lo han expresado nuestros lamien (lagmen) que han dirigido la rogativa, es una excusa para reunirnos y practicar nuestra cultura y cosmovisi\u00f3n\u00bb.<\/p>\n<\/div><\/section><\/div><div  style='height:50px' class='hr hr-invisible   avia-builder-el-6  el_after_av_one_full  el_before_av_social_share '><span class='hr-inner ' ><span class='hr-inner-style'><\/span><\/span><\/div><\/p>\n<div  class='av-social-sharing-box  avia-builder-el-7  el_after_av_hr  el_before_av_hr  '><div class='av-share-box'><h5 class='av-share-link-description av-no-toc '>Compartir esta noticia<\/h5><ul class='av-share-box-list noLightbox'><li class='av-share-link av-social-link-facebook' ><a target=\"_blank\" aria-label=\"Compartir en Facebook\" href='https:\/\/www.facebook.com\/sharer.php?u=https:\/\/radiorevelacionfm.cl\/?p=33702&#038;t=Encuentro%20de%20Pal%C3%ADn%20reuni%C3%B3%20a%20comunidades%20y%20asociaciones%20ind%C3%ADgenas' aria-hidden='false' data-av_icon='\ue8f3' data-av_iconfont='entypo-fontello' title='' data-avia-related-tooltip='Compartir en Facebook' rel=\"noopener\"><span class='avia_hidden_link_text'>Compartir en Facebook<\/span><\/a><\/li><li class='av-share-link av-social-link-twitter' ><a target=\"_blank\" aria-label=\"Compartir en Twitter\" href='https:\/\/twitter.com\/share?text=Encuentro%20de%20Pal%C3%ADn%20reuni%C3%B3%20a%20comunidades%20y%20asociaciones%20ind%C3%ADgenas&#038;url=https:\/\/radiorevelacionfm.cl\/?p=33702' aria-hidden='false' data-av_icon='\ue8f1' data-av_iconfont='entypo-fontello' title='' data-avia-related-tooltip='Compartir en Twitter' rel=\"noopener\"><span class='avia_hidden_link_text'>Compartir en Twitter<\/span><\/a><\/li><li class='av-share-link av-social-link-whatsapp' ><a target=\"_blank\" aria-label=\"Compartir en Whatsapp\" href='https:\/\/api.whatsapp.com\/send?text=https:\/\/radiorevelacionfm.cl\/?p=33702' aria-hidden='false' data-av_icon='\uf232' data-av_iconfont='entypo-fontello' title='' data-avia-related-tooltip='Compartir en Whatsapp' rel=\"noopener\"><span class='avia_hidden_link_text'>Compartir en Whatsapp<\/span><\/a><\/li><li class='av-share-link av-social-link-linkedin' ><a target=\"_blank\" aria-label=\"Compartir en LinkedIn\" href='https:\/\/linkedin.com\/shareArticle?mini=true&#038;title=Encuentro%20de%20Pal%C3%ADn%20reuni%C3%B3%20a%20comunidades%20y%20asociaciones%20ind%C3%ADgenas&#038;url=https:\/\/radiorevelacionfm.cl\/?p=33702' aria-hidden='false' data-av_icon='\ue8fc' data-av_iconfont='entypo-fontello' title='' data-avia-related-tooltip='Compartir en LinkedIn' rel=\"noopener\"><span class='avia_hidden_link_text'>Compartir en LinkedIn<\/span><\/a><\/li><li class='av-share-link av-social-link-mail' ><a  aria-label=\"Compartir por correo\" href='mailto:?subject=Encuentro%20de%20Pal%C3%ADn%20reuni%C3%B3%20a%20comunidades%20y%20asociaciones%20ind%C3%ADgenas&#038;body=https:\/\/radiorevelacionfm.cl\/?p=33702' aria-hidden='false' data-av_icon='\ue805' data-av_iconfont='entypo-fontello' title='' data-avia-related-tooltip='Compartir por correo'><span class='avia_hidden_link_text'>Compartir por correo<\/span><\/a><\/li><\/ul><\/div><\/div>\n<div  style='height:50px' class='hr hr-invisible   avia-builder-el-8  el_after_av_social_share  el_before_av_comments_list '><span class='hr-inner ' ><span class='hr-inner-style'><\/span><\/span><\/div>\n<div  class='av-buildercomment  av-blog-meta-html-info-disabled av-blog-meta-tag-disabled  '><\/div>\n","protected":false},"excerpt":{"rendered":"","protected":false},"author":1,"featured_media":33703,"comment_status":"open","ping_status":"open","sticky":false,"template":"","format":"standard","meta":{"footnotes":""},"categories":[40],"tags":[],"class_list":["post-33702","post","type-post","status-publish","format-standard","has-post-thumbnail","hentry","category-deportes"],"jetpack_featured_media_url":"https:\/\/radiorevelacionfm.cl\/wp-content\/uploads\/2023\/08\/lamien-1-1.jpg","_links":{"self":[{"href":"https:\/\/radiorevelacionfm.cl\/index.php?rest_route=\/wp\/v2\/posts\/33702","targetHints":{"allow":["GET"]}}],"collection":[{"href":"https:\/\/radiorevelacionfm.cl\/index.php?rest_route=\/wp\/v2\/posts"}],"about":[{"href":"https:\/\/radiorevelacionfm.cl\/index.php?rest_route=\/wp\/v2\/types\/post"}],"author":[{"embeddable":true,"href":"https:\/\/radiorevelacionfm.cl\/index.php?rest_route=\/wp\/v2\/users\/1"}],"replies":[{"embeddable":true,"href":"https:\/\/radiorevelacionfm.cl\/index.php?rest_route=%2Fwp%2Fv2%2Fcomments&post=33702"}],"version-history":[{"count":1,"href":"https:\/\/radiorevelacionfm.cl\/index.php?rest_route=\/wp\/v2\/posts\/33702\/revisions"}],"predecessor-version":[{"id":33704,"href":"https:\/\/radiorevelacionfm.cl\/index.php?rest_route=\/wp\/v2\/posts\/33702\/revisions\/33704"}],"wp:featuredmedia":[{"embeddable":true,"href":"https:\/\/radiorevelacionfm.cl\/index.php?rest_route=\/wp\/v2\/media\/33703"}],"wp:attachment":[{"href":"https:\/\/radiorevelacionfm.cl\/index.php?rest_route=%2Fwp%2Fv2%2Fmedia&parent=33702"}],"wp:term":[{"taxonomy":"category","embeddable":true,"href":"https:\/\/radiorevelacionfm.cl\/index.php?rest_route=%2Fwp%2Fv2%2Fcategories&post=33702"},{"taxonomy":"post_tag","embeddable":true,"href":"https:\/\/radiorevelacionfm.cl\/index.php?rest_route=%2Fwp%2Fv2%2Ftags&post=33702"}],"curies":[{"name":"wp","href":"https:\/\/api.w.org\/{rel}","templated":true}]}}