{"id":33697,"date":"2023-08-08T23:32:44","date_gmt":"2023-08-09T02:32:44","guid":{"rendered":"https:\/\/radiorevelacionfm.cl\/?p=33697"},"modified":"2023-08-08T23:32:44","modified_gmt":"2023-08-09T02:32:44","slug":"invitan-a-participar-de-seminario-en-construccion-y-calidad-del-aire","status":"publish","type":"post","link":"https:\/\/radiorevelacionfm.cl\/?p=33697","title":{"rendered":"Invitan a participar de Seminario en construcci\u00f3n y calidad del aire"},"content":{"rendered":"<div class=\"flex_column av_one_full  flex_column_div av-zero-column-padding first  avia-builder-el-0  el_before_av_one_full  avia-builder-el-first  \" style='border-radius:0px; '><div  class='avia-image-container  av-styling-    avia-builder-el-1  avia-builder-el-no-sibling  avia-align-center '  itemprop=\"image\" itemscope=\"itemscope\" itemtype=\"https:\/\/schema.org\/ImageObject\"  ><div class='avia-image-container-inner'><div class='avia-image-overlay-wrap'><img decoding=\"async\" class='wp-image-33699 avia-img-lazy-loading-not-33699 avia_image' src=\"https:\/\/radiorevelacionfm.cl\/wp-content\/uploads\/2023\/08\/seminario_aysen_3-1-1_optimized-1.jpg\" alt='' title='seminario_aysen_3-(1)-(1)_optimized (1)' height=\"600\" width=\"1080\"  itemprop=\"thumbnailUrl\" srcset=\"https:\/\/radiorevelacionfm.cl\/wp-content\/uploads\/2023\/08\/seminario_aysen_3-1-1_optimized-1.jpg 1080w, https:\/\/radiorevelacionfm.cl\/wp-content\/uploads\/2023\/08\/seminario_aysen_3-1-1_optimized-1-300x167.jpg 300w, https:\/\/radiorevelacionfm.cl\/wp-content\/uploads\/2023\/08\/seminario_aysen_3-1-1_optimized-1-1030x572.jpg 1030w, https:\/\/radiorevelacionfm.cl\/wp-content\/uploads\/2023\/08\/seminario_aysen_3-1-1_optimized-1-768x427.jpg 768w, https:\/\/radiorevelacionfm.cl\/wp-content\/uploads\/2023\/08\/seminario_aysen_3-1-1_optimized-1-705x392.jpg 705w, https:\/\/radiorevelacionfm.cl\/wp-content\/uploads\/2023\/08\/seminario_aysen_3-1-1_optimized-1-450x250.jpg 450w, https:\/\/radiorevelacionfm.cl\/wp-content\/uploads\/2023\/08\/seminario_aysen_3-1-1_optimized-1-600x333.jpg 600w\" sizes=\"(max-width: 1080px) 100vw, 1080px\" \/><\/div><\/div><\/div><\/div><div class=\"flex_column av_one_full  flex_column_div av-zero-column-padding first  avia-builder-el-2  el_after_av_one_full  el_before_av_one_full  column-top-margin\" style='border-radius:0px; '><section class=\"av_textblock_section \"  itemscope=\"itemscope\" itemtype=\"https:\/\/schema.org\/BlogPosting\" itemprop=\"blogPost\" ><div class='avia_textblock  '   itemprop=\"text\" ><p style=\"text-align: center;\"><strong><span style=\"font-size: 18pt;\">Invitan a participar de Seminario en construcci\u00f3n y calidad del aire<\/span><\/strong><\/p>\n<div id=\"gtx-trans\" style=\"position: absolute; left: -50px; top: 4.31534px;\">\n<div class=\"gtx-trans-icon\"><\/div>\n<\/div>\n<\/div><\/section><\/div><div class=\"flex_column av_one_full  flex_column_div av-zero-column-padding first  avia-builder-el-4  el_after_av_one_full  el_before_av_hr  column-top-margin\" style='border-radius:0px; '><section class=\"av_textblock_section \"  itemscope=\"itemscope\" itemtype=\"https:\/\/schema.org\/BlogPosting\" itemprop=\"blogPost\" ><div class='avia_textblock  '   itemprop=\"text\" ><p style=\"text-align: justify;\">Para este jueves est\u00e1 planificado el Seminario: \u201cEnerg\u00eda en la Construcci\u00f3n, c\u00f3mo Impacta en la Calidad del Aire\u201d; iniciativa organizada por la SEREMI del Medio Ambiente y que busca entregar nuevas herramientas al sector de la construcci\u00f3n y comunidad en general, para una mejor calidad del aire.<\/p>\n<p style=\"text-align: justify;\">El Plan de Descontaminaci\u00f3n Atmosf\u00e9rica de Coyhaique PDA, indica la difusi\u00f3n educaci\u00f3n y promoci\u00f3n del mejoramiento t\u00e9rmico y est\u00e1ndar PDA para las viviendas en la zona saturada, por cuanto la actividad se suma al extenso trabajo realizado con diversos grupos de la sociedad en materia de aislaci\u00f3n de viviendas; sin embargo, la actividad quiere apuntar adem\u00e1s a mostrar nuevas soluciones para la calidad del aire desde la construcci\u00f3n, \u201chay un mundo de soluciones, proyectos e iniciativas innovadoras que tambi\u00e9n pueden aportar a este proceso y que queremos compartir con la comunidad aysenina, con sus constructores, emprendedores y empresarios, para dise\u00f1ar juntos una nueva forma de habitar y respirar nuestra regi\u00f3n\u201d, explic\u00f3 el SEREMI del Medio Ambiente, Yoal D\u00edaz, extendiendo la invitaci\u00f3n a todo quien quiera sumarse a aprender y dialogar.<\/p>\n<p style=\"text-align: justify;\">La jornada contar\u00e1 con las exposiciones de la acad\u00e9mica del Instituto de Arquitectura y Urbanismo de la Universidad Austral de Chile, Alejandra Schueftan; el profesional encargado de cambio clim\u00e1tico de la SEREMI del Medio Ambiente, Nicol\u00e1s Smith; y el SEREMI de Energ\u00eda, Carlos D\u00edaz, quienes explorar\u00e1n experiencias como la calefacci\u00f3n distrital, eficiencia energ\u00e9tica y fortalecimiento del sistema el\u00e9ctrico.<\/p>\n<p style=\"text-align: justify;\">La actividad est\u00e1 abierta al p\u00fablico en general, con \u00e9nfasis en las empresas constructoras, inmobiliarias, entidades patrocinantes, servicios p\u00fablicos y el comit\u00e9 regional de construcci\u00f3n sustentable, para lo que no es necesario inscripci\u00f3n previa.<\/p>\n<p style=\"text-align: justify;\">El evento se\u00a0 llevar\u00e1 a cabo el jueves 10 de agosto a las 15:00 horas en el auditorio de la C\u00e1mara Chilena de la Construcci\u00f3n, ubicado en calle Magallanes N\u00b0232, Para quienes no puedan asistir presencialmente, podr\u00e1n seguir la jornada a trav\u00e9s de la transmisi\u00f3n streaming en el fan page de la SEREMI del Medio Ambiente <a href=\"http:\/\/www.facebook.com\/seremimma11\">www.facebook.com\/seremimma11<\/a> .<\/p>\n<\/div><\/section><\/div><div  style='height:50px' class='hr hr-invisible   avia-builder-el-6  el_after_av_one_full  el_before_av_social_share '><span class='hr-inner ' ><span class='hr-inner-style'><\/span><\/span><\/div><\/p>\n<div  class='av-social-sharing-box  avia-builder-el-7  el_after_av_hr  el_before_av_hr  '><div class='av-share-box'><h5 class='av-share-link-description av-no-toc '>Compartir esta noticia<\/h5><ul class='av-share-box-list noLightbox'><li class='av-share-link av-social-link-facebook' ><a target=\"_blank\" aria-label=\"Compartir en Facebook\" href='https:\/\/www.facebook.com\/sharer.php?u=https:\/\/radiorevelacionfm.cl\/?p=33697&#038;t=Invitan%20a%20participar%20de%20Seminario%20en%20construcci%C3%B3n%20y%20calidad%20del%20aire' aria-hidden='false' data-av_icon='\ue8f3' data-av_iconfont='entypo-fontello' title='' data-avia-related-tooltip='Compartir en Facebook' rel=\"noopener\"><span class='avia_hidden_link_text'>Compartir en Facebook<\/span><\/a><\/li><li class='av-share-link av-social-link-twitter' ><a target=\"_blank\" aria-label=\"Compartir en Twitter\" href='https:\/\/twitter.com\/share?text=Invitan%20a%20participar%20de%20Seminario%20en%20construcci%C3%B3n%20y%20calidad%20del%20aire&#038;url=https:\/\/radiorevelacionfm.cl\/?p=33697' aria-hidden='false' data-av_icon='\ue8f1' data-av_iconfont='entypo-fontello' title='' data-avia-related-tooltip='Compartir en Twitter' rel=\"noopener\"><span class='avia_hidden_link_text'>Compartir en Twitter<\/span><\/a><\/li><li class='av-share-link av-social-link-whatsapp' ><a target=\"_blank\" aria-label=\"Compartir en Whatsapp\" href='https:\/\/api.whatsapp.com\/send?text=https:\/\/radiorevelacionfm.cl\/?p=33697' aria-hidden='false' data-av_icon='\uf232' data-av_iconfont='entypo-fontello' title='' data-avia-related-tooltip='Compartir en Whatsapp' rel=\"noopener\"><span class='avia_hidden_link_text'>Compartir en Whatsapp<\/span><\/a><\/li><li class='av-share-link av-social-link-linkedin' ><a target=\"_blank\" aria-label=\"Compartir en LinkedIn\" href='https:\/\/linkedin.com\/shareArticle?mini=true&#038;title=Invitan%20a%20participar%20de%20Seminario%20en%20construcci%C3%B3n%20y%20calidad%20del%20aire&#038;url=https:\/\/radiorevelacionfm.cl\/?p=33697' aria-hidden='false' data-av_icon='\ue8fc' data-av_iconfont='entypo-fontello' title='' data-avia-related-tooltip='Compartir en LinkedIn' rel=\"noopener\"><span class='avia_hidden_link_text'>Compartir en LinkedIn<\/span><\/a><\/li><li class='av-share-link av-social-link-mail' ><a  aria-label=\"Compartir por correo\" href='mailto:?subject=Invitan%20a%20participar%20de%20Seminario%20en%20construcci%C3%B3n%20y%20calidad%20del%20aire&#038;body=https:\/\/radiorevelacionfm.cl\/?p=33697' aria-hidden='false' data-av_icon='\ue805' data-av_iconfont='entypo-fontello' title='' data-avia-related-tooltip='Compartir por correo'><span class='avia_hidden_link_text'>Compartir por correo<\/span><\/a><\/li><\/ul><\/div><\/div>\n<div  style='height:50px' class='hr hr-invisible   avia-builder-el-8  el_after_av_social_share  el_before_av_comments_list '><span class='hr-inner ' ><span class='hr-inner-style'><\/span><\/span><\/div>\n<div  class='av-buildercomment  av-blog-meta-html-info-disabled av-blog-meta-tag-disabled  '><\/div>\n","protected":false},"excerpt":{"rendered":"","protected":false},"author":1,"featured_media":33699,"comment_status":"open","ping_status":"open","sticky":false,"template":"","format":"standard","meta":{"footnotes":""},"categories":[39],"tags":[],"class_list":["post-33697","post","type-post","status-publish","format-standard","has-post-thumbnail","hentry","category-medio-ambiente"],"jetpack_featured_media_url":"https:\/\/radiorevelacionfm.cl\/wp-content\/uploads\/2023\/08\/seminario_aysen_3-1-1_optimized-1.jpg","_links":{"self":[{"href":"https:\/\/radiorevelacionfm.cl\/index.php?rest_route=\/wp\/v2\/posts\/33697","targetHints":{"allow":["GET"]}}],"collection":[{"href":"https:\/\/radiorevelacionfm.cl\/index.php?rest_route=\/wp\/v2\/posts"}],"about":[{"href":"https:\/\/radiorevelacionfm.cl\/index.php?rest_route=\/wp\/v2\/types\/post"}],"author":[{"embeddable":true,"href":"https:\/\/radiorevelacionfm.cl\/index.php?rest_route=\/wp\/v2\/users\/1"}],"replies":[{"embeddable":true,"href":"https:\/\/radiorevelacionfm.cl\/index.php?rest_route=%2Fwp%2Fv2%2Fcomments&post=33697"}],"version-history":[{"count":1,"href":"https:\/\/radiorevelacionfm.cl\/index.php?rest_route=\/wp\/v2\/posts\/33697\/revisions"}],"predecessor-version":[{"id":33700,"href":"https:\/\/radiorevelacionfm.cl\/index.php?rest_route=\/wp\/v2\/posts\/33697\/revisions\/33700"}],"wp:featuredmedia":[{"embeddable":true,"href":"https:\/\/radiorevelacionfm.cl\/index.php?rest_route=\/wp\/v2\/media\/33699"}],"wp:attachment":[{"href":"https:\/\/radiorevelacionfm.cl\/index.php?rest_route=%2Fwp%2Fv2%2Fmedia&parent=33697"}],"wp:term":[{"taxonomy":"category","embeddable":true,"href":"https:\/\/radiorevelacionfm.cl\/index.php?rest_route=%2Fwp%2Fv2%2Fcategories&post=33697"},{"taxonomy":"post_tag","embeddable":true,"href":"https:\/\/radiorevelacionfm.cl\/index.php?rest_route=%2Fwp%2Fv2%2Ftags&post=33697"}],"curies":[{"name":"wp","href":"https:\/\/api.w.org\/{rel}","templated":true}]}}