{"id":33694,"date":"2023-08-07T19:15:00","date_gmt":"2023-08-07T22:15:00","guid":{"rendered":"https:\/\/radiorevelacionfm.cl\/?p=33694"},"modified":"2023-08-07T19:15:00","modified_gmt":"2023-08-07T22:15:00","slug":"retorna-barcaza-padre-antonio-ronchi-a-subsidio-maritimo-de-fiordo-mitchell","status":"publish","type":"post","link":"https:\/\/radiorevelacionfm.cl\/?p=33694","title":{"rendered":"Retorna barcaza Padre Antonio Ronchi a subsidio mar\u00edtimo de Fiordo Mitchell"},"content":{"rendered":"<div class=\"flex_column av_one_full  flex_column_div av-zero-column-padding first  avia-builder-el-0  el_before_av_one_full  avia-builder-el-first  \" style='border-radius:0px; '><div  class='avia-image-container  av-styling-    avia-builder-el-1  avia-builder-el-no-sibling  avia-align-center '  itemprop=\"image\" itemscope=\"itemscope\" itemtype=\"https:\/\/schema.org\/ImageObject\"  ><div class='avia-image-container-inner'><div class='avia-image-overlay-wrap'><img decoding=\"async\" class='wp-image-33695 avia-img-lazy-loading-not-33695 avia_image' src=\"https:\/\/radiorevelacionfm.cl\/wp-content\/uploads\/2023\/08\/dsc_0557-1_optimized.jpg\" alt='' title='dsc_0557-(1)_optimized' height=\"600\" width=\"902\"  itemprop=\"thumbnailUrl\" srcset=\"https:\/\/radiorevelacionfm.cl\/wp-content\/uploads\/2023\/08\/dsc_0557-1_optimized.jpg 902w, https:\/\/radiorevelacionfm.cl\/wp-content\/uploads\/2023\/08\/dsc_0557-1_optimized-300x200.jpg 300w, https:\/\/radiorevelacionfm.cl\/wp-content\/uploads\/2023\/08\/dsc_0557-1_optimized-768x511.jpg 768w, https:\/\/radiorevelacionfm.cl\/wp-content\/uploads\/2023\/08\/dsc_0557-1_optimized-705x469.jpg 705w, https:\/\/radiorevelacionfm.cl\/wp-content\/uploads\/2023\/08\/dsc_0557-1_optimized-450x299.jpg 450w, https:\/\/radiorevelacionfm.cl\/wp-content\/uploads\/2023\/08\/dsc_0557-1_optimized-600x399.jpg 600w\" sizes=\"(max-width: 902px) 100vw, 902px\" \/><\/div><\/div><\/div><\/div><div class=\"flex_column av_one_full  flex_column_div av-zero-column-padding first  avia-builder-el-2  el_after_av_one_full  el_before_av_one_full  column-top-margin\" style='border-radius:0px; '><section class=\"av_textblock_section \"  itemscope=\"itemscope\" itemtype=\"https:\/\/schema.org\/BlogPosting\" itemprop=\"blogPost\" ><div class='avia_textblock  '   itemprop=\"text\" ><p style=\"text-align: center;\"><strong><span style=\"font-size: 18pt;\">Retorna barcaza Padre Antonio Ronchi a subsidio mar\u00edtimo de Fiordo Mitchell<\/span><\/strong><\/p>\n<div id=\"gtx-trans\" style=\"position: absolute; left: -50px; top: 4.31534px;\">\n<div class=\"gtx-trans-icon\"><\/div>\n<\/div>\n<\/div><\/section><\/div><div class=\"flex_column av_one_full  flex_column_div av-zero-column-padding first  avia-builder-el-4  el_after_av_one_full  el_before_av_hr  column-top-margin\" style='border-radius:0px; '><section class=\"av_textblock_section \"  itemscope=\"itemscope\" itemtype=\"https:\/\/schema.org\/BlogPosting\" itemprop=\"blogPost\" ><div class='avia_textblock  '   itemprop=\"text\" ><p style=\"text-align: justify;\">Luego de cumplir las faenas de carena exigidas por la autoridad mar\u00edtima, este 8 de agosto la embarcaci\u00f3n retomar\u00e1 sus viajes, claves para la conectividad de la comuna de O\u2019Higgins.<\/p>\n<p style=\"text-align: justify;\">A fin de garantizar su buen funcionamiento y luego de cumplir las necesarias labores de mantenimiento conocidas como carena, la nave Padre Antonio Ronchi retomar\u00e1 este 8 de agosto la funci\u00f3n de conectar a trav\u00e9s del Fiordo Mitchell, a Puerto Yungay con R\u00edo Bravo; en la \u00fanica v\u00eda de transporte p\u00fablico para acceder a la comuna de O\u2019Higgins.<\/p>\n<p style=\"text-align: justify;\">Las obras, que se realizaron en el astillero Ascon de Puerto Montt, \u00a0incluyeron la reparaci\u00f3n de la rampa de proa, obras en las l\u00edneas de propulsi\u00f3n, el sistema de gobierno, faenas en los motores principales y motores generadores, entre otras. En el transcurso de la carena, la barcaza Caleman II reemplaz\u00f3 a la nave titular en sus viajes.<\/p>\n<p style=\"text-align: justify;\">\u201cA partir de este martes una de las naves emblem\u00e1ticas de la conectividad mar\u00edtima de Ays\u00e9n, vuelve a operar y con ello a cumplir con el rol clave de entregar movilidad a los habitantes y llevar el abastecimiento hacia la comuna de O\u00b4Higgins. Esta carena reglamentaria incluye muchas obras de precisi\u00f3n que permitir\u00e1n que los habitantes de esta zona cuenten con la tranquilidad para realizar sus viajes. La direcci\u00f3n de Obras Portuarias del MOP monitore\u00f3 el proceso, para que el Ministerio de Transportes y Telecomunicaciones subvencione esta conectividad\u201d indic\u00f3 el seremiTT (s) Carlos D\u00edaz.<\/p>\n<p style=\"text-align: justify;\">El transbordador, con capacidad para 40 pasajeros y 60 metros lineales de carga, cumplir\u00e1 con los horarios habituales, saliendo \u00a0desde Puerto Yungay a las\u00a0 12 y 16 horas y retornando desde R\u00edo Bravo a las \u00a013 y 17 horas.<\/p>\n<div style=\"text-align: justify;\"><\/div>\n<\/div><\/section><\/div><div  style='height:50px' class='hr hr-invisible   avia-builder-el-6  el_after_av_one_full  el_before_av_social_share '><span class='hr-inner ' ><span class='hr-inner-style'><\/span><\/span><\/div><\/p>\n<div  class='av-social-sharing-box  avia-builder-el-7  el_after_av_hr  el_before_av_hr  '><div class='av-share-box'><h5 class='av-share-link-description av-no-toc '>Compartir esta noticia<\/h5><ul class='av-share-box-list noLightbox'><li class='av-share-link av-social-link-facebook' ><a target=\"_blank\" aria-label=\"Compartir en Facebook\" href='https:\/\/www.facebook.com\/sharer.php?u=https:\/\/radiorevelacionfm.cl\/?p=33694&#038;t=Retorna%20barcaza%20Padre%20Antonio%20Ronchi%20a%20subsidio%20mar%C3%ADtimo%20de%20Fiordo%20Mitchell' aria-hidden='false' data-av_icon='\ue8f3' data-av_iconfont='entypo-fontello' title='' data-avia-related-tooltip='Compartir en Facebook' rel=\"noopener\"><span class='avia_hidden_link_text'>Compartir en Facebook<\/span><\/a><\/li><li class='av-share-link av-social-link-twitter' ><a target=\"_blank\" aria-label=\"Compartir en Twitter\" href='https:\/\/twitter.com\/share?text=Retorna%20barcaza%20Padre%20Antonio%20Ronchi%20a%20subsidio%20mar%C3%ADtimo%20de%20Fiordo%20Mitchell&#038;url=https:\/\/radiorevelacionfm.cl\/?p=33694' aria-hidden='false' data-av_icon='\ue8f1' data-av_iconfont='entypo-fontello' title='' data-avia-related-tooltip='Compartir en Twitter' rel=\"noopener\"><span class='avia_hidden_link_text'>Compartir en Twitter<\/span><\/a><\/li><li class='av-share-link av-social-link-whatsapp' ><a target=\"_blank\" aria-label=\"Compartir en Whatsapp\" href='https:\/\/api.whatsapp.com\/send?text=https:\/\/radiorevelacionfm.cl\/?p=33694' aria-hidden='false' data-av_icon='\uf232' data-av_iconfont='entypo-fontello' title='' data-avia-related-tooltip='Compartir en Whatsapp' rel=\"noopener\"><span class='avia_hidden_link_text'>Compartir en Whatsapp<\/span><\/a><\/li><li class='av-share-link av-social-link-linkedin' ><a target=\"_blank\" aria-label=\"Compartir en LinkedIn\" href='https:\/\/linkedin.com\/shareArticle?mini=true&#038;title=Retorna%20barcaza%20Padre%20Antonio%20Ronchi%20a%20subsidio%20mar%C3%ADtimo%20de%20Fiordo%20Mitchell&#038;url=https:\/\/radiorevelacionfm.cl\/?p=33694' aria-hidden='false' data-av_icon='\ue8fc' data-av_iconfont='entypo-fontello' title='' data-avia-related-tooltip='Compartir en LinkedIn' rel=\"noopener\"><span class='avia_hidden_link_text'>Compartir en LinkedIn<\/span><\/a><\/li><li class='av-share-link av-social-link-mail' ><a  aria-label=\"Compartir por correo\" href='mailto:?subject=Retorna%20barcaza%20Padre%20Antonio%20Ronchi%20a%20subsidio%20mar%C3%ADtimo%20de%20Fiordo%20Mitchell&#038;body=https:\/\/radiorevelacionfm.cl\/?p=33694' aria-hidden='false' data-av_icon='\ue805' data-av_iconfont='entypo-fontello' title='' data-avia-related-tooltip='Compartir por correo'><span class='avia_hidden_link_text'>Compartir por correo<\/span><\/a><\/li><\/ul><\/div><\/div>\n<div  style='height:50px' class='hr hr-invisible   avia-builder-el-8  el_after_av_social_share  el_before_av_comments_list '><span class='hr-inner ' ><span class='hr-inner-style'><\/span><\/span><\/div>\n<div  class='av-buildercomment  av-blog-meta-html-info-disabled av-blog-meta-tag-disabled  '><\/div>\n","protected":false},"excerpt":{"rendered":"","protected":false},"author":1,"featured_media":33695,"comment_status":"open","ping_status":"open","sticky":false,"template":"","format":"standard","meta":{"footnotes":""},"categories":[38],"tags":[],"class_list":["post-33694","post","type-post","status-publish","format-standard","has-post-thumbnail","hentry","category-regional"],"jetpack_featured_media_url":"https:\/\/radiorevelacionfm.cl\/wp-content\/uploads\/2023\/08\/dsc_0557-1_optimized.jpg","_links":{"self":[{"href":"https:\/\/radiorevelacionfm.cl\/index.php?rest_route=\/wp\/v2\/posts\/33694","targetHints":{"allow":["GET"]}}],"collection":[{"href":"https:\/\/radiorevelacionfm.cl\/index.php?rest_route=\/wp\/v2\/posts"}],"about":[{"href":"https:\/\/radiorevelacionfm.cl\/index.php?rest_route=\/wp\/v2\/types\/post"}],"author":[{"embeddable":true,"href":"https:\/\/radiorevelacionfm.cl\/index.php?rest_route=\/wp\/v2\/users\/1"}],"replies":[{"embeddable":true,"href":"https:\/\/radiorevelacionfm.cl\/index.php?rest_route=%2Fwp%2Fv2%2Fcomments&post=33694"}],"version-history":[{"count":1,"href":"https:\/\/radiorevelacionfm.cl\/index.php?rest_route=\/wp\/v2\/posts\/33694\/revisions"}],"predecessor-version":[{"id":33696,"href":"https:\/\/radiorevelacionfm.cl\/index.php?rest_route=\/wp\/v2\/posts\/33694\/revisions\/33696"}],"wp:featuredmedia":[{"embeddable":true,"href":"https:\/\/radiorevelacionfm.cl\/index.php?rest_route=\/wp\/v2\/media\/33695"}],"wp:attachment":[{"href":"https:\/\/radiorevelacionfm.cl\/index.php?rest_route=%2Fwp%2Fv2%2Fmedia&parent=33694"}],"wp:term":[{"taxonomy":"category","embeddable":true,"href":"https:\/\/radiorevelacionfm.cl\/index.php?rest_route=%2Fwp%2Fv2%2Fcategories&post=33694"},{"taxonomy":"post_tag","embeddable":true,"href":"https:\/\/radiorevelacionfm.cl\/index.php?rest_route=%2Fwp%2Fv2%2Ftags&post=33694"}],"curies":[{"name":"wp","href":"https:\/\/api.w.org\/{rel}","templated":true}]}}