{"id":33691,"date":"2023-08-07T20:32:10","date_gmt":"2023-08-07T23:32:10","guid":{"rendered":"https:\/\/radiorevelacionfm.cl\/?p=33691"},"modified":"2023-08-19T20:32:33","modified_gmt":"2023-08-19T23:32:33","slug":"agrupacion-de-ddhh-de-coyhaique-inicio-actividades-en-conmemoracion-de-los-50-anos-del-golpe-de-estado","status":"publish","type":"post","link":"https:\/\/radiorevelacionfm.cl\/?p=33691","title":{"rendered":"Agrupaci\u00f3n de DDHH de Coyhaique inici\u00f3 actividades en conmemoraci\u00f3n de los 50 a\u00f1os del Golpe de Estado"},"content":{"rendered":"<div class=\"flex_column av_one_full  flex_column_div av-zero-column-padding first  avia-builder-el-0  el_before_av_one_full  avia-builder-el-first  \" style='border-radius:0px; '><div  class='avia-image-container  av-styling-    avia-builder-el-1  avia-builder-el-no-sibling  avia-align-center '  itemprop=\"image\" itemscope=\"itemscope\" itemtype=\"https:\/\/schema.org\/ImageObject\"  ><div class='avia-image-container-inner'><div class='avia-image-overlay-wrap'><img decoding=\"async\" class='wp-image-33692 avia-img-lazy-loading-not-33692 avia_image' src=\"https:\/\/radiorevelacionfm.cl\/wp-content\/uploads\/2023\/08\/jornada-ddhh-5-1_optimized.jpg\" alt='' title='jornada-ddhh--(5)-(1)_optimized' height=\"600\" width=\"900\"  itemprop=\"thumbnailUrl\" srcset=\"https:\/\/radiorevelacionfm.cl\/wp-content\/uploads\/2023\/08\/jornada-ddhh-5-1_optimized.jpg 900w, https:\/\/radiorevelacionfm.cl\/wp-content\/uploads\/2023\/08\/jornada-ddhh-5-1_optimized-300x200.jpg 300w, https:\/\/radiorevelacionfm.cl\/wp-content\/uploads\/2023\/08\/jornada-ddhh-5-1_optimized-768x512.jpg 768w, https:\/\/radiorevelacionfm.cl\/wp-content\/uploads\/2023\/08\/jornada-ddhh-5-1_optimized-705x470.jpg 705w, https:\/\/radiorevelacionfm.cl\/wp-content\/uploads\/2023\/08\/jornada-ddhh-5-1_optimized-450x300.jpg 450w, https:\/\/radiorevelacionfm.cl\/wp-content\/uploads\/2023\/08\/jornada-ddhh-5-1_optimized-600x400.jpg 600w\" sizes=\"(max-width: 900px) 100vw, 900px\" \/><\/div><\/div><\/div><\/div><div class=\"flex_column av_one_full  flex_column_div av-zero-column-padding first  avia-builder-el-2  el_after_av_one_full  el_before_av_one_full  column-top-margin\" style='border-radius:0px; '><section class=\"av_textblock_section \"  itemscope=\"itemscope\" itemtype=\"https:\/\/schema.org\/BlogPosting\" itemprop=\"blogPost\" ><div class='avia_textblock  '   itemprop=\"text\" ><p style=\"text-align: center;\"><strong><span style=\"font-size: 18pt;\">Agrupaci\u00f3n de DDHH de Coyhaique inici\u00f3 actividades en conmemoraci\u00f3n de los 50 a\u00f1os del Golpe de Estado<\/span><\/strong><\/p>\n<div id=\"gtx-trans\" style=\"position: absolute; left: -50px; top: 4.31534px;\">\n<div class=\"gtx-trans-icon\"><\/div>\n<\/div>\n<\/div><\/section><\/div><div class=\"flex_column av_one_full  flex_column_div av-zero-column-padding first  avia-builder-el-4  el_after_av_one_full  el_before_av_hr  column-top-margin\" style='border-radius:0px; '><section class=\"av_textblock_section \"  itemscope=\"itemscope\" itemtype=\"https:\/\/schema.org\/BlogPosting\" itemprop=\"blogPost\" ><div class='avia_textblock  '   itemprop=\"text\" ><p style=\"text-align: justify;\">En el sitio de memoria Segundo Cuartel de Carabineros de Puerto Ays\u00e9n tuvo lugar este s\u00e1bado la primera Jornada de Formaci\u00f3n Local de Monitores de Derechos Humanos, actividad que dio inicio al programa de conmemoraci\u00f3n por los 50 a\u00f1os del Golpe de Estado c\u00edvico-militar, que est\u00e1 desarrollando en la zona la Agrupaci\u00f3n de Derechos Humanos de Coyhaique.<\/p>\n<p style=\"text-align: justify;\">\u201cFue una jornada muy emotiva, educativa, de reflexi\u00f3n y de di\u00e1logo dirigida y acompa\u00f1ada por la profesora Sandra Pi\u00f1eiro, que le permiti\u00f3 a todos los participantes conocer el sitio de memoria, empaparse de lo que ah\u00ed sucedi\u00f3 y reforzar conocimientos en pro de la memoria y los derechos humanos\u201d, destac\u00f3 la presidenta de la Agrupaci\u00f3n de DDHH de Coyhaique, Mar\u00eda Vera Vera.<\/p>\n<p style=\"text-align: justify;\">El objetivo de la jornada fue vincular a la comunidad con este lugar y tambi\u00e9n promover la apropiaci\u00f3n por parte de las nuevas generaciones de la historia infame ocurrida all\u00ed. La instancia convoc\u00f3 a m\u00e1s de 20 personas de todas edades, provenientes de Villa Ma\u00f1ihuales, Puerto Ays\u00e9n, Coyhaique y Valle Simpson, quienes se prepararon y certificaron para acompa\u00f1ar las visitas y recorridos de las personas que lleguen al lugar hist\u00f3rico, de detenciones, tortura y muerte, hoy sitio de memoria.<\/p>\n<p style=\"text-align: justify;\">De hecho, fueron integrantes de la Agrupaci\u00f3n de DDHH de Coyhaique quienes presentaron en 2017, el expediente para alcanzar la categor\u00eda de Sitio de Memoria del\u00a0 2do Cuartel de Carabineros de Puerto Ays\u00e9n,\u00a0 as\u00ed la Agrupaci\u00f3n tiene un compromiso moral para que este monumento hist\u00f3rico se transforme en un lugar de promoci\u00f3n de los derechos humanos y la dignidad humana en su m\u00e1s amplio sentido.<\/p>\n<p style=\"text-align: justify;\">Mar\u00eda Vera agreg\u00f3 que \u201ccomo agrupaci\u00f3n, estamos muy satisfechos, es gratificante la respuesta a esta convocatoria abierta que realizamos, todos manifestaron su satisfacci\u00f3n de estar en ese lugar, de conocer a las personas v\u00edctimas del lugar, a familiares de qui\u00e9nes estuvieron detenidas ah\u00ed y compartir esas experiencias\u201d.<\/p>\n<p style=\"text-align: justify;\"><b>MEMORIA VERSUS NEGACIONISMO<\/b><\/p>\n<p style=\"text-align: justify;\">Sandra Pi\u00f1eiro Fuenzalida, investigadora en Memoria y DDHH, coment\u00f3 los aspectos principales de la jornada realizada que encabez\u00f3 junto a los participantes.<\/p>\n<p style=\"text-align: justify;\">\u201cTuvimos la oportunidad de compartir, particularmente, de colaborar en forma voluntaria, algunos aspectos te\u00f3ricos de las pr\u00e1cticas de memoria y la pedagog\u00eda de la memoria para poder tener claridades en el enfoque y tratamiento de las visitas guiadas que se realizar\u00e1n en el segundo cuartel de Carabineros, hoy un Sitio de Memoria\u201d.<\/p>\n<p style=\"text-align: justify;\">En el mismo sentido, la investigadora resalt\u00f3 lo valioso de la jornada donde participaron diferentes generaciones con diferentes profesiones, \u201cun di\u00e1logo muy enriquecedor donde pudimos profundizar y constatar c\u00f3mo la memoria es un componente para las garant\u00edas de no repetici\u00f3n, la importancia del relato, del habla, del escucha y el rol que cumplen los relatos para (evitar) el negacionismo\u201d.<\/p>\n<p style=\"text-align: justify;\">Pi\u00f1eiro concluy\u00f3 que se debe dimensionar que la memoria es parte del desarrollo humano y por tanto \u201ces inevitable recordar el pasado, es una acci\u00f3n fundamental a nivel de cognici\u00f3n, a nivel de armon\u00eda y desarrollo humano para identificar el lugar que uno ocupa socialmente\u201d, y de esa manera con los documentos y antecedentes de la dictadura darle un nuevo sentido que busca reafirmar el \u2018nunca m\u00e1s\u2019.<\/p>\n<p style=\"text-align: justify;\">Esta es la primera de varias jornadas de formaci\u00f3n, asociadas al sitio memoria y es parte de diversos encuentros, exposiciones y actos de memoria del programa de actividades del a\u00f1o que la Agrupaci\u00f3n dar\u00e1 a conocer de manera \u00edntegra en conferencia de prensa este viernes 11. Todas estas actividades cuentan con el aporte, entre otros, de la de la Seremi de las Culturas, las Artes y el Patrimonio de Ays\u00e9n, a trav\u00e9s del proyecto \u201cAys\u00e9n a 50 a\u00f1os del Golpe\u201d.<\/p>\n<\/div><\/section><\/div><div  style='height:50px' class='hr hr-invisible   avia-builder-el-6  el_after_av_one_full  el_before_av_social_share '><span class='hr-inner ' ><span class='hr-inner-style'><\/span><\/span><\/div><\/p>\n<div  class='av-social-sharing-box  avia-builder-el-7  el_after_av_hr  el_before_av_hr  '><div class='av-share-box'><h5 class='av-share-link-description av-no-toc '>Compartir esta noticia<\/h5><ul class='av-share-box-list noLightbox'><li class='av-share-link av-social-link-facebook' ><a target=\"_blank\" aria-label=\"Compartir en Facebook\" href='https:\/\/www.facebook.com\/sharer.php?u=https:\/\/radiorevelacionfm.cl\/?p=33691&#038;t=Agrupaci%C3%B3n%20de%20DDHH%20de%20Coyhaique%20inici%C3%B3%20actividades%20en%20conmemoraci%C3%B3n%20de%20los%2050%20a%C3%B1os%20del%20Golpe%20de%20Estado' aria-hidden='false' data-av_icon='\ue8f3' data-av_iconfont='entypo-fontello' title='' data-avia-related-tooltip='Compartir en Facebook' rel=\"noopener\"><span class='avia_hidden_link_text'>Compartir en Facebook<\/span><\/a><\/li><li class='av-share-link av-social-link-twitter' ><a target=\"_blank\" aria-label=\"Compartir en Twitter\" href='https:\/\/twitter.com\/share?text=Agrupaci%C3%B3n%20de%20DDHH%20de%20Coyhaique%20inici%C3%B3%20actividades%20en%20conmemoraci%C3%B3n%20de%20los%2050%20a%C3%B1os%20del%20Golpe%20de%20Estado&#038;url=https:\/\/radiorevelacionfm.cl\/?p=33691' aria-hidden='false' data-av_icon='\ue8f1' data-av_iconfont='entypo-fontello' title='' data-avia-related-tooltip='Compartir en Twitter' rel=\"noopener\"><span class='avia_hidden_link_text'>Compartir en Twitter<\/span><\/a><\/li><li class='av-share-link av-social-link-whatsapp' ><a target=\"_blank\" aria-label=\"Compartir en Whatsapp\" href='https:\/\/api.whatsapp.com\/send?text=https:\/\/radiorevelacionfm.cl\/?p=33691' aria-hidden='false' data-av_icon='\uf232' data-av_iconfont='entypo-fontello' title='' data-avia-related-tooltip='Compartir en Whatsapp' rel=\"noopener\"><span class='avia_hidden_link_text'>Compartir en Whatsapp<\/span><\/a><\/li><li class='av-share-link av-social-link-linkedin' ><a target=\"_blank\" aria-label=\"Compartir en LinkedIn\" href='https:\/\/linkedin.com\/shareArticle?mini=true&#038;title=Agrupaci%C3%B3n%20de%20DDHH%20de%20Coyhaique%20inici%C3%B3%20actividades%20en%20conmemoraci%C3%B3n%20de%20los%2050%20a%C3%B1os%20del%20Golpe%20de%20Estado&#038;url=https:\/\/radiorevelacionfm.cl\/?p=33691' aria-hidden='false' data-av_icon='\ue8fc' data-av_iconfont='entypo-fontello' title='' data-avia-related-tooltip='Compartir en LinkedIn' rel=\"noopener\"><span class='avia_hidden_link_text'>Compartir en LinkedIn<\/span><\/a><\/li><li class='av-share-link av-social-link-mail' ><a  aria-label=\"Compartir por correo\" href='mailto:?subject=Agrupaci%C3%B3n%20de%20DDHH%20de%20Coyhaique%20inici%C3%B3%20actividades%20en%20conmemoraci%C3%B3n%20de%20los%2050%20a%C3%B1os%20del%20Golpe%20de%20Estado&#038;body=https:\/\/radiorevelacionfm.cl\/?p=33691' aria-hidden='false' data-av_icon='\ue805' data-av_iconfont='entypo-fontello' title='' data-avia-related-tooltip='Compartir por correo'><span class='avia_hidden_link_text'>Compartir por correo<\/span><\/a><\/li><\/ul><\/div><\/div>\n<div  style='height:50px' class='hr hr-invisible   avia-builder-el-8  el_after_av_social_share  el_before_av_comments_list '><span class='hr-inner ' ><span class='hr-inner-style'><\/span><\/span><\/div>\n<div  class='av-buildercomment  av-blog-meta-html-info-disabled av-blog-meta-tag-disabled  '><\/div>\n<\/div><\/div><\/div><!-- close content main div --><\/div><\/div><div id='av_section_1'  class='avia-section main_color avia-section-default avia-no-border-styling  avia-bg-style-scroll  avia-builder-el-10  el_after_av_comments_list  avia-builder-el-last   container_wrap sidebar_right' style=' '  ><div class='container' ><div class='template-page content  av-content-small alpha units'><div class='post-entry post-entry-type-page post-entry-33691'><div class='entry-content-wrapper clearfix'><\/div><\/div><\/div><!-- close content main div --><\/div><\/div><div id='after_section_1'  class='main_color av_default_container_wrap container_wrap sidebar_right' style=' '  ><div class='container' ><div class='template-page content  av-content-small alpha units'><div class='post-entry post-entry-type-page post-entry-33691'><div class='entry-content-wrapper clearfix'>\n","protected":false},"excerpt":{"rendered":"","protected":false},"author":1,"featured_media":33692,"comment_status":"open","ping_status":"open","sticky":false,"template":"","format":"standard","meta":{"footnotes":""},"categories":[38],"tags":[],"class_list":["post-33691","post","type-post","status-publish","format-standard","has-post-thumbnail","hentry","category-regional"],"jetpack_featured_media_url":"https:\/\/radiorevelacionfm.cl\/wp-content\/uploads\/2023\/08\/jornada-ddhh-5-1_optimized.jpg","_links":{"self":[{"href":"https:\/\/radiorevelacionfm.cl\/index.php?rest_route=\/wp\/v2\/posts\/33691","targetHints":{"allow":["GET"]}}],"collection":[{"href":"https:\/\/radiorevelacionfm.cl\/index.php?rest_route=\/wp\/v2\/posts"}],"about":[{"href":"https:\/\/radiorevelacionfm.cl\/index.php?rest_route=\/wp\/v2\/types\/post"}],"author":[{"embeddable":true,"href":"https:\/\/radiorevelacionfm.cl\/index.php?rest_route=\/wp\/v2\/users\/1"}],"replies":[{"embeddable":true,"href":"https:\/\/radiorevelacionfm.cl\/index.php?rest_route=%2Fwp%2Fv2%2Fcomments&post=33691"}],"version-history":[{"count":1,"href":"https:\/\/radiorevelacionfm.cl\/index.php?rest_route=\/wp\/v2\/posts\/33691\/revisions"}],"predecessor-version":[{"id":33693,"href":"https:\/\/radiorevelacionfm.cl\/index.php?rest_route=\/wp\/v2\/posts\/33691\/revisions\/33693"}],"wp:featuredmedia":[{"embeddable":true,"href":"https:\/\/radiorevelacionfm.cl\/index.php?rest_route=\/wp\/v2\/media\/33692"}],"wp:attachment":[{"href":"https:\/\/radiorevelacionfm.cl\/index.php?rest_route=%2Fwp%2Fv2%2Fmedia&parent=33691"}],"wp:term":[{"taxonomy":"category","embeddable":true,"href":"https:\/\/radiorevelacionfm.cl\/index.php?rest_route=%2Fwp%2Fv2%2Fcategories&post=33691"},{"taxonomy":"post_tag","embeddable":true,"href":"https:\/\/radiorevelacionfm.cl\/index.php?rest_route=%2Fwp%2Fv2%2Ftags&post=33691"}],"curies":[{"name":"wp","href":"https:\/\/api.w.org\/{rel}","templated":true}]}}