{"id":33688,"date":"2023-08-08T23:16:27","date_gmt":"2023-08-09T02:16:27","guid":{"rendered":"https:\/\/radiorevelacionfm.cl\/?p=33688"},"modified":"2023-08-08T23:16:27","modified_gmt":"2023-08-09T02:16:27","slug":"firma-de-importante-convenio-entre-la-municipalidad-de-rio-ibanez-y-ciep-permitira-investigacion-y-desarrollo-de-diversas-areas","status":"publish","type":"post","link":"https:\/\/radiorevelacionfm.cl\/?p=33688","title":{"rendered":"Firma de importante convenio entre la Municipalidad de R\u00edo Ib\u00e1\u00f1ez y CIEP permitir\u00e1 investigaci\u00f3n y desarrollo de diversas \u00e1reas"},"content":{"rendered":"<div class=\"flex_column av_one_full  flex_column_div av-zero-column-padding first  avia-builder-el-0  el_before_av_one_full  avia-builder-el-first  \" style='border-radius:0px; '><div  class='avia-image-container  av-styling-    avia-builder-el-1  avia-builder-el-no-sibling  avia-align-center '  itemprop=\"image\" itemscope=\"itemscope\" itemtype=\"https:\/\/schema.org\/ImageObject\"  ><div class='avia-image-container-inner'><div class='avia-image-overlay-wrap'><img decoding=\"async\" class='wp-image-33689 avia-img-lazy-loading-not-33689 avia_image' src=\"https:\/\/radiorevelacionfm.cl\/wp-content\/uploads\/2023\/08\/Foto-nota-convenio-1-1.jpg\" alt='' title='Foto nota convenio (1) (1)' height=\"600\" width=\"800\"  itemprop=\"thumbnailUrl\" srcset=\"https:\/\/radiorevelacionfm.cl\/wp-content\/uploads\/2023\/08\/Foto-nota-convenio-1-1.jpg 800w, https:\/\/radiorevelacionfm.cl\/wp-content\/uploads\/2023\/08\/Foto-nota-convenio-1-1-300x225.jpg 300w, https:\/\/radiorevelacionfm.cl\/wp-content\/uploads\/2023\/08\/Foto-nota-convenio-1-1-768x576.jpg 768w, https:\/\/radiorevelacionfm.cl\/wp-content\/uploads\/2023\/08\/Foto-nota-convenio-1-1-705x529.jpg 705w, https:\/\/radiorevelacionfm.cl\/wp-content\/uploads\/2023\/08\/Foto-nota-convenio-1-1-450x338.jpg 450w, https:\/\/radiorevelacionfm.cl\/wp-content\/uploads\/2023\/08\/Foto-nota-convenio-1-1-600x450.jpg 600w\" sizes=\"(max-width: 800px) 100vw, 800px\" \/><\/div><\/div><\/div><\/div><div class=\"flex_column av_one_full  flex_column_div av-zero-column-padding first  avia-builder-el-2  el_after_av_one_full  el_before_av_one_full  column-top-margin\" style='border-radius:0px; '><section class=\"av_textblock_section \"  itemscope=\"itemscope\" itemtype=\"https:\/\/schema.org\/BlogPosting\" itemprop=\"blogPost\" ><div class='avia_textblock  '   itemprop=\"text\" ><p style=\"text-align: center;\"><strong><span style=\"font-size: 18pt;\">Firma de importante convenio entre la Municipalidad de R\u00edo Ib\u00e1\u00f1ez y CIEP permitir\u00e1 investigaci\u00f3n y desarrollo de diversas \u00e1reas<\/span><\/strong><\/p>\n<div id=\"gtx-trans\" style=\"position: absolute; left: -50px; top: 4.31534px;\">\n<div class=\"gtx-trans-icon\"><\/div>\n<\/div>\n<\/div><\/section><\/div><div class=\"flex_column av_one_full  flex_column_div av-zero-column-padding first  avia-builder-el-4  el_after_av_one_full  el_before_av_hr  column-top-margin\" style='border-radius:0px; '><section class=\"av_textblock_section \"  itemscope=\"itemscope\" itemtype=\"https:\/\/schema.org\/BlogPosting\" itemprop=\"blogPost\" ><div class='avia_textblock  '   itemprop=\"text\" ><p style=\"text-align: justify;\">El pasado jueves 3 de agosto, y en medio del II Encuentro Comunitario BNP Torres del Avellano en Villa Cerro Castillo, se firm\u00f3 un convenio entre la Ilustre Municipalidad de R\u00edo Ib\u00e1\u00f1ez y el Centro de Investigaci\u00f3n en Ecosistemas de la Patagonia, Corporaci\u00f3n Regional de Desarrollo Cooperativo sin fines de lucro, que se dedica a realizar investigaciones, fomentando el traspaso de informaci\u00f3n cient\u00edfica a las personas de la regi\u00f3n, con el fin de mejorar la calidad del conocimiento de los ecosistemas locales, y promover su difusi\u00f3n.<\/p>\n<p style=\"text-align: justify;\">El convenio tiene como objetivo el fortalecimiento de las investigaciones por parte de CIEP en retroalimentaci\u00f3n de la Municipalidad de R\u00edo Ib\u00e1\u00f1ez y las herramientas que pueda entregar, a trav\u00e9s de sus funciones relacionadas con la educaci\u00f3n, la cultura, la capacitaci\u00f3n, la promoci\u00f3n del empleo y el fomento productivo; y el turismo, deporte y recreaci\u00f3n.<\/p>\n<p style=\"text-align: justify;\">Donde, adem\u00e1s, se hizo \u00e9nfasis en tres puntos importantes de colaboraci\u00f3n, el primero en el \u00e1mbito cient\u00edfico, que tiene que ver con la ayuda y supervisi\u00f3n de tesis y otros proyectos de estudiantes y grupos de trabajos asociados al CIEP, vinculados con el quehacer de la Municipalidad de R\u00edo Ib\u00e1\u00f1ez. El segundo punto, se enfoca en la transferencia del conocimiento, poniendo en valor el patrimonio global, la educaci\u00f3n ambiental y el fortalecimiento de la conciencia sobre estas materias en la comunidad de la Regi\u00f3n de Ays\u00e9n. Sumado a la participaci\u00f3n de los funcionarios municipales en la difusi\u00f3n de las investigaciones y la gesti\u00f3n patrimonial, a trav\u00e9s de seminarios, talleres, charlas, entre otros.<\/p>\n<p style=\"text-align: justify;\">El \u00faltimo punto va dirigido a la colaboraci\u00f3n en materia de gesti\u00f3n conjunta en proyectos de investigaci\u00f3n, desarrollo y transferencia que sean de inter\u00e9s mutuo y sirvan a los fines de las respectivas instituciones. Donde ambas partes acuerdan buscar la presentaci\u00f3n y realizaci\u00f3n de proyectos colaborativos que vayan surgiendo de la relaci\u00f3n establecida por este convenio.<\/p>\n<p style=\"text-align: justify;\">Desde el CIEP valoran que se haya dado este convenio, que viene a oficializar un trabajo que viene de hace tiempo, y as\u00ed lo se\u00f1al\u00f3 el Director Ejecutivo (s) de CIEP, C\u00e9sar M\u00e9ndez: <em>\u201cEs una formalizaci\u00f3n de estas relaciones, de una forma que se pueda intercambiar informaci\u00f3n de manera transparente, bilateral, y poder compartir datos que sean tanto de la parte cient\u00edfica, como de la parte territorial, para que ambas instituciones se beneficien de esta instancia de compartir datos.\u201d<\/em><\/p>\n<p style=\"text-align: justify;\">El convenio, que ya entr\u00f3 en vigencia, y que comenz\u00f3 sus efectos desde la fecha de su firma, tendr\u00e1 una duraci\u00f3n de dos a\u00f1os, prorrogables autom\u00e1ticamente por per\u00edodos iguales, salvo que cualquiera de las partes comunique a la otra su decisi\u00f3n de no renovar el Convenio, mediante carta certificada enviada al domicilio de la otra parte.<\/p>\n<\/div><\/section><\/div><div  style='height:50px' class='hr hr-invisible   avia-builder-el-6  el_after_av_one_full  el_before_av_social_share '><span class='hr-inner ' ><span class='hr-inner-style'><\/span><\/span><\/div><\/p>\n<div  class='av-social-sharing-box  avia-builder-el-7  el_after_av_hr  el_before_av_hr  '><div class='av-share-box'><h5 class='av-share-link-description av-no-toc '>Compartir esta noticia<\/h5><ul class='av-share-box-list noLightbox'><li class='av-share-link av-social-link-facebook' ><a target=\"_blank\" aria-label=\"Compartir en Facebook\" href='https:\/\/www.facebook.com\/sharer.php?u=https:\/\/radiorevelacionfm.cl\/?p=33688&#038;t=Firma%20de%20importante%20convenio%20entre%20la%20Municipalidad%20de%20R%C3%ADo%20Ib%C3%A1%C3%B1ez%20y%20CIEP%20permitir%C3%A1%20investigaci%C3%B3n%20y%20desarrollo%20de%20diversas%20%C3%A1reas' aria-hidden='false' data-av_icon='\ue8f3' data-av_iconfont='entypo-fontello' title='' data-avia-related-tooltip='Compartir en Facebook' rel=\"noopener\"><span class='avia_hidden_link_text'>Compartir en Facebook<\/span><\/a><\/li><li class='av-share-link av-social-link-twitter' ><a target=\"_blank\" aria-label=\"Compartir en Twitter\" href='https:\/\/twitter.com\/share?text=Firma%20de%20importante%20convenio%20entre%20la%20Municipalidad%20de%20R%C3%ADo%20Ib%C3%A1%C3%B1ez%20y%20CIEP%20permitir%C3%A1%20investigaci%C3%B3n%20y%20desarrollo%20de%20diversas%20%C3%A1reas&#038;url=https:\/\/radiorevelacionfm.cl\/?p=33688' aria-hidden='false' data-av_icon='\ue8f1' data-av_iconfont='entypo-fontello' title='' data-avia-related-tooltip='Compartir en Twitter' rel=\"noopener\"><span class='avia_hidden_link_text'>Compartir en Twitter<\/span><\/a><\/li><li class='av-share-link av-social-link-whatsapp' ><a target=\"_blank\" aria-label=\"Compartir en Whatsapp\" href='https:\/\/api.whatsapp.com\/send?text=https:\/\/radiorevelacionfm.cl\/?p=33688' aria-hidden='false' data-av_icon='\uf232' data-av_iconfont='entypo-fontello' title='' data-avia-related-tooltip='Compartir en Whatsapp' rel=\"noopener\"><span class='avia_hidden_link_text'>Compartir en Whatsapp<\/span><\/a><\/li><li class='av-share-link av-social-link-linkedin' ><a target=\"_blank\" aria-label=\"Compartir en LinkedIn\" href='https:\/\/linkedin.com\/shareArticle?mini=true&#038;title=Firma%20de%20importante%20convenio%20entre%20la%20Municipalidad%20de%20R%C3%ADo%20Ib%C3%A1%C3%B1ez%20y%20CIEP%20permitir%C3%A1%20investigaci%C3%B3n%20y%20desarrollo%20de%20diversas%20%C3%A1reas&#038;url=https:\/\/radiorevelacionfm.cl\/?p=33688' aria-hidden='false' data-av_icon='\ue8fc' data-av_iconfont='entypo-fontello' title='' data-avia-related-tooltip='Compartir en LinkedIn' rel=\"noopener\"><span class='avia_hidden_link_text'>Compartir en LinkedIn<\/span><\/a><\/li><li class='av-share-link av-social-link-mail' ><a  aria-label=\"Compartir por correo\" href='mailto:?subject=Firma%20de%20importante%20convenio%20entre%20la%20Municipalidad%20de%20R%C3%ADo%20Ib%C3%A1%C3%B1ez%20y%20CIEP%20permitir%C3%A1%20investigaci%C3%B3n%20y%20desarrollo%20de%20diversas%20%C3%A1reas&#038;body=https:\/\/radiorevelacionfm.cl\/?p=33688' aria-hidden='false' data-av_icon='\ue805' data-av_iconfont='entypo-fontello' title='' data-avia-related-tooltip='Compartir por correo'><span class='avia_hidden_link_text'>Compartir por correo<\/span><\/a><\/li><\/ul><\/div><\/div>\n<div  style='height:50px' class='hr hr-invisible   avia-builder-el-8  el_after_av_social_share  el_before_av_comments_list '><span class='hr-inner ' ><span class='hr-inner-style'><\/span><\/span><\/div>\n<div  class='av-buildercomment  av-blog-meta-html-info-disabled av-blog-meta-tag-disabled  '><\/div>\n","protected":false},"excerpt":{"rendered":"","protected":false},"author":1,"featured_media":33689,"comment_status":"open","ping_status":"open","sticky":false,"template":"","format":"standard","meta":{"footnotes":""},"categories":[38],"tags":[],"class_list":["post-33688","post","type-post","status-publish","format-standard","has-post-thumbnail","hentry","category-regional"],"jetpack_featured_media_url":"https:\/\/radiorevelacionfm.cl\/wp-content\/uploads\/2023\/08\/Foto-nota-convenio-1-1.jpg","_links":{"self":[{"href":"https:\/\/radiorevelacionfm.cl\/index.php?rest_route=\/wp\/v2\/posts\/33688","targetHints":{"allow":["GET"]}}],"collection":[{"href":"https:\/\/radiorevelacionfm.cl\/index.php?rest_route=\/wp\/v2\/posts"}],"about":[{"href":"https:\/\/radiorevelacionfm.cl\/index.php?rest_route=\/wp\/v2\/types\/post"}],"author":[{"embeddable":true,"href":"https:\/\/radiorevelacionfm.cl\/index.php?rest_route=\/wp\/v2\/users\/1"}],"replies":[{"embeddable":true,"href":"https:\/\/radiorevelacionfm.cl\/index.php?rest_route=%2Fwp%2Fv2%2Fcomments&post=33688"}],"version-history":[{"count":1,"href":"https:\/\/radiorevelacionfm.cl\/index.php?rest_route=\/wp\/v2\/posts\/33688\/revisions"}],"predecessor-version":[{"id":33690,"href":"https:\/\/radiorevelacionfm.cl\/index.php?rest_route=\/wp\/v2\/posts\/33688\/revisions\/33690"}],"wp:featuredmedia":[{"embeddable":true,"href":"https:\/\/radiorevelacionfm.cl\/index.php?rest_route=\/wp\/v2\/media\/33689"}],"wp:attachment":[{"href":"https:\/\/radiorevelacionfm.cl\/index.php?rest_route=%2Fwp%2Fv2%2Fmedia&parent=33688"}],"wp:term":[{"taxonomy":"category","embeddable":true,"href":"https:\/\/radiorevelacionfm.cl\/index.php?rest_route=%2Fwp%2Fv2%2Fcategories&post=33688"},{"taxonomy":"post_tag","embeddable":true,"href":"https:\/\/radiorevelacionfm.cl\/index.php?rest_route=%2Fwp%2Fv2%2Ftags&post=33688"}],"curies":[{"name":"wp","href":"https:\/\/api.w.org\/{rel}","templated":true}]}}