{"id":33686,"date":"2023-08-07T22:16:58","date_gmt":"2023-08-08T01:16:58","guid":{"rendered":"https:\/\/radiorevelacionfm.cl\/?p=33686"},"modified":"2023-08-07T22:16:58","modified_gmt":"2023-08-08T01:16:58","slug":"diputada-raphael-presenta-proyecto-de-ley-que-consagra-el-derecho-al-olvido-oncologico","status":"publish","type":"post","link":"https:\/\/radiorevelacionfm.cl\/?p=33686","title":{"rendered":"Diputada Raphael presenta proyecto de Ley que consagra el derecho al Olvido Oncol\u00f3gico"},"content":{"rendered":"<div class=\"flex_column av_one_full  flex_column_div av-zero-column-padding first  avia-builder-el-0  el_before_av_one_full  avia-builder-el-first  \" style='border-radius:0px; '><div  class='avia-image-container  av-styling-    avia-builder-el-1  avia-builder-el-no-sibling  avia-align-center '  itemprop=\"image\" itemscope=\"itemscope\" itemtype=\"https:\/\/schema.org\/ImageObject\"  ><div class='avia-image-container-inner'><div class='avia-image-overlay-wrap'><img decoding=\"async\" class='wp-image-30195 avia-img-lazy-loading-not-30195 avia_image' src=\"https:\/\/radiorevelacionfm.cl\/wp-content\/uploads\/2023\/04\/Diputada-Marcia-Raphael-1-1.jpeg\" alt='' title='Diputada Marcia Raphael (1) (1)' height=\"600\" width=\"900\"  itemprop=\"thumbnailUrl\" srcset=\"https:\/\/radiorevelacionfm.cl\/wp-content\/uploads\/2023\/04\/Diputada-Marcia-Raphael-1-1.jpeg 900w, https:\/\/radiorevelacionfm.cl\/wp-content\/uploads\/2023\/04\/Diputada-Marcia-Raphael-1-1-300x200.jpeg 300w, https:\/\/radiorevelacionfm.cl\/wp-content\/uploads\/2023\/04\/Diputada-Marcia-Raphael-1-1-768x512.jpeg 768w, https:\/\/radiorevelacionfm.cl\/wp-content\/uploads\/2023\/04\/Diputada-Marcia-Raphael-1-1-705x470.jpeg 705w, https:\/\/radiorevelacionfm.cl\/wp-content\/uploads\/2023\/04\/Diputada-Marcia-Raphael-1-1-450x300.jpeg 450w, https:\/\/radiorevelacionfm.cl\/wp-content\/uploads\/2023\/04\/Diputada-Marcia-Raphael-1-1-600x400.jpeg 600w\" sizes=\"(max-width: 900px) 100vw, 900px\" \/><\/div><\/div><\/div><\/div><div class=\"flex_column av_one_full  flex_column_div av-zero-column-padding first  avia-builder-el-2  el_after_av_one_full  el_before_av_one_full  column-top-margin\" style='border-radius:0px; '><section class=\"av_textblock_section \"  itemscope=\"itemscope\" itemtype=\"https:\/\/schema.org\/BlogPosting\" itemprop=\"blogPost\" ><div class='avia_textblock  '   itemprop=\"text\" ><p style=\"text-align: center;\"><span style=\"font-size: 18pt;\"><strong>Diputada Raphael presenta proyecto de Ley que consagra el derecho al Olvido Oncol\u00f3gico<\/strong><\/span><\/p>\n<div id=\"gtx-trans\" style=\"position: absolute; left: -50px; top: 4.31534px;\">\n<div class=\"gtx-trans-icon\"><\/div>\n<\/div>\n<\/div><\/section><\/div><div class=\"flex_column av_one_full  flex_column_div av-zero-column-padding first  avia-builder-el-4  el_after_av_one_full  el_before_av_hr  column-top-margin\" style='border-radius:0px; '><section class=\"av_textblock_section \"  itemscope=\"itemscope\" itemtype=\"https:\/\/schema.org\/BlogPosting\" itemprop=\"blogPost\" ><div class='avia_textblock  '   itemprop=\"text\" ><p style=\"text-align: justify;\">Con ese motivo, la diputada por la regi\u00f3n de Ays\u00e9n Marcia Raphael Mora present\u00f3 un proyecto de Ley que consagra el derecho al olvido oncol\u00f3gico. Esto consiste, en que no se tengan en cuenta los antecedentes m\u00e9dicos pasado 3 a\u00f1os desde el alta m\u00e9dica de una persona que tuvo c\u00e1ncer para contratar un seguro vida o la obtenci\u00f3n de un pr\u00e9stamo. As\u00ed, este derecho evita que estas personas tengan que justificar su historial m\u00e9dico y evita que sean discriminadas.<\/p>\n<p style=\"text-align: justify;\">El proyecto presentado por Raphael, junto a m\u00e1s parlamentarios de manera transversal, modifica la ley N\u00b020.584 que regula derechos y deberes que tienen las personas en relaci\u00f3n con acciones vinculadas a su atenci\u00f3n en salud, consagrando el derecho al olvido en relaci\u00f3n con pacientes oncol\u00f3gicos.<\/p>\n<p style=\"text-align: justify;\">La diputada Raphael, se\u00f1ala que es muy relevante avanzar en el derecho al olvido oncol\u00f3gico, m\u00e1s a\u00fan cuando la evidencia comparada, demuestra que es una pol\u00edtica p\u00fablica efectiva que aporta enormemente a las personas que le han ganado a esta cruda enfermedad.<\/p>\n<p style=\"text-align: justify;\">\u201cEn Chile se detectan cada a\u00f1o m\u00e1s de 50.000 personas con c\u00e1ncer y lamentablemente para las personas que con mucho esfuerzo superan esta cruda enfermedad, quedan totalmente fuera de las oportunidades financieras. Esta iniciativa permitir\u00e1 que las personas no tengan que dar sus antecedentes de alta de la enfermedad 3 a\u00f1os despu\u00e9s del alta m\u00e9dica, se\u00f1al\u00f3 Raphael.<\/p>\n<p style=\"text-align: justify;\">Raphael agrega que esta iniciativa est\u00e1 dentro de las metas y resoluciones del parlamento europeo, en donde m\u00e1s de 20 pa\u00edses ya tienen el derecho al olvido oncol\u00f3gico dentro de sus legislaciones internas.<\/p>\n<p style=\"text-align: justify;\">\u201cLa evidencia comparada nos permite afirmar lo necesario y efectivo que es el derecho al olvido oncol\u00f3gico, para que personas que han superado el c\u00e1ncer puedan acceder a cr\u00e9ditos de distinta \u00edndole y a seguros de vida, sin demostrarle a dichas instituciones que tuvieron c\u00e1ncer y que superaron con mucho esfuerzo la enfermedad\u201d sentenci\u00f3 Raphael.<\/p>\n<\/div><\/section><\/div><div  style='height:50px' class='hr hr-invisible   avia-builder-el-6  el_after_av_one_full  el_before_av_social_share '><span class='hr-inner ' ><span class='hr-inner-style'><\/span><\/span><\/div><\/p>\n<div  class='av-social-sharing-box  avia-builder-el-7  el_after_av_hr  el_before_av_hr  '><div class='av-share-box'><h5 class='av-share-link-description av-no-toc '>Compartir esta noticia<\/h5><ul class='av-share-box-list noLightbox'><li class='av-share-link av-social-link-facebook' ><a target=\"_blank\" aria-label=\"Compartir en Facebook\" href='https:\/\/www.facebook.com\/sharer.php?u=https:\/\/radiorevelacionfm.cl\/?p=33686&#038;t=Diputada%20Raphael%20presenta%20proyecto%20de%20Ley%20que%20consagra%20el%20derecho%20al%20Olvido%20Oncol%C3%B3gico' aria-hidden='false' data-av_icon='\ue8f3' data-av_iconfont='entypo-fontello' title='' data-avia-related-tooltip='Compartir en Facebook' rel=\"noopener\"><span class='avia_hidden_link_text'>Compartir en Facebook<\/span><\/a><\/li><li class='av-share-link av-social-link-twitter' ><a target=\"_blank\" aria-label=\"Compartir en Twitter\" href='https:\/\/twitter.com\/share?text=Diputada%20Raphael%20presenta%20proyecto%20de%20Ley%20que%20consagra%20el%20derecho%20al%20Olvido%20Oncol%C3%B3gico&#038;url=https:\/\/radiorevelacionfm.cl\/?p=33686' aria-hidden='false' data-av_icon='\ue8f1' data-av_iconfont='entypo-fontello' title='' data-avia-related-tooltip='Compartir en Twitter' rel=\"noopener\"><span class='avia_hidden_link_text'>Compartir en Twitter<\/span><\/a><\/li><li class='av-share-link av-social-link-whatsapp' ><a target=\"_blank\" aria-label=\"Compartir en Whatsapp\" href='https:\/\/api.whatsapp.com\/send?text=https:\/\/radiorevelacionfm.cl\/?p=33686' aria-hidden='false' data-av_icon='\uf232' data-av_iconfont='entypo-fontello' title='' data-avia-related-tooltip='Compartir en Whatsapp' rel=\"noopener\"><span class='avia_hidden_link_text'>Compartir en Whatsapp<\/span><\/a><\/li><li class='av-share-link av-social-link-linkedin' ><a target=\"_blank\" aria-label=\"Compartir en LinkedIn\" href='https:\/\/linkedin.com\/shareArticle?mini=true&#038;title=Diputada%20Raphael%20presenta%20proyecto%20de%20Ley%20que%20consagra%20el%20derecho%20al%20Olvido%20Oncol%C3%B3gico&#038;url=https:\/\/radiorevelacionfm.cl\/?p=33686' aria-hidden='false' data-av_icon='\ue8fc' data-av_iconfont='entypo-fontello' title='' data-avia-related-tooltip='Compartir en LinkedIn' rel=\"noopener\"><span class='avia_hidden_link_text'>Compartir en LinkedIn<\/span><\/a><\/li><li class='av-share-link av-social-link-mail' ><a  aria-label=\"Compartir por correo\" href='mailto:?subject=Diputada%20Raphael%20presenta%20proyecto%20de%20Ley%20que%20consagra%20el%20derecho%20al%20Olvido%20Oncol%C3%B3gico&#038;body=https:\/\/radiorevelacionfm.cl\/?p=33686' aria-hidden='false' data-av_icon='\ue805' data-av_iconfont='entypo-fontello' title='' data-avia-related-tooltip='Compartir por correo'><span class='avia_hidden_link_text'>Compartir por correo<\/span><\/a><\/li><\/ul><\/div><\/div>\n<div  style='height:50px' class='hr hr-invisible   avia-builder-el-8  el_after_av_social_share  el_before_av_comments_list '><span class='hr-inner ' ><span class='hr-inner-style'><\/span><\/span><\/div>\n<div  class='av-buildercomment  av-blog-meta-html-info-disabled av-blog-meta-tag-disabled  '><\/div>\n","protected":false},"excerpt":{"rendered":"","protected":false},"author":1,"featured_media":30195,"comment_status":"open","ping_status":"open","sticky":false,"template":"","format":"standard","meta":{"footnotes":""},"categories":[35],"tags":[],"class_list":["post-33686","post","type-post","status-publish","format-standard","has-post-thumbnail","hentry","category-politica"],"jetpack_featured_media_url":"https:\/\/radiorevelacionfm.cl\/wp-content\/uploads\/2023\/04\/Diputada-Marcia-Raphael-1-1.jpeg","_links":{"self":[{"href":"https:\/\/radiorevelacionfm.cl\/index.php?rest_route=\/wp\/v2\/posts\/33686","targetHints":{"allow":["GET"]}}],"collection":[{"href":"https:\/\/radiorevelacionfm.cl\/index.php?rest_route=\/wp\/v2\/posts"}],"about":[{"href":"https:\/\/radiorevelacionfm.cl\/index.php?rest_route=\/wp\/v2\/types\/post"}],"author":[{"embeddable":true,"href":"https:\/\/radiorevelacionfm.cl\/index.php?rest_route=\/wp\/v2\/users\/1"}],"replies":[{"embeddable":true,"href":"https:\/\/radiorevelacionfm.cl\/index.php?rest_route=%2Fwp%2Fv2%2Fcomments&post=33686"}],"version-history":[{"count":1,"href":"https:\/\/radiorevelacionfm.cl\/index.php?rest_route=\/wp\/v2\/posts\/33686\/revisions"}],"predecessor-version":[{"id":33687,"href":"https:\/\/radiorevelacionfm.cl\/index.php?rest_route=\/wp\/v2\/posts\/33686\/revisions\/33687"}],"wp:featuredmedia":[{"embeddable":true,"href":"https:\/\/radiorevelacionfm.cl\/index.php?rest_route=\/wp\/v2\/media\/30195"}],"wp:attachment":[{"href":"https:\/\/radiorevelacionfm.cl\/index.php?rest_route=%2Fwp%2Fv2%2Fmedia&parent=33686"}],"wp:term":[{"taxonomy":"category","embeddable":true,"href":"https:\/\/radiorevelacionfm.cl\/index.php?rest_route=%2Fwp%2Fv2%2Fcategories&post=33686"},{"taxonomy":"post_tag","embeddable":true,"href":"https:\/\/radiorevelacionfm.cl\/index.php?rest_route=%2Fwp%2Fv2%2Ftags&post=33686"}],"curies":[{"name":"wp","href":"https:\/\/api.w.org\/{rel}","templated":true}]}}