{"id":33682,"date":"2023-08-07T19:02:05","date_gmt":"2023-08-07T22:02:05","guid":{"rendered":"https:\/\/radiorevelacionfm.cl\/?p=33682"},"modified":"2023-08-07T19:02:05","modified_gmt":"2023-08-07T22:02:05","slug":"comienzan-obras-de-mejoramiento-del-estadio-municipal-de-coyhaique","status":"publish","type":"post","link":"https:\/\/radiorevelacionfm.cl\/?p=33682","title":{"rendered":"Comienzan obras de mejoramiento del Estadio Municipal de Coyhaique"},"content":{"rendered":"<div class=\"flex_column av_one_full  flex_column_div av-zero-column-padding first  avia-builder-el-0  el_before_av_one_full  avia-builder-el-first  \" style='border-radius:0px; '><div  class='avia-image-container  av-styling-    avia-builder-el-1  avia-builder-el-no-sibling  avia-align-center '  itemprop=\"image\" itemscope=\"itemscope\" itemtype=\"https:\/\/schema.org\/ImageObject\"  ><div class='avia-image-container-inner'><div class='avia-image-overlay-wrap'><img decoding=\"async\" class='wp-image-33684 avia-img-lazy-loading-not-33684 avia_image' src=\"https:\/\/radiorevelacionfm.cl\/wp-content\/uploads\/2023\/08\/Canchas-1-1-1.jpeg\" alt='' title='Canchas 1 (1) (1)' height=\"600\" width=\"898\"  itemprop=\"thumbnailUrl\" srcset=\"https:\/\/radiorevelacionfm.cl\/wp-content\/uploads\/2023\/08\/Canchas-1-1-1.jpeg 898w, https:\/\/radiorevelacionfm.cl\/wp-content\/uploads\/2023\/08\/Canchas-1-1-1-300x200.jpeg 300w, https:\/\/radiorevelacionfm.cl\/wp-content\/uploads\/2023\/08\/Canchas-1-1-1-768x513.jpeg 768w, https:\/\/radiorevelacionfm.cl\/wp-content\/uploads\/2023\/08\/Canchas-1-1-1-705x471.jpeg 705w, https:\/\/radiorevelacionfm.cl\/wp-content\/uploads\/2023\/08\/Canchas-1-1-1-450x301.jpeg 450w, https:\/\/radiorevelacionfm.cl\/wp-content\/uploads\/2023\/08\/Canchas-1-1-1-600x401.jpeg 600w\" sizes=\"(max-width: 898px) 100vw, 898px\" \/><\/div><\/div><\/div><\/div><div class=\"flex_column av_one_full  flex_column_div av-zero-column-padding first  avia-builder-el-2  el_after_av_one_full  el_before_av_one_full  column-top-margin\" style='border-radius:0px; '><section class=\"av_textblock_section \"  itemscope=\"itemscope\" itemtype=\"https:\/\/schema.org\/BlogPosting\" itemprop=\"blogPost\" ><div class='avia_textblock  '   itemprop=\"text\" ><p style=\"text-align: center;\"><strong><span style=\"font-size: 18pt;\">Comienzan obras de mejoramiento del Estadio Municipal de Coyhaique<\/span><\/strong><\/p>\n<div id=\"gtx-trans\" style=\"position: absolute; left: -50px; top: 4.31534px;\">\n<div class=\"gtx-trans-icon\"><\/div>\n<\/div>\n<\/div><\/section><\/div><div class=\"flex_column av_one_full  flex_column_div av-zero-column-padding first  avia-builder-el-4  el_after_av_one_full  el_before_av_hr  column-top-margin\" style='border-radius:0px; '><section class=\"av_textblock_section \"  itemscope=\"itemscope\" itemtype=\"https:\/\/schema.org\/BlogPosting\" itemprop=\"blogPost\" ><div class='avia_textblock  '   itemprop=\"text\" ><p dir=\"ltr\" style=\"text-align: justify;\">La Gobernadora Regional de Ays\u00e9n, Andrea Mac\u00edas Palma y el Alcalde de Coyhaique, Carlos Gatica, dieron el vamos para el comienzo del proyecto que busca el mejoramiento del Estadio Municipal, una demanda ya urgente que emana de las y los usuarios de las instalaciones y cuyas obras partir\u00e1n por el cierre perimetral del recinto deportivo ubicado en calle Ej\u00e9rcito.<\/p>\n<p dir=\"ltr\" style=\"text-align: justify;\">En la inauguraci\u00f3n de los trabajos, la Gobernadora Regional precis\u00f3 que este mejoramiento integral es llevado a cabo junto al Municipio, \u00ablos equipos t\u00e9cnicos desarrollaron esta iniciativa, que viene a dar mayor dignidad y que viene a entregar adem\u00e1s infraestructura de calidad a la comunidad que se dedica a la pr\u00e1ctica deportiva, cambi\u00e1ndole la cara a nuestra ciudad, pero adem\u00e1s entregando mayor seguridad\u00bb.<\/p>\n<p dir=\"ltr\" style=\"text-align: justify;\">El cierre perimetral del Estadio Municipal de Coyhaique se enmarca en una serie de proyectos que significar\u00e1n una remodelaci\u00f3n completa del establecimiento deportivo, con obras que no s\u00f3lo mejorar\u00e1n la experiencia de quienes practican f\u00fatbol, sino que servir\u00e1n para que deportistas de otras disciplinas puedan practicar su actividad en un lugar con el equipamiento necesario, como bien lo explic\u00f3 el Alcalde Carlos Gatica.<\/p>\n<p dir=\"ltr\" style=\"text-align: justify;\">\u00abEsto obedece a un trabajo conjunto entre las organizaciones, aqu\u00ed est\u00e1 ANFA, la Asociaci\u00f3n de \u00c1rbitros, tambi\u00e9n distintos clubes deportivos y el Gobierno Regional obviamente con su equipo, para impulsar este tipo de proyectos. As\u00ed que agradecido y, por supuesto, es de esperar que salgan los otros proyectos que van a ejecutar en conjunto un gran recinto deportivo que va a abarcar un poco m\u00e1s all\u00e1 del f\u00fatbol, porque trae, por ejemplo, un circuito de calistenia, el mejoramiento de los camarines y la habilitaci\u00f3n de ba\u00f1os p\u00fablicos\u00bb, detall\u00f3 la m\u00e1xima autoridad comunal.<\/p>\n<p dir=\"ltr\" style=\"text-align: justify;\">Este proyecto es financiado por el Gobierno Regional de Ays\u00e9n y su Consejo en el marco del Fondo Regional de Iniciativa Local (FRIL), y consta de una inversi\u00f3n de m\u00e1s de 83 millones de pesos que se hace en pos de la comunidad deportiva de Coyhaique y de toda la regi\u00f3n.<\/p>\n<p dir=\"ltr\" style=\"text-align: justify;\">\u00abFelicitar al Alcalde, a la Gobernadora, sabemos que este es un gran aporte para los deportistas, sobre todo para nuestras series menores, para las mujeres que practican deporte, porque muchas veces hay que darle dignidad al deporte, y con este proyecto que est\u00e1 haciendo la Municipalidad junto con el Gobierno Regional, se le da dignidad a nuestro deporte\u00bb, manifest\u00f3 H\u00e9ctor Contreras, dirigente del Club Deportivo El Salto y miembro de Asociaci\u00f3n Nacional de F\u00fatbol Amateur (ANFA).<\/p>\n<p dir=\"ltr\" style=\"text-align: justify;\"><strong>Nueva cancha para la Poblaci\u00f3n Arturo Prat<\/strong><\/p>\n<p dir=\"ltr\" style=\"text-align: justify;\">Otro de los proyectos FRIL que se est\u00e1n ejecutando en la comuna tiene que ver con el mejoramiento de la multicancha de la Poblaci\u00f3n Arturo Prat, ubicada en calle Los Cipreses con Las Gaviotas. Hasta esa locaci\u00f3n se trasladaron tambi\u00e9n la Gobernadora junto al Alcalde de Coyhaique, para supervisar el avance de la obra.<\/p>\n<p dir=\"ltr\" style=\"text-align: justify;\">La Gobernadora Andrea Mac\u00edas Palma se\u00f1al\u00f3 que la multicancha de la poblaci\u00f3n es \u00abun espacio que estaba muy abandonado. Conversamos hace tiempo atr\u00e1s con las vecinas y los vecinos del sector, y hoy vemos como esto ya ha ido cambiando. Hay un avance importante en cuanto a la obra, y seguir trabajando, ese es nuestro compromiso con el Municipio, con los equipos t\u00e9cnicos que hay detr\u00e1s, que son los que est\u00e1n haciendo la pega, as\u00ed que el mayor de los \u00e9xitos para quienes est\u00e1n a cargo de la ejecuci\u00f3n de esta iniciativa, y esperamos que muy pronto podamos entregar a la comunidad, para que puedan contar con este espacio\u00bb.<\/p>\n<p dir=\"ltr\" style=\"text-align: justify;\">El proyecto, que significa una inversi\u00f3n de m\u00e1s de 136 millones de pesos de parte del Gobierno Regional, contempla la construcci\u00f3n de 606 metros cuadrados de nuevo radier, la construcci\u00f3n del cierre perimetral con sus respectivas puertas de acceso, adem\u00e1s de la adquisici\u00f3n de dos tableros y sus respectivos aros de b\u00e1squetbol, y el mejoramiento de dos arcos de f\u00fatbol.<\/p>\n<p dir=\"ltr\" style=\"text-align: justify;\">\u00abEs rico ver a los ni\u00f1os con una pelota, jugando b\u00e1squetbol, voleibol, tenis, lo que sea, y con los pap\u00e1s, maravilloso. De hecho, igual hemos andado en bicicleta con los peque\u00f1os cuando est\u00e1n aprendiendo, as\u00ed que agradezco a las autoridades por toda esta entrega que hacen a la comunidad, esto va engrandeciendo a Coyhaique\u00bb, declar\u00f3 Margarita Riffo, presidenta de la Junta de Vecinos de la Poblaci\u00f3n Arturo Prat.<\/p>\n<\/div><\/section><\/div><div  style='height:50px' class='hr hr-invisible   avia-builder-el-6  el_after_av_one_full  el_before_av_social_share '><span class='hr-inner ' ><span class='hr-inner-style'><\/span><\/span><\/div><\/p>\n<div  class='av-social-sharing-box  avia-builder-el-7  el_after_av_hr  el_before_av_hr  '><div class='av-share-box'><h5 class='av-share-link-description av-no-toc '>Compartir esta noticia<\/h5><ul class='av-share-box-list noLightbox'><li class='av-share-link av-social-link-facebook' ><a target=\"_blank\" aria-label=\"Compartir en Facebook\" href='https:\/\/www.facebook.com\/sharer.php?u=https:\/\/radiorevelacionfm.cl\/?p=33682&#038;t=Comienzan%20obras%20de%20mejoramiento%20del%20Estadio%20Municipal%20de%20Coyhaique' aria-hidden='false' data-av_icon='\ue8f3' data-av_iconfont='entypo-fontello' title='' data-avia-related-tooltip='Compartir en Facebook' rel=\"noopener\"><span class='avia_hidden_link_text'>Compartir en Facebook<\/span><\/a><\/li><li class='av-share-link av-social-link-twitter' ><a target=\"_blank\" aria-label=\"Compartir en Twitter\" href='https:\/\/twitter.com\/share?text=Comienzan%20obras%20de%20mejoramiento%20del%20Estadio%20Municipal%20de%20Coyhaique&#038;url=https:\/\/radiorevelacionfm.cl\/?p=33682' aria-hidden='false' data-av_icon='\ue8f1' data-av_iconfont='entypo-fontello' title='' data-avia-related-tooltip='Compartir en Twitter' rel=\"noopener\"><span class='avia_hidden_link_text'>Compartir en Twitter<\/span><\/a><\/li><li class='av-share-link av-social-link-whatsapp' ><a target=\"_blank\" aria-label=\"Compartir en Whatsapp\" href='https:\/\/api.whatsapp.com\/send?text=https:\/\/radiorevelacionfm.cl\/?p=33682' aria-hidden='false' data-av_icon='\uf232' data-av_iconfont='entypo-fontello' title='' data-avia-related-tooltip='Compartir en Whatsapp' rel=\"noopener\"><span class='avia_hidden_link_text'>Compartir en Whatsapp<\/span><\/a><\/li><li class='av-share-link av-social-link-linkedin' ><a target=\"_blank\" aria-label=\"Compartir en LinkedIn\" href='https:\/\/linkedin.com\/shareArticle?mini=true&#038;title=Comienzan%20obras%20de%20mejoramiento%20del%20Estadio%20Municipal%20de%20Coyhaique&#038;url=https:\/\/radiorevelacionfm.cl\/?p=33682' aria-hidden='false' data-av_icon='\ue8fc' data-av_iconfont='entypo-fontello' title='' data-avia-related-tooltip='Compartir en LinkedIn' rel=\"noopener\"><span class='avia_hidden_link_text'>Compartir en LinkedIn<\/span><\/a><\/li><li class='av-share-link av-social-link-mail' ><a  aria-label=\"Compartir por correo\" href='mailto:?subject=Comienzan%20obras%20de%20mejoramiento%20del%20Estadio%20Municipal%20de%20Coyhaique&#038;body=https:\/\/radiorevelacionfm.cl\/?p=33682' aria-hidden='false' data-av_icon='\ue805' data-av_iconfont='entypo-fontello' title='' data-avia-related-tooltip='Compartir por correo'><span class='avia_hidden_link_text'>Compartir por correo<\/span><\/a><\/li><\/ul><\/div><\/div>\n<div  style='height:50px' class='hr hr-invisible   avia-builder-el-8  el_after_av_social_share  el_before_av_comments_list '><span class='hr-inner ' ><span class='hr-inner-style'><\/span><\/span><\/div>\n<div  class='av-buildercomment  av-blog-meta-html-info-disabled av-blog-meta-tag-disabled  '><\/div>\n","protected":false},"excerpt":{"rendered":"","protected":false},"author":1,"featured_media":33684,"comment_status":"open","ping_status":"open","sticky":false,"template":"","format":"standard","meta":{"footnotes":""},"categories":[38],"tags":[],"class_list":["post-33682","post","type-post","status-publish","format-standard","has-post-thumbnail","hentry","category-regional"],"jetpack_featured_media_url":"https:\/\/radiorevelacionfm.cl\/wp-content\/uploads\/2023\/08\/Canchas-1-1-1.jpeg","_links":{"self":[{"href":"https:\/\/radiorevelacionfm.cl\/index.php?rest_route=\/wp\/v2\/posts\/33682","targetHints":{"allow":["GET"]}}],"collection":[{"href":"https:\/\/radiorevelacionfm.cl\/index.php?rest_route=\/wp\/v2\/posts"}],"about":[{"href":"https:\/\/radiorevelacionfm.cl\/index.php?rest_route=\/wp\/v2\/types\/post"}],"author":[{"embeddable":true,"href":"https:\/\/radiorevelacionfm.cl\/index.php?rest_route=\/wp\/v2\/users\/1"}],"replies":[{"embeddable":true,"href":"https:\/\/radiorevelacionfm.cl\/index.php?rest_route=%2Fwp%2Fv2%2Fcomments&post=33682"}],"version-history":[{"count":1,"href":"https:\/\/radiorevelacionfm.cl\/index.php?rest_route=\/wp\/v2\/posts\/33682\/revisions"}],"predecessor-version":[{"id":33685,"href":"https:\/\/radiorevelacionfm.cl\/index.php?rest_route=\/wp\/v2\/posts\/33682\/revisions\/33685"}],"wp:featuredmedia":[{"embeddable":true,"href":"https:\/\/radiorevelacionfm.cl\/index.php?rest_route=\/wp\/v2\/media\/33684"}],"wp:attachment":[{"href":"https:\/\/radiorevelacionfm.cl\/index.php?rest_route=%2Fwp%2Fv2%2Fmedia&parent=33682"}],"wp:term":[{"taxonomy":"category","embeddable":true,"href":"https:\/\/radiorevelacionfm.cl\/index.php?rest_route=%2Fwp%2Fv2%2Fcategories&post=33682"},{"taxonomy":"post_tag","embeddable":true,"href":"https:\/\/radiorevelacionfm.cl\/index.php?rest_route=%2Fwp%2Fv2%2Ftags&post=33682"}],"curies":[{"name":"wp","href":"https:\/\/api.w.org\/{rel}","templated":true}]}}