{"id":33679,"date":"2023-08-08T16:36:50","date_gmt":"2023-08-08T19:36:50","guid":{"rendered":"https:\/\/radiorevelacionfm.cl\/?p=33679"},"modified":"2023-08-08T16:36:50","modified_gmt":"2023-08-08T19:36:50","slug":"dinamismo-y-desarrollo-economico-gobierno-regional-realiza-dialogos-y-clinicas-para-fomentar-la-inversion-privada","status":"publish","type":"post","link":"https:\/\/radiorevelacionfm.cl\/?p=33679","title":{"rendered":"Dinamismo y desarrollo econ\u00f3mico: Gobierno Regional realiza di\u00e1logos y cl\u00ednicas para fomentar la inversi\u00f3n privada"},"content":{"rendered":"<div class=\"flex_column av_one_full  flex_column_div av-zero-column-padding first  avia-builder-el-0  el_before_av_one_full  avia-builder-el-first  \" style='border-radius:0px; '><div  class='avia-image-container  av-styling-    avia-builder-el-1  avia-builder-el-no-sibling  avia-align-center '  itemprop=\"image\" itemscope=\"itemscope\" itemtype=\"https:\/\/schema.org\/ImageObject\"  ><div class='avia-image-container-inner'><div class='avia-image-overlay-wrap'><img decoding=\"async\" class='wp-image-33680 avia-img-lazy-loading-not-33680 avia_image' src=\"https:\/\/radiorevelacionfm.cl\/wp-content\/uploads\/2023\/08\/inversion-5-1_optimized.jpeg\" alt='' title='inversi\u00f3n-5-(1)_optimized' height=\"600\" width=\"1116\"  itemprop=\"thumbnailUrl\" srcset=\"https:\/\/radiorevelacionfm.cl\/wp-content\/uploads\/2023\/08\/inversion-5-1_optimized.jpeg 1116w, https:\/\/radiorevelacionfm.cl\/wp-content\/uploads\/2023\/08\/inversion-5-1_optimized-300x161.jpeg 300w, https:\/\/radiorevelacionfm.cl\/wp-content\/uploads\/2023\/08\/inversion-5-1_optimized-1030x554.jpeg 1030w, https:\/\/radiorevelacionfm.cl\/wp-content\/uploads\/2023\/08\/inversion-5-1_optimized-768x413.jpeg 768w, https:\/\/radiorevelacionfm.cl\/wp-content\/uploads\/2023\/08\/inversion-5-1_optimized-705x379.jpeg 705w, https:\/\/radiorevelacionfm.cl\/wp-content\/uploads\/2023\/08\/inversion-5-1_optimized-450x242.jpeg 450w, https:\/\/radiorevelacionfm.cl\/wp-content\/uploads\/2023\/08\/inversion-5-1_optimized-600x323.jpeg 600w\" sizes=\"(max-width: 1116px) 100vw, 1116px\" \/><\/div><\/div><\/div><\/div><div class=\"flex_column av_one_full  flex_column_div av-zero-column-padding first  avia-builder-el-2  el_after_av_one_full  el_before_av_one_full  column-top-margin\" style='border-radius:0px; '><section class=\"av_textblock_section \"  itemscope=\"itemscope\" itemtype=\"https:\/\/schema.org\/BlogPosting\" itemprop=\"blogPost\" ><div class='avia_textblock  '   itemprop=\"text\" ><p style=\"text-align: center;\"><strong><span style=\"font-size: 18pt;\">Dinamismo y desarrollo econ\u00f3mico: Gobierno Regional realiza di\u00e1logos y cl\u00ednicas para fomentar la inversi\u00f3n privada<\/span><\/strong><\/p>\n<div id=\"gtx-trans\" style=\"position: absolute; left: -50px; top: 4.31534px;\">\n<div class=\"gtx-trans-icon\"><\/div>\n<\/div>\n<\/div><\/section><\/div><div class=\"flex_column av_one_full  flex_column_div av-zero-column-padding first  avia-builder-el-4  el_after_av_one_full  el_before_av_hr  column-top-margin\" style='border-radius:0px; '><section class=\"av_textblock_section \"  itemscope=\"itemscope\" itemtype=\"https:\/\/schema.org\/BlogPosting\" itemprop=\"blogPost\" ><div class='avia_textblock  '   itemprop=\"text\" ><p dir=\"ltr\" style=\"text-align: justify;\">Este jueves 3 de agosto en el Sal\u00f3n Padre Antonio Ronchi del Gobierno Regional de Ays\u00e9n, se llev\u00f3 a cabo el Di\u00e1logo Regional sobre inversi\u00f3n, donde distintos actores productivos presentes en el territorio se reunieron con el objetivo de conocer la visi\u00f3n y trabajo articulado del Ejecutivo regional en promoci\u00f3n y atracci\u00f3n de la inversi\u00f3n privada para un desarrollo sostenible.<\/p>\n<p dir=\"ltr\" style=\"text-align: justify;\">\u00abEste di\u00e1logo es parte de una estrategia para avanzar en materia de atracci\u00f3n de inversiones y, por otra parte, estamos prontos ya a contar con un programa que permita fortalecer este trabajo y ver c\u00f3mo, entre los distintos actores, nos ponemos a disposici\u00f3n para aumentar la inversi\u00f3n privada en la Regi\u00f3n de Ays\u00e9n, y de esa forma no s\u00f3lo dinamizar la econom\u00eda local, sino que efectivamente poder dar este salto para avanzar hacia este desarrollo del cual todos y todas hablamos\u00bb, explic\u00f3 la Gobernadora Regional Andrea Mac\u00edas Palma.<\/p>\n<p dir=\"ltr\" style=\"text-align: justify;\">Esta instancia, realizada en conjunto entre el Gobierno Regional y la Secretar\u00eda Regional Ministerial de Econom\u00eda, Fomento y Turismo, trat\u00f3 diferentes tem\u00e1ticas, como el an\u00e1lisis del di\u00e1logo con los actores relevantes de inversi\u00f3n, los permisos para invertir y la labor que se est\u00e1 llevando a cabo en materia de la Reforma Integral a la Tramitaci\u00f3n, para terminar con un panel de experiencias comparadas regionales.<\/p>\n<p dir=\"ltr\" style=\"text-align: justify;\">\u00abTuvimos la oportunidad de compartir con distintos gremios empresariales de la regi\u00f3n, de Coyhaique, de Puerto Ays\u00e9n, de distintas zonas, y que de alguna manera nos motiva el espacio para establecer contacto, di\u00e1logo, conversaci\u00f3n, respecto a temas tan importantes como lo es la inversi\u00f3n privada en la Regi\u00f3n de Ays\u00e9n. Hay un d\u00e9ficit que sabemos que existe, que es hist\u00f3rico, y vemos c\u00f3mo de alguna manera vamos destrabando las oportunidades de inversi\u00f3n en la regi\u00f3n\u00bb, se\u00f1al\u00f3 el Seremi de Econom\u00eda, Felipe Rojas.<\/p>\n<p dir=\"ltr\" style=\"text-align: justify;\">Dentro de las exposiciones, las y los asistentes pudieron conocer las diferentes iniciativas p\u00fablicas que se est\u00e1n llevando a cabo para facilitar y hacer m\u00e1s atractiva la inversi\u00f3n en territorios como Ays\u00e9n. En cuanto al di\u00e1logo que se produjo al final de la instancia, los distintos gremios de la regi\u00f3n expusieron a las autoridades y representantes del sector p\u00fablico las dificultades que encuentran para desarrollar sus actividades, abriendo un camino para que se pueda colaborar en buscar soluciones que favorezcan a ambas partes.<\/p>\n<p dir=\"ltr\" style=\"text-align: justify;\"><strong>Comienzan las cl\u00ednicas empresariales del programa Impulsa Ays\u00e9n<\/strong><\/p>\n<p dir=\"ltr\" style=\"text-align: justify;\">El mismo jueves tambi\u00e9n se lanzaron las cl\u00ednicas empresariales que son parte del programa Impulsa Ays\u00e9n del Gobierno Regional, el cual busca apoyar a las peque\u00f1as y medianas empresas de la regi\u00f3n, y que es ejecutado por la Corporaci\u00f3n de Desarrollo Social del Sector Rural (Codesser).<\/p>\n<p dir=\"ltr\" style=\"text-align: justify;\">Las cl\u00ednicas consisten en capacitaciones y mentor\u00edas empresariales para 60 MIPYMES, mediante ciclos que tendr\u00e1n como objetivo generar mejores resultados y beneficios no s\u00f3lo econ\u00f3micos, sino de calidad y productividad. Adem\u00e1s, podr\u00e1n acceder a mentor\u00edas empresariales que les aportar\u00e1n experiencia, consejos, conocimientos para hacer un diagn\u00f3stico y un plan de acci\u00f3n para sus negocios.<\/p>\n<p dir=\"ltr\" style=\"text-align: justify;\">Al respecto, la Gobernadora Regional Andrea Mac\u00edas Palma, estableci\u00f3 que esta es \u00abuna tremenda oportunidad donde tuvimos una alta convocatoria, lo que nos lleva a reflexionar sobre la importancia de abrir espacios para poder potenciar a todas aquellas empresas, empresarios y empresarias de nuestra regi\u00f3n, que requieran de este impulso para que sus emprendimientos puedan fortalecerse. En la medida en que nosotros instalamos capacidades en las personas que habitan nuestro territorio, sabemos que impulsamos y dinamizamos la econom\u00eda local\u00bb.<\/p>\n<p dir=\"ltr\" style=\"text-align: justify;\">Cabe recordar que junto a las cl\u00ednicas, tambi\u00e9n se est\u00e1 ejecutando la l\u00ednea del programa denominada \u00abImpulsa Inversi\u00f3n\u00bb, que consiste en entregar financiamiento de hasta $25 millones para la adquisici\u00f3n de activo fijo, habilitaci\u00f3n de infraestructura productiva y\/o capital de trabajo.<\/p>\n<p dir=\"ltr\" style=\"text-align: justify;\">\u00abEstaba postulando a Codesser, a los programas de ayuda para implementar y ampliar mi negocio, y me enter\u00e9 que hab\u00eda una cl\u00ednica, y como necesito bastante ayuda en redes sociales, me inscrib\u00ed. Es fant\u00e1stico que sigan apoyando a la empresa, al peque\u00f1o empresario, porque una de repente no tiene los conocimientos suficientes como para emprender y ampliarse como empresario\u00bb, manifest\u00f3 Ruth Vel\u00e1squez, una de las peque\u00f1as empresarias que fue beneficiada con las cl\u00ednicas empresariales de Impulsa Ays\u00e9n.<\/p>\n<\/div><\/section><\/div><div  style='height:50px' class='hr hr-invisible   avia-builder-el-6  el_after_av_one_full  el_before_av_social_share '><span class='hr-inner ' ><span class='hr-inner-style'><\/span><\/span><\/div><\/p>\n<div  class='av-social-sharing-box  avia-builder-el-7  el_after_av_hr  el_before_av_hr  '><div class='av-share-box'><h5 class='av-share-link-description av-no-toc '>Compartir esta noticia<\/h5><ul class='av-share-box-list noLightbox'><li class='av-share-link av-social-link-facebook' ><a target=\"_blank\" aria-label=\"Compartir en Facebook\" href='https:\/\/www.facebook.com\/sharer.php?u=https:\/\/radiorevelacionfm.cl\/?p=33679&#038;t=Dinamismo%20y%20desarrollo%20econ%C3%B3mico%3A%20Gobierno%20Regional%20realiza%20di%C3%A1logos%20y%20cl%C3%ADnicas%20para%20fomentar%20la%20inversi%C3%B3n%20privada' aria-hidden='false' data-av_icon='\ue8f3' data-av_iconfont='entypo-fontello' title='' data-avia-related-tooltip='Compartir en Facebook' rel=\"noopener\"><span class='avia_hidden_link_text'>Compartir en Facebook<\/span><\/a><\/li><li class='av-share-link av-social-link-twitter' ><a target=\"_blank\" aria-label=\"Compartir en Twitter\" href='https:\/\/twitter.com\/share?text=Dinamismo%20y%20desarrollo%20econ%C3%B3mico%3A%20Gobierno%20Regional%20realiza%20di%C3%A1logos%20y%20cl%C3%ADnicas%20para%20fomentar%20la%20inversi%C3%B3n%20privada&#038;url=https:\/\/radiorevelacionfm.cl\/?p=33679' aria-hidden='false' data-av_icon='\ue8f1' data-av_iconfont='entypo-fontello' title='' data-avia-related-tooltip='Compartir en Twitter' rel=\"noopener\"><span class='avia_hidden_link_text'>Compartir en Twitter<\/span><\/a><\/li><li class='av-share-link av-social-link-whatsapp' ><a target=\"_blank\" aria-label=\"Compartir en Whatsapp\" href='https:\/\/api.whatsapp.com\/send?text=https:\/\/radiorevelacionfm.cl\/?p=33679' aria-hidden='false' data-av_icon='\uf232' data-av_iconfont='entypo-fontello' title='' data-avia-related-tooltip='Compartir en Whatsapp' rel=\"noopener\"><span class='avia_hidden_link_text'>Compartir en Whatsapp<\/span><\/a><\/li><li class='av-share-link av-social-link-linkedin' ><a target=\"_blank\" aria-label=\"Compartir en LinkedIn\" href='https:\/\/linkedin.com\/shareArticle?mini=true&#038;title=Dinamismo%20y%20desarrollo%20econ%C3%B3mico%3A%20Gobierno%20Regional%20realiza%20di%C3%A1logos%20y%20cl%C3%ADnicas%20para%20fomentar%20la%20inversi%C3%B3n%20privada&#038;url=https:\/\/radiorevelacionfm.cl\/?p=33679' aria-hidden='false' data-av_icon='\ue8fc' data-av_iconfont='entypo-fontello' title='' data-avia-related-tooltip='Compartir en LinkedIn' rel=\"noopener\"><span class='avia_hidden_link_text'>Compartir en LinkedIn<\/span><\/a><\/li><li class='av-share-link av-social-link-mail' ><a  aria-label=\"Compartir por correo\" href='mailto:?subject=Dinamismo%20y%20desarrollo%20econ%C3%B3mico%3A%20Gobierno%20Regional%20realiza%20di%C3%A1logos%20y%20cl%C3%ADnicas%20para%20fomentar%20la%20inversi%C3%B3n%20privada&#038;body=https:\/\/radiorevelacionfm.cl\/?p=33679' aria-hidden='false' data-av_icon='\ue805' data-av_iconfont='entypo-fontello' title='' data-avia-related-tooltip='Compartir por correo'><span class='avia_hidden_link_text'>Compartir por correo<\/span><\/a><\/li><\/ul><\/div><\/div>\n<div  style='height:50px' class='hr hr-invisible   avia-builder-el-8  el_after_av_social_share  el_before_av_comments_list '><span class='hr-inner ' ><span class='hr-inner-style'><\/span><\/span><\/div>\n<div  class='av-buildercomment  av-blog-meta-html-info-disabled av-blog-meta-tag-disabled  '><\/div>\n","protected":false},"excerpt":{"rendered":"","protected":false},"author":1,"featured_media":33680,"comment_status":"open","ping_status":"open","sticky":false,"template":"","format":"standard","meta":{"footnotes":""},"categories":[38],"tags":[],"class_list":["post-33679","post","type-post","status-publish","format-standard","has-post-thumbnail","hentry","category-regional"],"jetpack_featured_media_url":"https:\/\/radiorevelacionfm.cl\/wp-content\/uploads\/2023\/08\/inversion-5-1_optimized.jpeg","_links":{"self":[{"href":"https:\/\/radiorevelacionfm.cl\/index.php?rest_route=\/wp\/v2\/posts\/33679","targetHints":{"allow":["GET"]}}],"collection":[{"href":"https:\/\/radiorevelacionfm.cl\/index.php?rest_route=\/wp\/v2\/posts"}],"about":[{"href":"https:\/\/radiorevelacionfm.cl\/index.php?rest_route=\/wp\/v2\/types\/post"}],"author":[{"embeddable":true,"href":"https:\/\/radiorevelacionfm.cl\/index.php?rest_route=\/wp\/v2\/users\/1"}],"replies":[{"embeddable":true,"href":"https:\/\/radiorevelacionfm.cl\/index.php?rest_route=%2Fwp%2Fv2%2Fcomments&post=33679"}],"version-history":[{"count":1,"href":"https:\/\/radiorevelacionfm.cl\/index.php?rest_route=\/wp\/v2\/posts\/33679\/revisions"}],"predecessor-version":[{"id":33681,"href":"https:\/\/radiorevelacionfm.cl\/index.php?rest_route=\/wp\/v2\/posts\/33679\/revisions\/33681"}],"wp:featuredmedia":[{"embeddable":true,"href":"https:\/\/radiorevelacionfm.cl\/index.php?rest_route=\/wp\/v2\/media\/33680"}],"wp:attachment":[{"href":"https:\/\/radiorevelacionfm.cl\/index.php?rest_route=%2Fwp%2Fv2%2Fmedia&parent=33679"}],"wp:term":[{"taxonomy":"category","embeddable":true,"href":"https:\/\/radiorevelacionfm.cl\/index.php?rest_route=%2Fwp%2Fv2%2Fcategories&post=33679"},{"taxonomy":"post_tag","embeddable":true,"href":"https:\/\/radiorevelacionfm.cl\/index.php?rest_route=%2Fwp%2Fv2%2Ftags&post=33679"}],"curies":[{"name":"wp","href":"https:\/\/api.w.org\/{rel}","templated":true}]}}