{"id":33670,"date":"2023-08-07T17:22:26","date_gmt":"2023-08-07T20:22:26","guid":{"rendered":"https:\/\/radiorevelacionfm.cl\/?p=33670"},"modified":"2023-08-07T17:22:26","modified_gmt":"2023-08-07T20:22:26","slug":"estudiantes-del-liceo-bicentenario-austral-lord-cochrane-visitaron-el-juzgado-mixto-de-la-comuna","status":"publish","type":"post","link":"https:\/\/radiorevelacionfm.cl\/?p=33670","title":{"rendered":"Estudiantes del Liceo Bicentenario Austral Lord Cochrane visitaron el Juzgado mixto de la comuna"},"content":{"rendered":"<div class=\"flex_column av_one_full  flex_column_div av-zero-column-padding first  avia-builder-el-0  el_before_av_one_full  avia-builder-el-first  \" style='border-radius:0px; '><div  class='avia-image-container  av-styling-    avia-builder-el-1  avia-builder-el-no-sibling  avia-align-center '  itemprop=\"image\" itemscope=\"itemscope\" itemtype=\"https:\/\/schema.org\/ImageObject\"  ><div class='avia-image-container-inner'><div class='avia-image-overlay-wrap'><img decoding=\"async\" class='wp-image-33671 avia-img-lazy-loading-not-33671 avia_image' src=\"https:\/\/radiorevelacionfm.cl\/wp-content\/uploads\/2023\/08\/foto-01-4-1_optimized-1.jpg\" alt='' title='foto-01-(4)-(1)_optimized (1)' height=\"600\" width=\"1436\"  itemprop=\"thumbnailUrl\" srcset=\"https:\/\/radiorevelacionfm.cl\/wp-content\/uploads\/2023\/08\/foto-01-4-1_optimized-1.jpg 1436w, https:\/\/radiorevelacionfm.cl\/wp-content\/uploads\/2023\/08\/foto-01-4-1_optimized-1-300x125.jpg 300w, https:\/\/radiorevelacionfm.cl\/wp-content\/uploads\/2023\/08\/foto-01-4-1_optimized-1-1030x430.jpg 1030w, https:\/\/radiorevelacionfm.cl\/wp-content\/uploads\/2023\/08\/foto-01-4-1_optimized-1-768x321.jpg 768w, https:\/\/radiorevelacionfm.cl\/wp-content\/uploads\/2023\/08\/foto-01-4-1_optimized-1-705x295.jpg 705w, https:\/\/radiorevelacionfm.cl\/wp-content\/uploads\/2023\/08\/foto-01-4-1_optimized-1-450x188.jpg 450w, https:\/\/radiorevelacionfm.cl\/wp-content\/uploads\/2023\/08\/foto-01-4-1_optimized-1-600x251.jpg 600w\" sizes=\"(max-width: 1436px) 100vw, 1436px\" \/><\/div><\/div><\/div><\/div><div class=\"flex_column av_one_full  flex_column_div av-zero-column-padding first  avia-builder-el-2  el_after_av_one_full  el_before_av_one_full  column-top-margin\" style='border-radius:0px; '><section class=\"av_textblock_section \"  itemscope=\"itemscope\" itemtype=\"https:\/\/schema.org\/BlogPosting\" itemprop=\"blogPost\" ><div class='avia_textblock  '   itemprop=\"text\" ><p style=\"text-align: center;\"><strong><span style=\"font-size: 18pt;\">Estudiantes del Liceo Bicentenario Austral Lord Cochrane visitaron el Juzgado mixto de la comuna<\/span><\/strong><\/p>\n<div id=\"gtx-trans\" style=\"position: absolute; left: -50px; top: 4.31534px;\">\n<div class=\"gtx-trans-icon\"><\/div>\n<\/div>\n<\/div><\/section><\/div><div class=\"flex_column av_one_full  flex_column_div av-zero-column-padding first  avia-builder-el-4  el_after_av_one_full  el_before_av_hr  column-top-margin\" style='border-radius:0px; '><section class=\"av_textblock_section \"  itemscope=\"itemscope\" itemtype=\"https:\/\/schema.org\/BlogPosting\" itemprop=\"blogPost\" ><div class='avia_textblock  '   itemprop=\"text\" ><p class=\"v1MsoNormal\" style=\"text-align: justify;\">El Juzgado mixto de Cochrane recibi\u00f3 la visita de 15 alumnos y alumnas del Liceo \u00abBicentenario Austral Lord Cochrane\u00bb. Iniciativa promovida por el Poder Judicial que tiene el objetivo de acercar la justicia a las personas y as\u00ed informar sobre el trabajo que realiza este tribunal en el extremo sur de Ays\u00e9n.<\/p>\n<p class=\"v1MsoNormal\" style=\"text-align: justify;\">En la instancia, los j\u00f3venes pudieron recorrer las dependencias y conocer la labor de cada integrante del juzgado, adem\u00e1s participaron de una simulaci\u00f3n de dos audiencias, una respecto a un control de detenci\u00f3n en materia penal y tambi\u00e9n una causa proteccional del \u00e1mbito de familia.<\/p>\n<p class=\"v1MsoNormal\" style=\"text-align: justify;\">\u00abLas actividades de vinculaci\u00f3n con el medio son importantes porque permiten explicar la labor del Poder Judicial a nuestros usuarios. En esta ocasi\u00f3n recibimos al cuarto a\u00f1o medio \u00abA\u00bb del Liceo Bicentenario Austral, Lord Cochrane y los adolescentes pudieron resolver sus dudas respecto del trabajo diario en el tribunal y las distintas materias que conocemos\u00bb, sostuvo la magistrada Luisa Cornejo.<\/p>\n<p class=\"v1MsoNormal\" style=\"text-align: justify;\">Concluy\u00f3 indicando que: \u00abas\u00ed, este tipo de visitas permite que podamos explicar que nuestra instituci\u00f3n est\u00e1 al servicio de la comunidad y que incluso llega a lugares apartados como Caleta Tortel y Villa O`Higgins, por lo que el Estado asegura el acceso a la justicia de todos quienes habitan dichos sectores. En el mismo sentido, este tipo de actividades fortalece la educaci\u00f3n c\u00edvica de los alumnos, porque pudimos expresar y aclarar que nuestra principal funci\u00f3n es resolver problemas de la comunidad mediante la aplicaci\u00f3n de las leyes\u00bb.<\/p>\n<\/div><\/section><\/div><div  style='height:50px' class='hr hr-invisible   avia-builder-el-6  el_after_av_one_full  el_before_av_social_share '><span class='hr-inner ' ><span class='hr-inner-style'><\/span><\/span><\/div><\/p>\n<div  class='av-social-sharing-box  avia-builder-el-7  el_after_av_hr  el_before_av_hr  '><div class='av-share-box'><h5 class='av-share-link-description av-no-toc '>Compartir esta noticia<\/h5><ul class='av-share-box-list noLightbox'><li class='av-share-link av-social-link-facebook' ><a target=\"_blank\" aria-label=\"Compartir en Facebook\" href='https:\/\/www.facebook.com\/sharer.php?u=https:\/\/radiorevelacionfm.cl\/?p=33670&#038;t=Estudiantes%20del%20Liceo%20Bicentenario%20Austral%20Lord%20Cochrane%20visitaron%20el%20Juzgado%20mixto%20de%20la%20comuna' aria-hidden='false' data-av_icon='\ue8f3' data-av_iconfont='entypo-fontello' title='' data-avia-related-tooltip='Compartir en Facebook' rel=\"noopener\"><span class='avia_hidden_link_text'>Compartir en Facebook<\/span><\/a><\/li><li class='av-share-link av-social-link-twitter' ><a target=\"_blank\" aria-label=\"Compartir en Twitter\" href='https:\/\/twitter.com\/share?text=Estudiantes%20del%20Liceo%20Bicentenario%20Austral%20Lord%20Cochrane%20visitaron%20el%20Juzgado%20mixto%20de%20la%20comuna&#038;url=https:\/\/radiorevelacionfm.cl\/?p=33670' aria-hidden='false' data-av_icon='\ue8f1' data-av_iconfont='entypo-fontello' title='' data-avia-related-tooltip='Compartir en Twitter' rel=\"noopener\"><span class='avia_hidden_link_text'>Compartir en Twitter<\/span><\/a><\/li><li class='av-share-link av-social-link-whatsapp' ><a target=\"_blank\" aria-label=\"Compartir en Whatsapp\" href='https:\/\/api.whatsapp.com\/send?text=https:\/\/radiorevelacionfm.cl\/?p=33670' aria-hidden='false' data-av_icon='\uf232' data-av_iconfont='entypo-fontello' title='' data-avia-related-tooltip='Compartir en Whatsapp' rel=\"noopener\"><span class='avia_hidden_link_text'>Compartir en Whatsapp<\/span><\/a><\/li><li class='av-share-link av-social-link-linkedin' ><a target=\"_blank\" aria-label=\"Compartir en LinkedIn\" href='https:\/\/linkedin.com\/shareArticle?mini=true&#038;title=Estudiantes%20del%20Liceo%20Bicentenario%20Austral%20Lord%20Cochrane%20visitaron%20el%20Juzgado%20mixto%20de%20la%20comuna&#038;url=https:\/\/radiorevelacionfm.cl\/?p=33670' aria-hidden='false' data-av_icon='\ue8fc' data-av_iconfont='entypo-fontello' title='' data-avia-related-tooltip='Compartir en LinkedIn' rel=\"noopener\"><span class='avia_hidden_link_text'>Compartir en LinkedIn<\/span><\/a><\/li><li class='av-share-link av-social-link-mail' ><a  aria-label=\"Compartir por correo\" href='mailto:?subject=Estudiantes%20del%20Liceo%20Bicentenario%20Austral%20Lord%20Cochrane%20visitaron%20el%20Juzgado%20mixto%20de%20la%20comuna&#038;body=https:\/\/radiorevelacionfm.cl\/?p=33670' aria-hidden='false' data-av_icon='\ue805' data-av_iconfont='entypo-fontello' title='' data-avia-related-tooltip='Compartir por correo'><span class='avia_hidden_link_text'>Compartir por correo<\/span><\/a><\/li><\/ul><\/div><\/div>\n<div  style='height:50px' class='hr hr-invisible   avia-builder-el-8  el_after_av_social_share  el_before_av_comments_list '><span class='hr-inner ' ><span class='hr-inner-style'><\/span><\/span><\/div>\n<div  class='av-buildercomment  av-blog-meta-html-info-disabled av-blog-meta-tag-disabled  '><\/div>\n","protected":false},"excerpt":{"rendered":"","protected":false},"author":1,"featured_media":33671,"comment_status":"open","ping_status":"open","sticky":false,"template":"","format":"standard","meta":{"footnotes":""},"categories":[55],"tags":[],"class_list":["post-33670","post","type-post","status-publish","format-standard","has-post-thumbnail","hentry","category-justicia"],"jetpack_featured_media_url":"https:\/\/radiorevelacionfm.cl\/wp-content\/uploads\/2023\/08\/foto-01-4-1_optimized-1.jpg","_links":{"self":[{"href":"https:\/\/radiorevelacionfm.cl\/index.php?rest_route=\/wp\/v2\/posts\/33670","targetHints":{"allow":["GET"]}}],"collection":[{"href":"https:\/\/radiorevelacionfm.cl\/index.php?rest_route=\/wp\/v2\/posts"}],"about":[{"href":"https:\/\/radiorevelacionfm.cl\/index.php?rest_route=\/wp\/v2\/types\/post"}],"author":[{"embeddable":true,"href":"https:\/\/radiorevelacionfm.cl\/index.php?rest_route=\/wp\/v2\/users\/1"}],"replies":[{"embeddable":true,"href":"https:\/\/radiorevelacionfm.cl\/index.php?rest_route=%2Fwp%2Fv2%2Fcomments&post=33670"}],"version-history":[{"count":1,"href":"https:\/\/radiorevelacionfm.cl\/index.php?rest_route=\/wp\/v2\/posts\/33670\/revisions"}],"predecessor-version":[{"id":33672,"href":"https:\/\/radiorevelacionfm.cl\/index.php?rest_route=\/wp\/v2\/posts\/33670\/revisions\/33672"}],"wp:featuredmedia":[{"embeddable":true,"href":"https:\/\/radiorevelacionfm.cl\/index.php?rest_route=\/wp\/v2\/media\/33671"}],"wp:attachment":[{"href":"https:\/\/radiorevelacionfm.cl\/index.php?rest_route=%2Fwp%2Fv2%2Fmedia&parent=33670"}],"wp:term":[{"taxonomy":"category","embeddable":true,"href":"https:\/\/radiorevelacionfm.cl\/index.php?rest_route=%2Fwp%2Fv2%2Fcategories&post=33670"},{"taxonomy":"post_tag","embeddable":true,"href":"https:\/\/radiorevelacionfm.cl\/index.php?rest_route=%2Fwp%2Fv2%2Ftags&post=33670"}],"curies":[{"name":"wp","href":"https:\/\/api.w.org\/{rel}","templated":true}]}}