{"id":33668,"date":"2023-08-07T15:23:47","date_gmt":"2023-08-07T18:23:47","guid":{"rendered":"https:\/\/radiorevelacionfm.cl\/?p=33668"},"modified":"2023-08-07T15:23:47","modified_gmt":"2023-08-07T18:23:47","slug":"corte-confirma-condena-de-10-anos-y-un-dia-de-presidio-por-robo-con-intimidacion-en-coyhaique","status":"publish","type":"post","link":"https:\/\/radiorevelacionfm.cl\/?p=33668","title":{"rendered":"Corte confirma condena de 10 a\u00f1os y un d\u00eda de presidio por robo con intimidaci\u00f3n en Coyhaique"},"content":{"rendered":"<div class=\"flex_column av_one_full  flex_column_div av-zero-column-padding first  avia-builder-el-0  el_before_av_one_full  avia-builder-el-first  \" style='border-radius:0px; '><div  class='avia-image-container  av-styling-    avia-builder-el-1  avia-builder-el-no-sibling  avia-align-center '  itemprop=\"image\" itemscope=\"itemscope\" itemtype=\"https:\/\/schema.org\/ImageObject\"  ><div class='avia-image-container-inner'><div class='avia-image-overlay-wrap'><img decoding=\"async\" class='wp-image-8540 avia-img-lazy-loading-not-8540 avia_image' src=\"https:\/\/radiorevelacionfm.cl\/wp-content\/uploads\/2021\/09\/foto-corte-apelaciones-coyhaique-1_optimized.jpg\" alt='' title='foto-corte-apelaciones-coyhaique-(1)_optimized' height=\"600\" width=\"1078\"  itemprop=\"thumbnailUrl\" srcset=\"https:\/\/radiorevelacionfm.cl\/wp-content\/uploads\/2021\/09\/foto-corte-apelaciones-coyhaique-1_optimized.jpg 1078w, https:\/\/radiorevelacionfm.cl\/wp-content\/uploads\/2021\/09\/foto-corte-apelaciones-coyhaique-1_optimized-300x167.jpg 300w, https:\/\/radiorevelacionfm.cl\/wp-content\/uploads\/2021\/09\/foto-corte-apelaciones-coyhaique-1_optimized-1030x573.jpg 1030w, https:\/\/radiorevelacionfm.cl\/wp-content\/uploads\/2021\/09\/foto-corte-apelaciones-coyhaique-1_optimized-768x427.jpg 768w, https:\/\/radiorevelacionfm.cl\/wp-content\/uploads\/2021\/09\/foto-corte-apelaciones-coyhaique-1_optimized-705x392.jpg 705w, https:\/\/radiorevelacionfm.cl\/wp-content\/uploads\/2021\/09\/foto-corte-apelaciones-coyhaique-1_optimized-600x334.jpg 600w\" sizes=\"(max-width: 1078px) 100vw, 1078px\" \/><\/div><\/div><\/div><\/div><div class=\"flex_column av_one_full  flex_column_div av-zero-column-padding first  avia-builder-el-2  el_after_av_one_full  el_before_av_one_full  column-top-margin\" style='border-radius:0px; '><section class=\"av_textblock_section \"  itemscope=\"itemscope\" itemtype=\"https:\/\/schema.org\/BlogPosting\" itemprop=\"blogPost\" ><div class='avia_textblock  '   itemprop=\"text\" ><p style=\"text-align: center;\"><span style=\"font-size: 18pt;\"><b>Corte confirma condena de 10 a\u00f1os y un d\u00eda de presidio por robo con intimidaci\u00f3n en Coyhaique<\/b><\/span><\/p>\n<div id=\"gtx-trans\" style=\"position: absolute; left: -50px; top: 4.31534px;\">\n<div class=\"gtx-trans-icon\"><\/div>\n<\/div>\n<\/div><\/section><\/div><div class=\"flex_column av_one_full  flex_column_div av-zero-column-padding first  avia-builder-el-4  el_after_av_one_full  el_before_av_hr  column-top-margin\" style='border-radius:0px; '><section class=\"av_textblock_section \"  itemscope=\"itemscope\" itemtype=\"https:\/\/schema.org\/BlogPosting\" itemprop=\"blogPost\" ><div class='avia_textblock  '   itemprop=\"text\" ><p class=\"v1MsoNormal\" style=\"text-align: justify;\">La Corte de Apelaciones de Coyhaique confirm\u00f3 la sentencia que conden\u00f3 a Sergio Gonzalo Angulo Quinan a la pena efectiva de 10 a\u00f1os y un d\u00eda de presidio, en calidad de autor del delito consumado de robo con intimidaci\u00f3n. Il\u00edcito perpetrado en marzo del a\u00f1o pasado.<\/p>\n<p class=\"v1MsoNormal\" style=\"text-align: justify;\">En fallo un\u00e1nime (causa rol 155-2023), la Primera Sala del tribunal de alzada \u2013integrada por los ministros Pedro Castro, Luis Aedo Mora y Natalia Rencoret Oliva\u2013 descart\u00f3 error de derecho en la sentencia impugnada, dictada por el Tribunal de Juicio Oral en lo Penal de Coyhaique.<\/p>\n<p class=\"v1MsoNormal\" style=\"text-align: justify;\">\u00abQue, en las condiciones expuestas, no apareciendo de los antecedentes que se conocen, que en el pronunciamiento de la sentencia recurrida se haya cometido el motivo de nulidad absoluto denunciado y que, por el contrario, se dio cumplimiento a lo exigido en el art\u00edculo 342, letra c), del C\u00f3digo Procesal Penal, esto es, la exposici\u00f3n clara l\u00f3gica y completa de cada uno de los hechos y circunstancias que se dieren por probados, fueren ellos favorables o desfavorables al acusado, y de la valoraci\u00f3n de los medios de prueba y fundamentaren dichas conclusiones de acuerdo con lo dispuestos en el art\u00edculo 297 del mismo cuerpo legal, m\u00e1s a\u00fan, tambi\u00e9n de las razones legales o doctrinales que sirvieron de base para fundar el fallo, puesto que seg\u00fan se ha se\u00f1alado, en la sentencia se indican claramente los hechos y medios de pruebas rendidos y valorados y los motivos de su decisi\u00f3n\u00bb, afirma el fallo.<\/p>\n<p class=\"v1MsoNormal\" style=\"text-align: justify;\">Por tanto, se resuelve\u00a0que: \u00ab<b>SE RECHAZA<\/b>\u00a0el recurso de nulidad deducido por la defensa, en contra de la sentencia definitiva de fecha 5 de junio de 2023, dictada por el Tribunal de Juicio Oral en lo Penal de Coyhaique, conforme a la cual se condena al imputado Sergio Gonzalo Angulo Quinan, como autor del delito consumado de robo con intimidaci\u00f3n, la que, en consecuencia, no es nula, como tampoco el Juicio Oral en la que se dict\u00f3\u00bb.<\/p>\n<p class=\"v1MsoNormal\" style=\"text-align: justify;\">Recordar que el tribunal dio por acreditado, m\u00e1s all\u00e1 de toda duda razonable, que alrededor de las cinco de la madrugada del 5 de marzo de 2022,\u00a0Sergio Gonzalo Angulo Quinan, junto a otro imputado y con la finalidad de sustraer y apropiarse de especies, ingresaron a la vivienda de la v\u00edctima, ubicado en el sector alto de la ciudad de Coyhaique. Una vez al interior del inmueble, subieron al segundo piso, la despertaron y, bajo amenazas con un cuchillo, le exigieron la entrega de $3.000.000, monto que sab\u00edan que manten\u00eda en su poder. Adem\u00e1s, se llevaron botellas de alcohol.<\/p>\n<\/div><\/section><\/div><div  style='height:50px' class='hr hr-invisible   avia-builder-el-6  el_after_av_one_full  el_before_av_social_share '><span class='hr-inner ' ><span class='hr-inner-style'><\/span><\/span><\/div><\/p>\n<div  class='av-social-sharing-box  avia-builder-el-7  el_after_av_hr  el_before_av_hr  '><div class='av-share-box'><h5 class='av-share-link-description av-no-toc '>Compartir esta noticia<\/h5><ul class='av-share-box-list noLightbox'><li class='av-share-link av-social-link-facebook' ><a target=\"_blank\" aria-label=\"Compartir en Facebook\" href='https:\/\/www.facebook.com\/sharer.php?u=https:\/\/radiorevelacionfm.cl\/?p=33668&#038;t=Corte%20confirma%20condena%20de%2010%20a%C3%B1os%20y%20un%20d%C3%ADa%20de%20presidio%20por%20robo%20con%20intimidaci%C3%B3n%20en%20Coyhaique' aria-hidden='false' data-av_icon='\ue8f3' data-av_iconfont='entypo-fontello' title='' data-avia-related-tooltip='Compartir en Facebook' rel=\"noopener\"><span class='avia_hidden_link_text'>Compartir en Facebook<\/span><\/a><\/li><li class='av-share-link av-social-link-twitter' ><a target=\"_blank\" aria-label=\"Compartir en Twitter\" href='https:\/\/twitter.com\/share?text=Corte%20confirma%20condena%20de%2010%20a%C3%B1os%20y%20un%20d%C3%ADa%20de%20presidio%20por%20robo%20con%20intimidaci%C3%B3n%20en%20Coyhaique&#038;url=https:\/\/radiorevelacionfm.cl\/?p=33668' aria-hidden='false' data-av_icon='\ue8f1' data-av_iconfont='entypo-fontello' title='' data-avia-related-tooltip='Compartir en Twitter' rel=\"noopener\"><span class='avia_hidden_link_text'>Compartir en Twitter<\/span><\/a><\/li><li class='av-share-link av-social-link-whatsapp' ><a target=\"_blank\" aria-label=\"Compartir en Whatsapp\" href='https:\/\/api.whatsapp.com\/send?text=https:\/\/radiorevelacionfm.cl\/?p=33668' aria-hidden='false' data-av_icon='\uf232' data-av_iconfont='entypo-fontello' title='' data-avia-related-tooltip='Compartir en Whatsapp' rel=\"noopener\"><span class='avia_hidden_link_text'>Compartir en Whatsapp<\/span><\/a><\/li><li class='av-share-link av-social-link-linkedin' ><a target=\"_blank\" aria-label=\"Compartir en LinkedIn\" href='https:\/\/linkedin.com\/shareArticle?mini=true&#038;title=Corte%20confirma%20condena%20de%2010%20a%C3%B1os%20y%20un%20d%C3%ADa%20de%20presidio%20por%20robo%20con%20intimidaci%C3%B3n%20en%20Coyhaique&#038;url=https:\/\/radiorevelacionfm.cl\/?p=33668' aria-hidden='false' data-av_icon='\ue8fc' data-av_iconfont='entypo-fontello' title='' data-avia-related-tooltip='Compartir en LinkedIn' rel=\"noopener\"><span class='avia_hidden_link_text'>Compartir en LinkedIn<\/span><\/a><\/li><li class='av-share-link av-social-link-mail' ><a  aria-label=\"Compartir por correo\" href='mailto:?subject=Corte%20confirma%20condena%20de%2010%20a%C3%B1os%20y%20un%20d%C3%ADa%20de%20presidio%20por%20robo%20con%20intimidaci%C3%B3n%20en%20Coyhaique&#038;body=https:\/\/radiorevelacionfm.cl\/?p=33668' aria-hidden='false' data-av_icon='\ue805' data-av_iconfont='entypo-fontello' title='' data-avia-related-tooltip='Compartir por correo'><span class='avia_hidden_link_text'>Compartir por correo<\/span><\/a><\/li><\/ul><\/div><\/div>\n<div  style='height:50px' class='hr hr-invisible   avia-builder-el-8  el_after_av_social_share  el_before_av_comments_list '><span class='hr-inner ' ><span class='hr-inner-style'><\/span><\/span><\/div>\n<div  class='av-buildercomment  av-blog-meta-html-info-disabled av-blog-meta-tag-disabled  '><\/div>\n","protected":false},"excerpt":{"rendered":"","protected":false},"author":1,"featured_media":8540,"comment_status":"open","ping_status":"open","sticky":false,"template":"","format":"standard","meta":{"footnotes":""},"categories":[55],"tags":[],"class_list":["post-33668","post","type-post","status-publish","format-standard","has-post-thumbnail","hentry","category-justicia"],"jetpack_featured_media_url":"https:\/\/radiorevelacionfm.cl\/wp-content\/uploads\/2021\/09\/foto-corte-apelaciones-coyhaique-1_optimized.jpg","_links":{"self":[{"href":"https:\/\/radiorevelacionfm.cl\/index.php?rest_route=\/wp\/v2\/posts\/33668","targetHints":{"allow":["GET"]}}],"collection":[{"href":"https:\/\/radiorevelacionfm.cl\/index.php?rest_route=\/wp\/v2\/posts"}],"about":[{"href":"https:\/\/radiorevelacionfm.cl\/index.php?rest_route=\/wp\/v2\/types\/post"}],"author":[{"embeddable":true,"href":"https:\/\/radiorevelacionfm.cl\/index.php?rest_route=\/wp\/v2\/users\/1"}],"replies":[{"embeddable":true,"href":"https:\/\/radiorevelacionfm.cl\/index.php?rest_route=%2Fwp%2Fv2%2Fcomments&post=33668"}],"version-history":[{"count":1,"href":"https:\/\/radiorevelacionfm.cl\/index.php?rest_route=\/wp\/v2\/posts\/33668\/revisions"}],"predecessor-version":[{"id":33669,"href":"https:\/\/radiorevelacionfm.cl\/index.php?rest_route=\/wp\/v2\/posts\/33668\/revisions\/33669"}],"wp:featuredmedia":[{"embeddable":true,"href":"https:\/\/radiorevelacionfm.cl\/index.php?rest_route=\/wp\/v2\/media\/8540"}],"wp:attachment":[{"href":"https:\/\/radiorevelacionfm.cl\/index.php?rest_route=%2Fwp%2Fv2%2Fmedia&parent=33668"}],"wp:term":[{"taxonomy":"category","embeddable":true,"href":"https:\/\/radiorevelacionfm.cl\/index.php?rest_route=%2Fwp%2Fv2%2Fcategories&post=33668"},{"taxonomy":"post_tag","embeddable":true,"href":"https:\/\/radiorevelacionfm.cl\/index.php?rest_route=%2Fwp%2Fv2%2Ftags&post=33668"}],"curies":[{"name":"wp","href":"https:\/\/api.w.org\/{rel}","templated":true}]}}