{"id":33665,"date":"2023-08-07T20:03:55","date_gmt":"2023-08-07T23:03:55","guid":{"rendered":"https:\/\/radiorevelacionfm.cl\/?p=33665"},"modified":"2023-08-07T20:03:55","modified_gmt":"2023-08-07T23:03:55","slug":"avanza-en-el-congreso-ley-que-fortalece-y-flexibiliza-el-seguro-de-cesantia","status":"publish","type":"post","link":"https:\/\/radiorevelacionfm.cl\/?p=33665","title":{"rendered":"Avanza en el Congreso ley que fortalece y flexibiliza el Seguro de Cesant\u00eda"},"content":{"rendered":"<div class=\"flex_column av_one_full  flex_column_div av-zero-column-padding first  avia-builder-el-0  el_before_av_one_full  avia-builder-el-first  \" style='border-radius:0px; '><div  class='avia-image-container  av-styling-    avia-builder-el-1  avia-builder-el-no-sibling  avia-align-center '  itemprop=\"image\" itemscope=\"itemscope\" itemtype=\"https:\/\/schema.org\/ImageObject\"  ><div class='avia-image-container-inner'><div class='avia-image-overlay-wrap'><img decoding=\"async\" class='wp-image-33666 avia-img-lazy-loading-not-33666 avia_image' src=\"https:\/\/radiorevelacionfm.cl\/wp-content\/uploads\/2023\/08\/seremis-trabajo-y-gobierno-1-1.jpg\" alt='' title='seremis trabajo y gobierno (1) (1)' height=\"600\" width=\"831\"  itemprop=\"thumbnailUrl\" srcset=\"https:\/\/radiorevelacionfm.cl\/wp-content\/uploads\/2023\/08\/seremis-trabajo-y-gobierno-1-1.jpg 831w, https:\/\/radiorevelacionfm.cl\/wp-content\/uploads\/2023\/08\/seremis-trabajo-y-gobierno-1-1-300x217.jpg 300w, https:\/\/radiorevelacionfm.cl\/wp-content\/uploads\/2023\/08\/seremis-trabajo-y-gobierno-1-1-768x555.jpg 768w, https:\/\/radiorevelacionfm.cl\/wp-content\/uploads\/2023\/08\/seremis-trabajo-y-gobierno-1-1-705x509.jpg 705w, https:\/\/radiorevelacionfm.cl\/wp-content\/uploads\/2023\/08\/seremis-trabajo-y-gobierno-1-1-450x325.jpg 450w, https:\/\/radiorevelacionfm.cl\/wp-content\/uploads\/2023\/08\/seremis-trabajo-y-gobierno-1-1-600x433.jpg 600w\" sizes=\"(max-width: 831px) 100vw, 831px\" \/><\/div><\/div><\/div><\/div>\n<div class=\"flex_column av_one_full  flex_column_div av-zero-column-padding first  avia-builder-el-2  el_after_av_one_full  el_before_av_one_full  column-top-margin\" style='border-radius:0px; '><section class=\"av_textblock_section \"  itemscope=\"itemscope\" itemtype=\"https:\/\/schema.org\/BlogPosting\" itemprop=\"blogPost\" ><div class='avia_textblock  '   itemprop=\"text\" ><p style=\"text-align: center;\"><strong><span style=\"font-size: 18pt;\">Avanza en el Congreso ley que fortalece y flexibiliza el Seguro de Cesant\u00eda<\/span><\/strong><\/p>\n<div id=\"gtx-trans\" style=\"position: absolute; left: -50px; top: 4.31534px;\">\n<div class=\"gtx-trans-icon\"><\/div>\n<\/div>\n<\/div><\/section><\/div><div class=\"flex_column av_one_full  flex_column_div av-zero-column-padding first  avia-builder-el-4  el_after_av_one_full  el_before_av_hr  column-top-margin\" style='border-radius:0px; '><section class=\"av_textblock_section \"  itemscope=\"itemscope\" itemtype=\"https:\/\/schema.org\/BlogPosting\" itemprop=\"blogPost\" ><div class='avia_textblock  '   itemprop=\"text\" ><p style=\"text-align: justify;\">La Sala de la C\u00e1mara de Diputadas y Diputados aprob\u00f3, por 133 votos a favor y una abstenci\u00f3n, el proyecto de ley del Gobierno que fortalece los beneficios del Seguro de Cesant\u00eda y flexibiliza los requisitos para el acceso a sus prestaciones. La iniciativa, que hab\u00eda sido previamente aprobada por las comisiones de Hacienda y Trabajo de la corporaci\u00f3n, fue despachada as\u00ed al Senado para continuar con su segundo tr\u00e1mite constitucional.<\/p>\n<p style=\"text-align: justify;\">Cabe se\u00f1alar que la iniciativa, que tuvo su origen en el acuerdo alcanzado por el Gobierno con la Central Unitaria de Trabajadores (CUT) en 2022, en el marco de la negociaci\u00f3n por el alza del salario m\u00ednimo, fue ingresada al Congreso a inicios de junio de este a\u00f1o. Adem\u00e1s, fue revisada por la Comisi\u00f3n de Usuarios del Seguro de Cesant\u00eda, donde est\u00e1n representados trabajadores y empleadores a trav\u00e9s de la CUT y la Confederaci\u00f3n de la Producci\u00f3n y del Comercio (CPC).<\/p>\n<p style=\"text-align: justify;\">\u201cComo Gobierno, tenemos la convicci\u00f3n de que el Seguro de Cesant\u00eda ser\u00e1 un apoyo significativo para las y los trabajadores de la regi\u00f3n, del pa\u00eds y sus familias. Esperamos una acogida similar en el segundo tr\u00e1mite en el Senado, para as\u00ed dar cumplimiento a uno de los compromisos del Presidente Gabriel Boric en su \u00faltima Cuenta P\u00fablica\u201d, se\u00f1al\u00f3 al respecto el Seremi (S) de Gobierno, Alan Espinoza Ortiz.<\/p>\n<p style=\"text-align: justify;\">El proyecto de ley presentado por el Ejecutivo robustece los beneficios que entrega el Seguro de Cesant\u00eda. En primer lugar, incrementa la tasa de reemplazo del segundo mes de las prestaciones con cargo a la Cuenta Individual de Cesant\u00eda (CIC), pasando del 55% al 60% del respectivo promedio de remuneraciones.<\/p>\n<p style=\"text-align: justify;\">\u201cNos alegramos de que siga avanzando con consenso en el Congreso, ya que se busca entregar mayor flexibilidad en los requisitos para acceder a este seguro, por ejemplo, disminuyendo la cantidad de cotizaciones exigidas y apoyando a quienes pierdan su trabajo en una zona declarada en estado de cat\u00e1strofe, ya sea por calamidad p\u00fablica o por alerta sanitaria, implicando la paralizaci\u00f3n de actividades\u201d, destac\u00f3 por su parte la Seremi (S) de Trabajo y Previsi\u00f3n Social, Paulina Ruz Delf\u00edn.<\/p>\n<p style=\"text-align: justify;\"><strong>El proyecto<\/strong><\/p>\n<p style=\"text-align: justify;\">Al mismo tiempo, se plantea la mejora de las tasas de reemplazo con cargo al Fondo de Cesant\u00eda Solidario (FCS):<\/p>\n<ul style=\"text-align: justify;\">\n<li>En el caso de los trabajadores con contrato indefinido y de casa particular, se establece un aumento de la tasa de reemplazo del segundo mes de beneficio, pasando de 55% a 60%. Tambi\u00e9n se actualizan los respectivos l\u00edmites m\u00ednimo y m\u00e1ximo.<\/li>\n<li>Para trabajadores con contrato a plazo fijo, se fija un aumento de la tasa de reemplazo del primer mes de beneficio, pasando del 50% al 60%. Junto a ello, se agregan un cuarto y quinto giro, con una tasa de reemplazo de 30% cada uno, quedando con cinco giros mensuales desde los tres actuales.<\/li>\n<\/ul>\n<p style=\"text-align: justify;\">Adem\u00e1s, se propone flexibilizar los requisitos de acceso a las prestaciones del Seguro de Cesant\u00eda:<\/p>\n<ol>\n<li style=\"text-align: justify;\">a) Se disminuye el requisito del n\u00famero de cotizaciones registradas en la Cuenta Individual por Cesant\u00eda, que permite el acceso a las prestaciones con cargo a dicha cuenta, del siguiente modo: \u2022 Contrato indefinido o trabajador de casa particular: se rebaja de 12 a 10 cotizaciones mensuales continuas o discontinuas. \u2022 Trabajador con contrato a plazo fijo o por obra, trabajo o servicio determinado: se rebaja de 6 a 5 cotizaciones mensuales continuas o discontinuas.<\/li>\n<li style=\"text-align: justify;\">b) Se disminuye el requisito del n\u00famero de cotizaciones registradas en la Cuenta Individual por Cesant\u00eda, que permite el acceso a las prestaciones con cargo al Fondo de Cesant\u00eda Solidario, del siguiente modo: \u2022 Trabajador con contrato indefinido o trabajador de casa particular: se rebaja de 12 a 10 cotizaciones. Las tres \u00faltimas cotizaciones deben ser continuas y con el mismo empleador. \u2022 Trabajador con contrato a plazo fijo, o para una obra, trabajo o servicio determinado: se rebaja de 6 a 5 cotizaciones.<\/li>\n<\/ol>\n<\/div><\/section><\/div><\/p>\n<div  style='height:50px' class='hr hr-invisible   avia-builder-el-6  el_after_av_one_full  el_before_av_social_share '><span class='hr-inner ' ><span class='hr-inner-style'><\/span><\/span><\/div>\n<div  class='av-social-sharing-box  avia-builder-el-7  el_after_av_hr  el_before_av_hr  '><div class='av-share-box'><h5 class='av-share-link-description av-no-toc '>Compartir esta noticia<\/h5><ul class='av-share-box-list noLightbox'><li class='av-share-link av-social-link-facebook' ><a target=\"_blank\" aria-label=\"Compartir en Facebook\" href='https:\/\/www.facebook.com\/sharer.php?u=https:\/\/radiorevelacionfm.cl\/?p=33665&#038;t=Avanza%20en%20el%20Congreso%20ley%20que%20fortalece%20y%20flexibiliza%20el%20Seguro%20de%20Cesant%C3%ADa' aria-hidden='false' data-av_icon='\ue8f3' data-av_iconfont='entypo-fontello' title='' data-avia-related-tooltip='Compartir en Facebook' rel=\"noopener\"><span class='avia_hidden_link_text'>Compartir en Facebook<\/span><\/a><\/li><li class='av-share-link av-social-link-twitter' ><a target=\"_blank\" aria-label=\"Compartir en Twitter\" href='https:\/\/twitter.com\/share?text=Avanza%20en%20el%20Congreso%20ley%20que%20fortalece%20y%20flexibiliza%20el%20Seguro%20de%20Cesant%C3%ADa&#038;url=https:\/\/radiorevelacionfm.cl\/?p=33665' aria-hidden='false' data-av_icon='\ue8f1' data-av_iconfont='entypo-fontello' title='' data-avia-related-tooltip='Compartir en Twitter' rel=\"noopener\"><span class='avia_hidden_link_text'>Compartir en Twitter<\/span><\/a><\/li><li class='av-share-link av-social-link-whatsapp' ><a target=\"_blank\" aria-label=\"Compartir en Whatsapp\" href='https:\/\/api.whatsapp.com\/send?text=https:\/\/radiorevelacionfm.cl\/?p=33665' aria-hidden='false' data-av_icon='\uf232' data-av_iconfont='entypo-fontello' title='' data-avia-related-tooltip='Compartir en Whatsapp' rel=\"noopener\"><span class='avia_hidden_link_text'>Compartir en Whatsapp<\/span><\/a><\/li><li class='av-share-link av-social-link-linkedin' ><a target=\"_blank\" aria-label=\"Compartir en LinkedIn\" href='https:\/\/linkedin.com\/shareArticle?mini=true&#038;title=Avanza%20en%20el%20Congreso%20ley%20que%20fortalece%20y%20flexibiliza%20el%20Seguro%20de%20Cesant%C3%ADa&#038;url=https:\/\/radiorevelacionfm.cl\/?p=33665' aria-hidden='false' data-av_icon='\ue8fc' data-av_iconfont='entypo-fontello' title='' data-avia-related-tooltip='Compartir en LinkedIn' rel=\"noopener\"><span class='avia_hidden_link_text'>Compartir en LinkedIn<\/span><\/a><\/li><li class='av-share-link av-social-link-mail' ><a  aria-label=\"Compartir por correo\" href='mailto:?subject=Avanza%20en%20el%20Congreso%20ley%20que%20fortalece%20y%20flexibiliza%20el%20Seguro%20de%20Cesant%C3%ADa&#038;body=https:\/\/radiorevelacionfm.cl\/?p=33665' aria-hidden='false' data-av_icon='\ue805' data-av_iconfont='entypo-fontello' title='' data-avia-related-tooltip='Compartir por correo'><span class='avia_hidden_link_text'>Compartir por correo<\/span><\/a><\/li><\/ul><\/div><\/div>\n<div  style='height:50px' class='hr hr-invisible   avia-builder-el-8  el_after_av_social_share  el_before_av_comments_list '><span class='hr-inner ' ><span class='hr-inner-style'><\/span><\/span><\/div>\n<div  class='av-buildercomment  av-blog-meta-html-info-disabled av-blog-meta-tag-disabled  '><\/div>\n","protected":false},"excerpt":{"rendered":"","protected":false},"author":1,"featured_media":33666,"comment_status":"open","ping_status":"open","sticky":false,"template":"","format":"standard","meta":{"footnotes":""},"categories":[38],"tags":[],"class_list":["post-33665","post","type-post","status-publish","format-standard","has-post-thumbnail","hentry","category-regional"],"jetpack_featured_media_url":"https:\/\/radiorevelacionfm.cl\/wp-content\/uploads\/2023\/08\/seremis-trabajo-y-gobierno-1-1.jpg","_links":{"self":[{"href":"https:\/\/radiorevelacionfm.cl\/index.php?rest_route=\/wp\/v2\/posts\/33665","targetHints":{"allow":["GET"]}}],"collection":[{"href":"https:\/\/radiorevelacionfm.cl\/index.php?rest_route=\/wp\/v2\/posts"}],"about":[{"href":"https:\/\/radiorevelacionfm.cl\/index.php?rest_route=\/wp\/v2\/types\/post"}],"author":[{"embeddable":true,"href":"https:\/\/radiorevelacionfm.cl\/index.php?rest_route=\/wp\/v2\/users\/1"}],"replies":[{"embeddable":true,"href":"https:\/\/radiorevelacionfm.cl\/index.php?rest_route=%2Fwp%2Fv2%2Fcomments&post=33665"}],"version-history":[{"count":2,"href":"https:\/\/radiorevelacionfm.cl\/index.php?rest_route=\/wp\/v2\/posts\/33665\/revisions"}],"predecessor-version":[{"id":33701,"href":"https:\/\/radiorevelacionfm.cl\/index.php?rest_route=\/wp\/v2\/posts\/33665\/revisions\/33701"}],"wp:featuredmedia":[{"embeddable":true,"href":"https:\/\/radiorevelacionfm.cl\/index.php?rest_route=\/wp\/v2\/media\/33666"}],"wp:attachment":[{"href":"https:\/\/radiorevelacionfm.cl\/index.php?rest_route=%2Fwp%2Fv2%2Fmedia&parent=33665"}],"wp:term":[{"taxonomy":"category","embeddable":true,"href":"https:\/\/radiorevelacionfm.cl\/index.php?rest_route=%2Fwp%2Fv2%2Fcategories&post=33665"},{"taxonomy":"post_tag","embeddable":true,"href":"https:\/\/radiorevelacionfm.cl\/index.php?rest_route=%2Fwp%2Fv2%2Ftags&post=33665"}],"curies":[{"name":"wp","href":"https:\/\/api.w.org\/{rel}","templated":true}]}}