{"id":3366,"date":"2021-04-21T17:48:43","date_gmt":"2021-04-21T20:48:43","guid":{"rendered":"https:\/\/radiorevelacionfm.cl\/?p=3366"},"modified":"2021-04-21T17:48:43","modified_gmt":"2021-04-21T20:48:43","slug":"calisto-por-decision-del-gobierno-de-recurrir-al-tc-por-tercer-retiro-existe-una-desconexion-absoluta-de-la-realidad-por-parte-del-presidente-y-sus-ministros","status":"publish","type":"post","link":"https:\/\/radiorevelacionfm.cl\/?p=3366","title":{"rendered":"Calisto por decisi\u00f3n del Gobierno de recurrir al TC por tercer retiro \u201cExiste una desconexi\u00f3n absoluta de la realidad por parte del Presidente y sus ministros\u201d"},"content":{"rendered":"<div class=\"flex_column av_one_full  flex_column_div av-zero-column-padding first  avia-builder-el-0  el_before_av_one_full  avia-builder-el-first  \" style='border-radius:0px; '><div  class='avia-image-container  av-styling-    avia-builder-el-1  avia-builder-el-no-sibling  avia-align-center '  itemprop=\"image\" itemscope=\"itemscope\" itemtype=\"https:\/\/schema.org\/ImageObject\"  ><div class='avia-image-container-inner'><div class='avia-image-overlay-wrap'><img decoding=\"async\" class='wp-image-3367 avia-img-lazy-loading-not-3367 avia_image' src=\"https:\/\/radiorevelacionfm.cl\/wp-content\/uploads\/2021\/04\/CALISTO.jpg\" alt='' title='CALISTO' height=\"683\" width=\"1024\"  itemprop=\"thumbnailUrl\" srcset=\"https:\/\/radiorevelacionfm.cl\/wp-content\/uploads\/2021\/04\/CALISTO.jpg 1024w, https:\/\/radiorevelacionfm.cl\/wp-content\/uploads\/2021\/04\/CALISTO-300x200.jpg 300w, https:\/\/radiorevelacionfm.cl\/wp-content\/uploads\/2021\/04\/CALISTO-768x512.jpg 768w, https:\/\/radiorevelacionfm.cl\/wp-content\/uploads\/2021\/04\/CALISTO-705x470.jpg 705w, https:\/\/radiorevelacionfm.cl\/wp-content\/uploads\/2021\/04\/CALISTO-600x400.jpg 600w\" sizes=\"(max-width: 1024px) 100vw, 1024px\" \/><\/div><\/div><\/div><\/div><div class=\"flex_column av_one_full  flex_column_div av-zero-column-padding first  avia-builder-el-2  el_after_av_one_full  el_before_av_one_full  column-top-margin\" style='border-radius:0px; '><section class=\"av_textblock_section \"  itemscope=\"itemscope\" itemtype=\"https:\/\/schema.org\/BlogPosting\" itemprop=\"blogPost\" ><div class='avia_textblock  '   itemprop=\"text\" ><p style=\"text-align: center;\"><span style=\"font-size: 18pt;\"><strong>Calisto por decisi\u00f3n del Gobierno de recurrir al TC por tercer retiro \u201cExiste una desconexi\u00f3n absoluta de la realidad por parte del Presidente y sus ministros\u201d<\/strong><\/span><\/p>\n<div id=\"gtx-trans\" style=\"position: absolute; left: -50px; top: 4.31534px;\">\n<div class=\"gtx-trans-icon\"><\/div>\n<\/div>\n<\/div><\/section><\/div><div class=\"flex_column av_one_full  flex_column_div av-zero-column-padding first  avia-builder-el-4  el_after_av_one_full  el_before_av_hr  column-top-margin\" style='border-radius:0px; '><section class=\"av_textblock_section \"  itemscope=\"itemscope\" itemtype=\"https:\/\/schema.org\/BlogPosting\" itemprop=\"blogPost\" ><div class='avia_textblock  '   itemprop=\"text\" ><p style=\"font-weight: 400; text-align: justify;\">Como una decisi\u00f3n lamentable que demuestra una desconexi\u00f3n con la realidad, calific\u00f3 el diputado Miguel \u00c1ngel Calisto la decisi\u00f3n del Gobierno de recurrir al Tribunal Constitucional por el proyecto que permite un tercer retiro de los ahorros previsionales, acusando adem\u00e1s que se trata de una \u201cprovocaci\u00f3n que no vamos a aceptar\u201d.<\/p>\n<p style=\"font-weight: 400; text-align: justify;\">Seg\u00fan el legislador, \u201cquiero lamentar la decisi\u00f3n del Gobierno de llevar el proyecto de tercer retiro de un porcentaje de los ahorros previsionales al Tribunal Constitucional. Me parece que existe una desconexi\u00f3n absoluta por parte del Presidente y sus Ministros respecto de la realidad econ\u00f3mica de nuestro pa\u00eds y las necesidades que hoy en d\u00eda tienen las familias m\u00e1s pobres\u201d.<\/p>\n<p style=\"font-weight: 400; text-align: justify;\">\u201cPr\u00e1cticamente dos millones de chilenos han quedado sin empleo, un 73% de las micro y peque\u00f1as empresas, han se\u00f1alado que est\u00e1n recibiendo menos de la mitad de los ingresos que recib\u00edan antes de la pandemia. Estamos enfrentados a una de las crisis m\u00e1s grandes de los \u00faltimos 150 a\u00f1os, y de parte del Gobierno recibimos una absoluta inconciencia respecto de la realidad social y econ\u00f3mica del pa\u00eds\u201d, indic\u00f3.<\/p>\n<p style=\"font-weight: 400; text-align: justify;\"><strong>Una Provocaci\u00f3n<\/strong><\/p>\n<p style=\"font-weight: 400; text-align: justify;\">El parlamentario adem\u00e1s asegur\u00f3 que \u201ctodo esto es una provocaci\u00f3n que no vamos a aceptar. Espero que el Gobierno recapacite, porque lo que est\u00e1 generando es una afectaci\u00f3n a diez millones de chilenos que tienen puestas sus esperanzas en este tercer retiro, proyecto del cual soy uno de los autores, que adem\u00e1s considera beneficios para los pensionados por Rentas Vitalicias que no han recibido ning\u00fan apoyo durante toda la crisis\u201d.<\/p>\n<p style=\"font-weight: 400; text-align: justify;\">\u201cEl Gobierno debe dejar de mirar a la gente desde la tecnocracia, desde la comodidad del poder, y entender que hoy en d\u00eda m\u00e1s que nunca se requiere apoyo para la gente m\u00e1s modesta y la clase media, que ha visto c\u00f3mo sus peque\u00f1os negocios no est\u00e1n dando como antes o han visto quebrar sus emprendimientos\u201d, afirm\u00f3.<\/p>\n<p style=\"font-weight: 400; text-align: justify;\">Finalmente, el diputado Miguel \u00c1ngel Calisto se\u00f1al\u00f3 que \u201cyo prefiero que la gente que ya est\u00e1 endeudada y quiere mantener sus emprendimientos, puedan recurrir a sus propios fondos previsionales, y no tengan que recurrir a la banca o las financieras\u201d.<\/p>\n<\/div><\/section><\/div><div  style='height:50px' class='hr hr-invisible   avia-builder-el-6  el_after_av_one_full  el_before_av_social_share '><span class='hr-inner ' ><span class='hr-inner-style'><\/span><\/span><\/div><\/p>\n<div  class='av-social-sharing-box  avia-builder-el-7  el_after_av_hr  el_before_av_hr  '><div class='av-share-box'><h5 class='av-share-link-description av-no-toc '>Compartir esta noticia<\/h5><ul class='av-share-box-list noLightbox'><li class='av-share-link av-social-link-facebook' ><a target=\"_blank\" aria-label=\"Compartir en Facebook\" href='https:\/\/www.facebook.com\/sharer.php?u=https:\/\/radiorevelacionfm.cl\/?p=3366&#038;t=Calisto%20por%20decisi%C3%B3n%20del%20Gobierno%20de%20recurrir%20al%20TC%20por%20tercer%20retiro%20%E2%80%9CExiste%20una%20desconexi%C3%B3n%20absoluta%20de%20la%20realidad%20por%20parte%20del%20Presidente%20y%20sus%20ministros%E2%80%9D' aria-hidden='false' data-av_icon='\ue8f3' data-av_iconfont='entypo-fontello' title='' data-avia-related-tooltip='Compartir en Facebook' rel=\"noopener\"><span class='avia_hidden_link_text'>Compartir en Facebook<\/span><\/a><\/li><li class='av-share-link av-social-link-twitter' ><a target=\"_blank\" aria-label=\"Compartir en Twitter\" href='https:\/\/twitter.com\/share?text=Calisto%20por%20decisi%C3%B3n%20del%20Gobierno%20de%20recurrir%20al%20TC%20por%20tercer%20retiro%20%E2%80%9CExiste%20una%20desconexi%C3%B3n%20absoluta%20de%20la%20realidad%20por%20parte%20del%20Presidente%20y%20sus%20ministros%E2%80%9D&#038;url=https:\/\/radiorevelacionfm.cl\/?p=3366' aria-hidden='false' data-av_icon='\ue8f1' data-av_iconfont='entypo-fontello' title='' data-avia-related-tooltip='Compartir en Twitter' rel=\"noopener\"><span class='avia_hidden_link_text'>Compartir en Twitter<\/span><\/a><\/li><li class='av-share-link av-social-link-whatsapp' ><a target=\"_blank\" aria-label=\"Compartir en Whatsapp\" href='https:\/\/api.whatsapp.com\/send?text=https:\/\/radiorevelacionfm.cl\/?p=3366' aria-hidden='false' data-av_icon='\uf232' data-av_iconfont='entypo-fontello' title='' data-avia-related-tooltip='Compartir en Whatsapp' rel=\"noopener\"><span class='avia_hidden_link_text'>Compartir en Whatsapp<\/span><\/a><\/li><li class='av-share-link av-social-link-linkedin' ><a target=\"_blank\" aria-label=\"Compartir en LinkedIn\" href='https:\/\/linkedin.com\/shareArticle?mini=true&#038;title=Calisto%20por%20decisi%C3%B3n%20del%20Gobierno%20de%20recurrir%20al%20TC%20por%20tercer%20retiro%20%E2%80%9CExiste%20una%20desconexi%C3%B3n%20absoluta%20de%20la%20realidad%20por%20parte%20del%20Presidente%20y%20sus%20ministros%E2%80%9D&#038;url=https:\/\/radiorevelacionfm.cl\/?p=3366' aria-hidden='false' data-av_icon='\ue8fc' data-av_iconfont='entypo-fontello' title='' data-avia-related-tooltip='Compartir en LinkedIn' rel=\"noopener\"><span class='avia_hidden_link_text'>Compartir en LinkedIn<\/span><\/a><\/li><li class='av-share-link av-social-link-mail' ><a  aria-label=\"Compartir por correo\" href='mailto:?subject=Calisto%20por%20decisi%C3%B3n%20del%20Gobierno%20de%20recurrir%20al%20TC%20por%20tercer%20retiro%20%E2%80%9CExiste%20una%20desconexi%C3%B3n%20absoluta%20de%20la%20realidad%20por%20parte%20del%20Presidente%20y%20sus%20ministros%E2%80%9D&#038;body=https:\/\/radiorevelacionfm.cl\/?p=3366' aria-hidden='false' data-av_icon='\ue805' data-av_iconfont='entypo-fontello' title='' data-avia-related-tooltip='Compartir por correo'><span class='avia_hidden_link_text'>Compartir por correo<\/span><\/a><\/li><\/ul><\/div><\/div>\n<div  style='height:50px' class='hr hr-invisible   avia-builder-el-8  el_after_av_social_share  el_before_av_comments_list '><span class='hr-inner ' ><span class='hr-inner-style'><\/span><\/span><\/div>\n<div  class='av-buildercomment  av-blog-meta-html-info-disabled av-blog-meta-tag-disabled  '><\/div>\n","protected":false},"excerpt":{"rendered":"","protected":false},"author":1,"featured_media":3367,"comment_status":"open","ping_status":"open","sticky":false,"template":"","format":"standard","meta":{"footnotes":""},"categories":[35],"tags":[],"class_list":["post-3366","post","type-post","status-publish","format-standard","has-post-thumbnail","hentry","category-politica"],"jetpack_featured_media_url":"https:\/\/radiorevelacionfm.cl\/wp-content\/uploads\/2021\/04\/CALISTO.jpg","_links":{"self":[{"href":"https:\/\/radiorevelacionfm.cl\/index.php?rest_route=\/wp\/v2\/posts\/3366","targetHints":{"allow":["GET"]}}],"collection":[{"href":"https:\/\/radiorevelacionfm.cl\/index.php?rest_route=\/wp\/v2\/posts"}],"about":[{"href":"https:\/\/radiorevelacionfm.cl\/index.php?rest_route=\/wp\/v2\/types\/post"}],"author":[{"embeddable":true,"href":"https:\/\/radiorevelacionfm.cl\/index.php?rest_route=\/wp\/v2\/users\/1"}],"replies":[{"embeddable":true,"href":"https:\/\/radiorevelacionfm.cl\/index.php?rest_route=%2Fwp%2Fv2%2Fcomments&post=3366"}],"version-history":[{"count":1,"href":"https:\/\/radiorevelacionfm.cl\/index.php?rest_route=\/wp\/v2\/posts\/3366\/revisions"}],"predecessor-version":[{"id":3368,"href":"https:\/\/radiorevelacionfm.cl\/index.php?rest_route=\/wp\/v2\/posts\/3366\/revisions\/3368"}],"wp:featuredmedia":[{"embeddable":true,"href":"https:\/\/radiorevelacionfm.cl\/index.php?rest_route=\/wp\/v2\/media\/3367"}],"wp:attachment":[{"href":"https:\/\/radiorevelacionfm.cl\/index.php?rest_route=%2Fwp%2Fv2%2Fmedia&parent=3366"}],"wp:term":[{"taxonomy":"category","embeddable":true,"href":"https:\/\/radiorevelacionfm.cl\/index.php?rest_route=%2Fwp%2Fv2%2Fcategories&post=3366"},{"taxonomy":"post_tag","embeddable":true,"href":"https:\/\/radiorevelacionfm.cl\/index.php?rest_route=%2Fwp%2Fv2%2Ftags&post=3366"}],"curies":[{"name":"wp","href":"https:\/\/api.w.org\/{rel}","templated":true}]}}