{"id":33658,"date":"2023-08-07T10:46:59","date_gmt":"2023-08-07T13:46:59","guid":{"rendered":"https:\/\/radiorevelacionfm.cl\/?p=33658"},"modified":"2023-08-07T10:46:59","modified_gmt":"2023-08-07T13:46:59","slug":"historica-aprobacion-crubc-otorga-primer-espacio-costero-marino-de-pueblos-originarios-en-la-region-de-aysen","status":"publish","type":"post","link":"https:\/\/radiorevelacionfm.cl\/?p=33658","title":{"rendered":"Hist\u00f3rica aprobaci\u00f3n: CRUBC otorga primer Espacio Costero Marino de Pueblos Originarios en la Regi\u00f3n de Ays\u00e9n"},"content":{"rendered":"<div class=\"flex_column av_one_full  flex_column_div av-zero-column-padding first  avia-builder-el-0  el_before_av_one_full  avia-builder-el-first  \" style='border-radius:0px; '><div  class='avia-image-container  av-styling-    avia-builder-el-1  avia-builder-el-no-sibling  avia-align-center '  itemprop=\"image\" itemscope=\"itemscope\" itemtype=\"https:\/\/schema.org\/ImageObject\"  ><div class='avia-image-container-inner'><div class='avia-image-overlay-wrap'><img decoding=\"async\" class='wp-image-33659 avia-img-lazy-loading-not-33659 avia_image' src=\"https:\/\/radiorevelacionfm.cl\/wp-content\/uploads\/2023\/08\/crubc-2-1_optimized.jpeg\" alt='' title='crubc-2-(1)_optimized' height=\"600\" width=\"1069\"  itemprop=\"thumbnailUrl\" srcset=\"https:\/\/radiorevelacionfm.cl\/wp-content\/uploads\/2023\/08\/crubc-2-1_optimized.jpeg 1069w, https:\/\/radiorevelacionfm.cl\/wp-content\/uploads\/2023\/08\/crubc-2-1_optimized-300x168.jpeg 300w, https:\/\/radiorevelacionfm.cl\/wp-content\/uploads\/2023\/08\/crubc-2-1_optimized-1030x578.jpeg 1030w, https:\/\/radiorevelacionfm.cl\/wp-content\/uploads\/2023\/08\/crubc-2-1_optimized-768x431.jpeg 768w, https:\/\/radiorevelacionfm.cl\/wp-content\/uploads\/2023\/08\/crubc-2-1_optimized-705x396.jpeg 705w, https:\/\/radiorevelacionfm.cl\/wp-content\/uploads\/2023\/08\/crubc-2-1_optimized-450x253.jpeg 450w, https:\/\/radiorevelacionfm.cl\/wp-content\/uploads\/2023\/08\/crubc-2-1_optimized-600x337.jpeg 600w\" sizes=\"(max-width: 1069px) 100vw, 1069px\" \/><\/div><\/div><\/div><\/div><div class=\"flex_column av_one_full  flex_column_div av-zero-column-padding first  avia-builder-el-2  el_after_av_one_full  el_before_av_one_full  column-top-margin\" style='border-radius:0px; '><section class=\"av_textblock_section \"  itemscope=\"itemscope\" itemtype=\"https:\/\/schema.org\/BlogPosting\" itemprop=\"blogPost\" ><div class='avia_textblock  '   itemprop=\"text\" ><p style=\"text-align: center;\"><strong><span style=\"font-size: 18pt;\">Hist\u00f3rica aprobaci\u00f3n: CRUBC otorga primer Espacio Costero Marino de Pueblos Originarios en la Regi\u00f3n de Ays\u00e9n<\/span><\/strong><\/p>\n<div id=\"gtx-trans\" style=\"position: absolute; left: -50px; top: 4.31534px;\">\n<div class=\"gtx-trans-icon\"><\/div>\n<\/div>\n<\/div><\/section><\/div><div class=\"flex_column av_one_full  flex_column_div av-zero-column-padding first  avia-builder-el-4  el_after_av_one_full  el_before_av_hr  column-top-margin\" style='border-radius:0px; '><section class=\"av_textblock_section \"  itemscope=\"itemscope\" itemtype=\"https:\/\/schema.org\/BlogPosting\" itemprop=\"blogPost\" ><div class='avia_textblock  '   itemprop=\"text\" ><p dir=\"ltr\" style=\"text-align: justify;\">Una hist\u00f3rica aprobaci\u00f3n de Espacio Costero Marino de Pueblo Originarios (ECMPO) se dio el pasado viernes en el Sal\u00f3n Padre Antonio Ronchi del Gobierno Regional de Ays\u00e9n, donde se celebr\u00f3 una nueva sesi\u00f3n de la Comisi\u00f3n Regional de Uso del Borde Costero (CRUBC), presidida por la Gobernadora Andrea Mac\u00edas Palma.<\/p>\n<p dir=\"ltr\" style=\"text-align: justify;\">Se trata del requerimiento realizado por la Comunidad Nahuelquin Delgado hace ya m\u00e1s de 20 a\u00f1os, que busca administrar una franja de espacio costero en Isla Traigu\u00e9n. Esta es la primera concesi\u00f3n de este tipo que ha sido otorgada por el Estado en la Regi\u00f3n de Ays\u00e9n.<\/p>\n<p dir=\"ltr\" style=\"text-align: justify;\">\u00abEste es un hito tremendamente importante en la regi\u00f3n, ya que es la primera de estas concesiones que se ha aprobado por parte de la Comisi\u00f3n Regional de Uso del Borde Costero y, por lo tanto, es la primera que va a poder ser decretada por el Ministerio de Defensa. Luego de esta aprobaci\u00f3n, le corresponde a la Subsecretar\u00eda de Pesca y Acuicultura el continuar el procedimiento, que tiene que ver con el establecimiento del plan de manejo y tambi\u00e9n el plan de administraci\u00f3n de este espacio. Un paso tremendamente importante para los pueblos originarios de nuestra regi\u00f3n\u00bb, se\u00f1al\u00f3 el Secretario Ejecutivo de la CRUBC y jefe de la Divisi\u00f3n de Planificaci\u00f3n del Gobierno Regional, Francisco Lara.<\/p>\n<p dir=\"ltr\" style=\"text-align: justify;\">Los ECMPO son espacios marinos delimitados, cuya administraci\u00f3n es entregada a comunidades ind\u00edgenas o asociaciones de ellas que han ejercido el uso consuetudinario de dicho espacio constatado por la Corporaci\u00f3n Nacional de Desarrollo Ind\u00edgena (CONADI). Esta solicitud sobre Isla Traigu\u00e9n en particular, es una demanda hist\u00f3rica de la Comunidad Nahuelquin Delgado, que tuvo a una de sus representantes presentes en la sesi\u00f3n de la CRUBC.<\/p>\n<p dir=\"ltr\" style=\"text-align: justify;\">\u00abHa sido un momento de mucha emoci\u00f3n, porque dos de mis hermanos fallecieron esperando esta respuesta por parte de la administraci\u00f3n del Estado, y hoy lo concretamos. Hoy se vot\u00f3 a favor, pese a que se disminuy\u00f3 mucho el territorio, pero sin duda, esta aprobaci\u00f3n y esta votaci\u00f3n marca historia, y marca tambi\u00e9n un hito para nuestra regi\u00f3n, porque hay m\u00e1s comunidades costeras marinas de pueblos originarios que est\u00e1n solicitando estos espacios\u00bb, declar\u00f3 Marcia Nahuelquin Delgado.<\/p>\n<p dir=\"ltr\" style=\"text-align: justify;\">Cabe mencionar que el otorgamiento de estos espacios requiere de la intervenci\u00f3n de diferentes sectores e instituciones del Estado para concretarse, pasando por la Subsecretar\u00eda de Pesca, luego por un informe de la CONADI para posteriormente ser evaluada por la CRUBC, de la cual participan alcaldes, seremis, la Gobernadora y representantes del Gobierno Regional, representantes de los gremios, de pescadores artesanales y tambi\u00e9n de entidades como la Gobernaci\u00f3n Mar\u00edtima.<\/p>\n<p dir=\"ltr\" style=\"text-align: justify;\">\u00abLa Gobernaci\u00f3n Mar\u00edtima es un miembro permanente de este comit\u00e9 de borde costero, y somos tambi\u00e9n parte t\u00e9cnica, puesto que cada vez que se tramita algo hay un informe t\u00e9cnico que se levanta respecto al uso del borde costero o el espacio donde se est\u00e1n tramitando las concesiones mar\u00edtimas\u00bb, explic\u00f3 el Gobernador Mar\u00edtimo Javier Ch\u00e1vez.<\/p>\n<\/div><\/section><\/div><div  style='height:50px' class='hr hr-invisible   avia-builder-el-6  el_after_av_one_full  el_before_av_social_share '><span class='hr-inner ' ><span class='hr-inner-style'><\/span><\/span><\/div><\/p>\n<div  class='av-social-sharing-box  avia-builder-el-7  el_after_av_hr  el_before_av_hr  '><div class='av-share-box'><h5 class='av-share-link-description av-no-toc '>Compartir esta noticia<\/h5><ul class='av-share-box-list noLightbox'><li class='av-share-link av-social-link-facebook' ><a target=\"_blank\" aria-label=\"Compartir en Facebook\" href='https:\/\/www.facebook.com\/sharer.php?u=https:\/\/radiorevelacionfm.cl\/?p=33658&#038;t=Hist%C3%B3rica%20aprobaci%C3%B3n%3A%20CRUBC%20otorga%20primer%20Espacio%20Costero%20Marino%20de%20Pueblos%20Originarios%20en%20la%20Regi%C3%B3n%20de%20Ays%C3%A9n' aria-hidden='false' data-av_icon='\ue8f3' data-av_iconfont='entypo-fontello' title='' data-avia-related-tooltip='Compartir en Facebook' rel=\"noopener\"><span class='avia_hidden_link_text'>Compartir en Facebook<\/span><\/a><\/li><li class='av-share-link av-social-link-twitter' ><a target=\"_blank\" aria-label=\"Compartir en Twitter\" href='https:\/\/twitter.com\/share?text=Hist%C3%B3rica%20aprobaci%C3%B3n%3A%20CRUBC%20otorga%20primer%20Espacio%20Costero%20Marino%20de%20Pueblos%20Originarios%20en%20la%20Regi%C3%B3n%20de%20Ays%C3%A9n&#038;url=https:\/\/radiorevelacionfm.cl\/?p=33658' aria-hidden='false' data-av_icon='\ue8f1' data-av_iconfont='entypo-fontello' title='' data-avia-related-tooltip='Compartir en Twitter' rel=\"noopener\"><span class='avia_hidden_link_text'>Compartir en Twitter<\/span><\/a><\/li><li class='av-share-link av-social-link-whatsapp' ><a target=\"_blank\" aria-label=\"Compartir en Whatsapp\" href='https:\/\/api.whatsapp.com\/send?text=https:\/\/radiorevelacionfm.cl\/?p=33658' aria-hidden='false' data-av_icon='\uf232' data-av_iconfont='entypo-fontello' title='' data-avia-related-tooltip='Compartir en Whatsapp' rel=\"noopener\"><span class='avia_hidden_link_text'>Compartir en Whatsapp<\/span><\/a><\/li><li class='av-share-link av-social-link-linkedin' ><a target=\"_blank\" aria-label=\"Compartir en LinkedIn\" href='https:\/\/linkedin.com\/shareArticle?mini=true&#038;title=Hist%C3%B3rica%20aprobaci%C3%B3n%3A%20CRUBC%20otorga%20primer%20Espacio%20Costero%20Marino%20de%20Pueblos%20Originarios%20en%20la%20Regi%C3%B3n%20de%20Ays%C3%A9n&#038;url=https:\/\/radiorevelacionfm.cl\/?p=33658' aria-hidden='false' data-av_icon='\ue8fc' data-av_iconfont='entypo-fontello' title='' data-avia-related-tooltip='Compartir en LinkedIn' rel=\"noopener\"><span class='avia_hidden_link_text'>Compartir en LinkedIn<\/span><\/a><\/li><li class='av-share-link av-social-link-mail' ><a  aria-label=\"Compartir por correo\" href='mailto:?subject=Hist%C3%B3rica%20aprobaci%C3%B3n%3A%20CRUBC%20otorga%20primer%20Espacio%20Costero%20Marino%20de%20Pueblos%20Originarios%20en%20la%20Regi%C3%B3n%20de%20Ays%C3%A9n&#038;body=https:\/\/radiorevelacionfm.cl\/?p=33658' aria-hidden='false' data-av_icon='\ue805' data-av_iconfont='entypo-fontello' title='' data-avia-related-tooltip='Compartir por correo'><span class='avia_hidden_link_text'>Compartir por correo<\/span><\/a><\/li><\/ul><\/div><\/div>\n<div  style='height:50px' class='hr hr-invisible   avia-builder-el-8  el_after_av_social_share  el_before_av_comments_list '><span class='hr-inner ' ><span class='hr-inner-style'><\/span><\/span><\/div>\n<div  class='av-buildercomment  av-blog-meta-html-info-disabled av-blog-meta-tag-disabled  '><\/div>\n","protected":false},"excerpt":{"rendered":"","protected":false},"author":1,"featured_media":33659,"comment_status":"open","ping_status":"open","sticky":false,"template":"","format":"standard","meta":{"footnotes":""},"categories":[38],"tags":[],"class_list":["post-33658","post","type-post","status-publish","format-standard","has-post-thumbnail","hentry","category-regional"],"jetpack_featured_media_url":"https:\/\/radiorevelacionfm.cl\/wp-content\/uploads\/2023\/08\/crubc-2-1_optimized.jpeg","_links":{"self":[{"href":"https:\/\/radiorevelacionfm.cl\/index.php?rest_route=\/wp\/v2\/posts\/33658","targetHints":{"allow":["GET"]}}],"collection":[{"href":"https:\/\/radiorevelacionfm.cl\/index.php?rest_route=\/wp\/v2\/posts"}],"about":[{"href":"https:\/\/radiorevelacionfm.cl\/index.php?rest_route=\/wp\/v2\/types\/post"}],"author":[{"embeddable":true,"href":"https:\/\/radiorevelacionfm.cl\/index.php?rest_route=\/wp\/v2\/users\/1"}],"replies":[{"embeddable":true,"href":"https:\/\/radiorevelacionfm.cl\/index.php?rest_route=%2Fwp%2Fv2%2Fcomments&post=33658"}],"version-history":[{"count":1,"href":"https:\/\/radiorevelacionfm.cl\/index.php?rest_route=\/wp\/v2\/posts\/33658\/revisions"}],"predecessor-version":[{"id":33660,"href":"https:\/\/radiorevelacionfm.cl\/index.php?rest_route=\/wp\/v2\/posts\/33658\/revisions\/33660"}],"wp:featuredmedia":[{"embeddable":true,"href":"https:\/\/radiorevelacionfm.cl\/index.php?rest_route=\/wp\/v2\/media\/33659"}],"wp:attachment":[{"href":"https:\/\/radiorevelacionfm.cl\/index.php?rest_route=%2Fwp%2Fv2%2Fmedia&parent=33658"}],"wp:term":[{"taxonomy":"category","embeddable":true,"href":"https:\/\/radiorevelacionfm.cl\/index.php?rest_route=%2Fwp%2Fv2%2Fcategories&post=33658"},{"taxonomy":"post_tag","embeddable":true,"href":"https:\/\/radiorevelacionfm.cl\/index.php?rest_route=%2Fwp%2Fv2%2Ftags&post=33658"}],"curies":[{"name":"wp","href":"https:\/\/api.w.org\/{rel}","templated":true}]}}