{"id":33655,"date":"2023-08-06T22:27:24","date_gmt":"2023-08-07T01:27:24","guid":{"rendered":"https:\/\/radiorevelacionfm.cl\/?p=33655"},"modified":"2023-08-06T22:27:24","modified_gmt":"2023-08-07T01:27:24","slug":"gobernadora-macias-compromete-gestiones-en-direccion-de-presupuestos-para-atender-demandas-de-asistentes-de-la-educacion","status":"publish","type":"post","link":"https:\/\/radiorevelacionfm.cl\/?p=33655","title":{"rendered":"Gobernadora Mac\u00edas compromete gestiones en Direcci\u00f3n de Presupuestos para atender demandas de asistentes de la educaci\u00f3n"},"content":{"rendered":"<div class=\"flex_column av_one_full  flex_column_div av-zero-column-padding first  avia-builder-el-0  el_before_av_one_full  avia-builder-el-first  \" style='border-radius:0px; '><div  class='avia-image-container  av-styling-    avia-builder-el-1  avia-builder-el-no-sibling  avia-align-center '  itemprop=\"image\" itemscope=\"itemscope\" itemtype=\"https:\/\/schema.org\/ImageObject\"  ><div class='avia-image-container-inner'><div class='avia-image-overlay-wrap'><img decoding=\"async\" class='wp-image-33656 avia-img-lazy-loading-not-33656 avia_image' src=\"https:\/\/radiorevelacionfm.cl\/wp-content\/uploads\/2023\/08\/GOBE-2-1-1.jpeg\" alt='' title='GOBE 2 (1) (1)' height=\"600\" width=\"898\"  itemprop=\"thumbnailUrl\" srcset=\"https:\/\/radiorevelacionfm.cl\/wp-content\/uploads\/2023\/08\/GOBE-2-1-1.jpeg 898w, https:\/\/radiorevelacionfm.cl\/wp-content\/uploads\/2023\/08\/GOBE-2-1-1-300x200.jpeg 300w, https:\/\/radiorevelacionfm.cl\/wp-content\/uploads\/2023\/08\/GOBE-2-1-1-768x513.jpeg 768w, https:\/\/radiorevelacionfm.cl\/wp-content\/uploads\/2023\/08\/GOBE-2-1-1-705x471.jpeg 705w, https:\/\/radiorevelacionfm.cl\/wp-content\/uploads\/2023\/08\/GOBE-2-1-1-450x301.jpeg 450w, https:\/\/radiorevelacionfm.cl\/wp-content\/uploads\/2023\/08\/GOBE-2-1-1-600x401.jpeg 600w\" sizes=\"(max-width: 898px) 100vw, 898px\" \/><\/div><\/div><\/div><\/div><div class=\"flex_column av_one_full  flex_column_div av-zero-column-padding first  avia-builder-el-2  el_after_av_one_full  el_before_av_one_full  column-top-margin\" style='border-radius:0px; '><section class=\"av_textblock_section \"  itemscope=\"itemscope\" itemtype=\"https:\/\/schema.org\/BlogPosting\" itemprop=\"blogPost\" ><div class='avia_textblock  '   itemprop=\"text\" ><p style=\"text-align: center;\"><strong><span style=\"font-size: 18pt;\">Gobernadora Mac\u00edas compromete gestiones en Direcci\u00f3n de Presupuestos para atender demandas de asistentes de la educaci\u00f3n<\/span><\/strong><\/p>\n<div id=\"gtx-trans\" style=\"position: absolute; left: -50px; top: 4.31534px;\">\n<div class=\"gtx-trans-icon\"><\/div>\n<\/div>\n<\/div><\/section><\/div><div class=\"flex_column av_one_full  flex_column_div av-zero-column-padding first  avia-builder-el-4  el_after_av_one_full  el_before_av_hr  column-top-margin\" style='border-radius:0px; '><section class=\"av_textblock_section \"  itemscope=\"itemscope\" itemtype=\"https:\/\/schema.org\/BlogPosting\" itemprop=\"blogPost\" ><div class='avia_textblock  '   itemprop=\"text\" ><p dir=\"ltr\" style=\"text-align: justify;\">Ante la movilizaci\u00f3n que llevan adelante asistentes de la educaci\u00f3n a nivel nacional y regional, la Gobernadora Regional de Ays\u00e9n, Andrea Mac\u00edas Palma manifest\u00f3 su absoluta empat\u00eda con los trabajadores.<\/p>\n<p dir=\"ltr\" style=\"text-align: justify;\">\u00abHemos sostenido reuniones a partir de la discusi\u00f3n presupuestaria con el Ministerio de Hacienda, la Direcci\u00f3n de Presupuestos de nuestro pa\u00eds, donde hemos abordado adem\u00e1s el tema del Servicio Local de Educaci\u00f3n P\u00fablica que inicia funcionamiento en enero del pr\u00f3ximo a\u00f1o\u00bb, asegur\u00f3 la m\u00e1xima autoridad regional de Ays\u00e9n.<\/p>\n<p dir=\"ltr\" style=\"text-align: justify;\">Si bien, remarc\u00f3 la Gobernadora, este conflicto puede ser resuelto de manera legislativa, en el Congreso Nacional, tambi\u00e9n se puede revisar en los di\u00e1logos que se sostienen en DIPRES, \u00abpara poder abordar aquellas tem\u00e1ticas que hoy d\u00eda vemos que no est\u00e1n resueltas, entre ellas la nivelaci\u00f3n de zonas\u00bb.<\/p>\n<p dir=\"ltr\" style=\"text-align: justify;\">En esta misma instancia de di\u00e1logo en el Ministerio de Hacienda tambi\u00e9n se abordar\u00e1n otros temas relacionados con los servicios locales de educaci\u00f3n, como por ejemplo, \u00abgarantizar la movilizaci\u00f3n y los buses de acercamiento para aquellos estudiantes que viven en sectores alejados o cuyos establecimientos educacionales se encuentran a una mayor distancia\u00bb.<\/p>\n<p dir=\"ltr\" style=\"text-align: justify;\">Asimismo, la Gobernadora hizo un reconocimiento al trabajo que hacen las y los asistentes de la educaci\u00f3n e hizo un llamado a las comunidades educativas a apoyar esta movilizaci\u00f3n.<\/p>\n<p dir=\"ltr\" style=\"text-align: justify;\">\u00abLa verdad es que para que nuestros hijos e hijas est\u00e9n bien es fundamental que aquellas personas que est\u00e1n a cargo de su proceso educativo en cualquier parte del eslab\u00f3n puedan tambi\u00e9n estar de la mejor manera posible\u00bb, concluy\u00f3.<\/p>\n<\/div><\/section><\/div><div  style='height:50px' class='hr hr-invisible   avia-builder-el-6  el_after_av_one_full  el_before_av_social_share '><span class='hr-inner ' ><span class='hr-inner-style'><\/span><\/span><\/div><\/p>\n<div  class='av-social-sharing-box  avia-builder-el-7  el_after_av_hr  el_before_av_hr  '><div class='av-share-box'><h5 class='av-share-link-description av-no-toc '>Compartir esta noticia<\/h5><ul class='av-share-box-list noLightbox'><li class='av-share-link av-social-link-facebook' ><a target=\"_blank\" aria-label=\"Compartir en Facebook\" href='https:\/\/www.facebook.com\/sharer.php?u=https:\/\/radiorevelacionfm.cl\/?p=33655&#038;t=Gobernadora%20Mac%C3%ADas%20compromete%20gestiones%20en%20Direcci%C3%B3n%20de%20Presupuestos%20para%20atender%20demandas%20de%20asistentes%20de%20la%20educaci%C3%B3n' aria-hidden='false' data-av_icon='\ue8f3' data-av_iconfont='entypo-fontello' title='' data-avia-related-tooltip='Compartir en Facebook' rel=\"noopener\"><span class='avia_hidden_link_text'>Compartir en Facebook<\/span><\/a><\/li><li class='av-share-link av-social-link-twitter' ><a target=\"_blank\" aria-label=\"Compartir en Twitter\" href='https:\/\/twitter.com\/share?text=Gobernadora%20Mac%C3%ADas%20compromete%20gestiones%20en%20Direcci%C3%B3n%20de%20Presupuestos%20para%20atender%20demandas%20de%20asistentes%20de%20la%20educaci%C3%B3n&#038;url=https:\/\/radiorevelacionfm.cl\/?p=33655' aria-hidden='false' data-av_icon='\ue8f1' data-av_iconfont='entypo-fontello' title='' data-avia-related-tooltip='Compartir en Twitter' rel=\"noopener\"><span class='avia_hidden_link_text'>Compartir en Twitter<\/span><\/a><\/li><li class='av-share-link av-social-link-whatsapp' ><a target=\"_blank\" aria-label=\"Compartir en Whatsapp\" href='https:\/\/api.whatsapp.com\/send?text=https:\/\/radiorevelacionfm.cl\/?p=33655' aria-hidden='false' data-av_icon='\uf232' data-av_iconfont='entypo-fontello' title='' data-avia-related-tooltip='Compartir en Whatsapp' rel=\"noopener\"><span class='avia_hidden_link_text'>Compartir en Whatsapp<\/span><\/a><\/li><li class='av-share-link av-social-link-linkedin' ><a target=\"_blank\" aria-label=\"Compartir en LinkedIn\" href='https:\/\/linkedin.com\/shareArticle?mini=true&#038;title=Gobernadora%20Mac%C3%ADas%20compromete%20gestiones%20en%20Direcci%C3%B3n%20de%20Presupuestos%20para%20atender%20demandas%20de%20asistentes%20de%20la%20educaci%C3%B3n&#038;url=https:\/\/radiorevelacionfm.cl\/?p=33655' aria-hidden='false' data-av_icon='\ue8fc' data-av_iconfont='entypo-fontello' title='' data-avia-related-tooltip='Compartir en LinkedIn' rel=\"noopener\"><span class='avia_hidden_link_text'>Compartir en LinkedIn<\/span><\/a><\/li><li class='av-share-link av-social-link-mail' ><a  aria-label=\"Compartir por correo\" href='mailto:?subject=Gobernadora%20Mac%C3%ADas%20compromete%20gestiones%20en%20Direcci%C3%B3n%20de%20Presupuestos%20para%20atender%20demandas%20de%20asistentes%20de%20la%20educaci%C3%B3n&#038;body=https:\/\/radiorevelacionfm.cl\/?p=33655' aria-hidden='false' data-av_icon='\ue805' data-av_iconfont='entypo-fontello' title='' data-avia-related-tooltip='Compartir por correo'><span class='avia_hidden_link_text'>Compartir por correo<\/span><\/a><\/li><\/ul><\/div><\/div>\n<div  style='height:50px' class='hr hr-invisible   avia-builder-el-8  el_after_av_social_share  el_before_av_comments_list '><span class='hr-inner ' ><span class='hr-inner-style'><\/span><\/span><\/div>\n<div  class='av-buildercomment  av-blog-meta-html-info-disabled av-blog-meta-tag-disabled  '><\/div>\n","protected":false},"excerpt":{"rendered":"","protected":false},"author":1,"featured_media":33656,"comment_status":"open","ping_status":"open","sticky":false,"template":"","format":"standard","meta":{"footnotes":""},"categories":[38],"tags":[],"class_list":["post-33655","post","type-post","status-publish","format-standard","has-post-thumbnail","hentry","category-regional"],"jetpack_featured_media_url":"https:\/\/radiorevelacionfm.cl\/wp-content\/uploads\/2023\/08\/GOBE-2-1-1.jpeg","_links":{"self":[{"href":"https:\/\/radiorevelacionfm.cl\/index.php?rest_route=\/wp\/v2\/posts\/33655","targetHints":{"allow":["GET"]}}],"collection":[{"href":"https:\/\/radiorevelacionfm.cl\/index.php?rest_route=\/wp\/v2\/posts"}],"about":[{"href":"https:\/\/radiorevelacionfm.cl\/index.php?rest_route=\/wp\/v2\/types\/post"}],"author":[{"embeddable":true,"href":"https:\/\/radiorevelacionfm.cl\/index.php?rest_route=\/wp\/v2\/users\/1"}],"replies":[{"embeddable":true,"href":"https:\/\/radiorevelacionfm.cl\/index.php?rest_route=%2Fwp%2Fv2%2Fcomments&post=33655"}],"version-history":[{"count":1,"href":"https:\/\/radiorevelacionfm.cl\/index.php?rest_route=\/wp\/v2\/posts\/33655\/revisions"}],"predecessor-version":[{"id":33657,"href":"https:\/\/radiorevelacionfm.cl\/index.php?rest_route=\/wp\/v2\/posts\/33655\/revisions\/33657"}],"wp:featuredmedia":[{"embeddable":true,"href":"https:\/\/radiorevelacionfm.cl\/index.php?rest_route=\/wp\/v2\/media\/33656"}],"wp:attachment":[{"href":"https:\/\/radiorevelacionfm.cl\/index.php?rest_route=%2Fwp%2Fv2%2Fmedia&parent=33655"}],"wp:term":[{"taxonomy":"category","embeddable":true,"href":"https:\/\/radiorevelacionfm.cl\/index.php?rest_route=%2Fwp%2Fv2%2Fcategories&post=33655"},{"taxonomy":"post_tag","embeddable":true,"href":"https:\/\/radiorevelacionfm.cl\/index.php?rest_route=%2Fwp%2Fv2%2Ftags&post=33655"}],"curies":[{"name":"wp","href":"https:\/\/api.w.org\/{rel}","templated":true}]}}