{"id":33650,"date":"2023-08-07T11:09:34","date_gmt":"2023-08-07T14:09:34","guid":{"rendered":"https:\/\/radiorevelacionfm.cl\/?p=33650"},"modified":"2023-08-07T11:09:34","modified_gmt":"2023-08-07T14:09:34","slug":"sernatur-municipios-y-empresarios-de-aysen-lanzan-temporada-turistica-2023-2024-en-santiago","status":"publish","type":"post","link":"https:\/\/radiorevelacionfm.cl\/?p=33650","title":{"rendered":"Sernatur, municipios y empresarios de Ays\u00e9n lanzan temporada tur\u00edstica 2023-2024 en Santiago"},"content":{"rendered":"<div class=\"flex_column av_one_full  flex_column_div av-zero-column-padding first  avia-builder-el-0  el_before_av_one_full  avia-builder-el-first  \" style='border-radius:0px; '><div  class='avia-image-container  av-styling-    avia-builder-el-1  avia-builder-el-no-sibling  avia-align-center '  itemprop=\"image\" itemscope=\"itemscope\" itemtype=\"https:\/\/schema.org\/ImageObject\"  ><div class='avia-image-container-inner'><div class='avia-image-overlay-wrap'><img decoding=\"async\" class='wp-image-33651 avia-img-lazy-loading-not-33651 avia_image' src=\"https:\/\/radiorevelacionfm.cl\/wp-content\/uploads\/2023\/08\/sernatur-1-1-1.jpg\" alt='' title='sernatur (1) (1) (1)' height=\"600\" width=\"758\"  itemprop=\"thumbnailUrl\" srcset=\"https:\/\/radiorevelacionfm.cl\/wp-content\/uploads\/2023\/08\/sernatur-1-1-1.jpg 758w, https:\/\/radiorevelacionfm.cl\/wp-content\/uploads\/2023\/08\/sernatur-1-1-1-300x237.jpg 300w, https:\/\/radiorevelacionfm.cl\/wp-content\/uploads\/2023\/08\/sernatur-1-1-1-705x558.jpg 705w, https:\/\/radiorevelacionfm.cl\/wp-content\/uploads\/2023\/08\/sernatur-1-1-1-450x356.jpg 450w, https:\/\/radiorevelacionfm.cl\/wp-content\/uploads\/2023\/08\/sernatur-1-1-1-600x475.jpg 600w\" sizes=\"(max-width: 758px) 100vw, 758px\" \/><\/div><\/div><\/div><\/div><div class=\"flex_column av_one_full  flex_column_div av-zero-column-padding first  avia-builder-el-2  el_after_av_one_full  el_before_av_one_full  column-top-margin\" style='border-radius:0px; '><section class=\"av_textblock_section \"  itemscope=\"itemscope\" itemtype=\"https:\/\/schema.org\/BlogPosting\" itemprop=\"blogPost\" ><div class='avia_textblock  '   itemprop=\"text\" ><p style=\"text-align: center;\"><strong><span style=\"font-size: 18pt;\">Sernatur, municipios y empresarios de Ays\u00e9n lanzan temporada tur\u00edstica 2023-2024 en Santiago<\/span><\/strong><\/p>\n<div id=\"gtx-trans\" style=\"position: absolute; left: -50px; top: 4.31534px;\">\n<div class=\"gtx-trans-icon\"><\/div>\n<\/div>\n<\/div><\/section><\/div><div class=\"flex_column av_one_full  flex_column_div av-zero-column-padding first  avia-builder-el-4  el_after_av_one_full  el_before_av_hr  column-top-margin\" style='border-radius:0px; '><section class=\"av_textblock_section \"  itemscope=\"itemscope\" itemtype=\"https:\/\/schema.org\/BlogPosting\" itemprop=\"blogPost\" ><div class='avia_textblock  '   itemprop=\"text\" ><p style=\"text-align: justify;\"><em>El evento se realizar\u00e1 este jueves 9 de agosto en el hotel Intercontinental y contar\u00e1 con la participaci\u00f3n de destacados tour operadores y agencias de viajes nacionales.\u00a0<\/em><\/p>\n<p style=\"text-align: justify;\">Sernatur, Municipios y empresarios de Ays\u00e9n lanzan este jueves la temporada tur\u00edstica 2023-2024 en Santiago. La actividad se enmarca en el plan de promoci\u00f3n tur\u00edstica dise\u00f1ado por Sernatur Ays\u00e9n, con la participaci\u00f3n del sector privado y financiado por el Gobierno Regional.<\/p>\n<p style=\"text-align: justify;\">El evento tiene como principal objetivo la generaci\u00f3n de redes y alianzas comerciales por parte de las empresas y municipios de la regi\u00f3n, para lo cual se ha organizado un workshop y ruedas de negocios con la participaci\u00f3n de cerca de 100 destacados tour operadores y agencias de viajes nacionales.<\/p>\n<p style=\"text-align: justify;\">Cabe destacar que en esta oportunidad asistir\u00e1n los municipios de Coyhaique, R\u00edo Ib\u00e1\u00f1ez y Cochrane, lo que permitir\u00e1 difundir e informar sobre la diversa oferta tur\u00edstica de cada comuna, proporcionando as\u00ed la informaci\u00f3n directamente a las empresas compradoras que estar\u00e1n presentes en la actividad.<\/p>\n<p style=\"text-align: justify;\">En la ocasi\u00f3n, tambi\u00e9n se realizar\u00e1 el lanzamiento de la temporada tur\u00edstica 2023-2024 del destino Ays\u00e9n Patagonia, que contar\u00e1 con la participaci\u00f3n de autoridades nacionales, regionales, comunales y empresarios de la regi\u00f3n de Ays\u00e9n.<\/p>\n<p style=\"text-align: justify;\">El director regional de Sernatur Ays\u00e9n, Claudio Montecinos Angulo, destac\u00f3 la actividad como un hito relevante para la promoci\u00f3n turistica de la regi\u00f3n de Ays\u00e9n.<\/p>\n<p style=\"text-align: justify;\">\u00abCon este lanzamiento de la temporada tur\u00edstica de nuestro destino Ays\u00e9n Patagonia, iniciamos una serie de acciones que se enmarcan en el programa de promoci\u00f3n tur\u00edstica financiado por el Gobierno Regional de Ays\u00e9n y que busca reposicionar nuestro destino a nivel nacional e internacional. Este evento es el primero de muchos otros que est\u00e1n considerados desarrollar durante los pr\u00f3ximos meses, en conjunto con el sector privado y los municipios de nuestra regi\u00f3n\u00bb.<\/p>\n<p style=\"text-align: justify;\">Por otro lado, el director sostuvo, \u00abcomo Sernatur Ays\u00e9n tenemos el desaf\u00edo de contribuir al desarrollo sustentable de la actividad turistica en nuestra regi\u00f3n, necesitamos retomar la senda de crecimiento que veniamos teniendo en los a\u00f1os de pre-pandemia y recuperar el nivel de turistas nacionales e internacionales que visitan nuestro destino en temporada de verano. Este programa de promoci\u00f3n turistica tiene ese objetivo\u00bb.<\/p>\n<p style=\"text-align: justify;\">El programa \u00abGesti\u00f3n Destino Tursitico Ays\u00e9n Paragonia\u00bb financiado por el Gobierno Regional de Ays\u00e9n y ejecutado por Sernatur Ays\u00e9n, permitir\u00e1 desarrollar en los pr\u00f3ximos meses una serie de acciones tales como: ferias, eventos, ruedas de negocios, workshop, en la regi\u00f3n y fuera de la regi\u00f3n, con la participaci\u00f3n de las empresas regionales de turismo.<\/p>\n<\/div><\/section><\/div><div  style='height:50px' class='hr hr-invisible   avia-builder-el-6  el_after_av_one_full  el_before_av_social_share '><span class='hr-inner ' ><span class='hr-inner-style'><\/span><\/span><\/div><\/p>\n<div  class='av-social-sharing-box  avia-builder-el-7  el_after_av_hr  el_before_av_hr  '><div class='av-share-box'><h5 class='av-share-link-description av-no-toc '>Compartir esta noticia<\/h5><ul class='av-share-box-list noLightbox'><li class='av-share-link av-social-link-facebook' ><a target=\"_blank\" aria-label=\"Compartir en Facebook\" href='https:\/\/www.facebook.com\/sharer.php?u=https:\/\/radiorevelacionfm.cl\/?p=33650&#038;t=Sernatur%2C%20municipios%20y%20empresarios%20de%20Ays%C3%A9n%20lanzan%20temporada%20tur%C3%ADstica%202023-2024%20en%20Santiago' aria-hidden='false' data-av_icon='\ue8f3' data-av_iconfont='entypo-fontello' title='' data-avia-related-tooltip='Compartir en Facebook' rel=\"noopener\"><span class='avia_hidden_link_text'>Compartir en Facebook<\/span><\/a><\/li><li class='av-share-link av-social-link-twitter' ><a target=\"_blank\" aria-label=\"Compartir en Twitter\" href='https:\/\/twitter.com\/share?text=Sernatur%2C%20municipios%20y%20empresarios%20de%20Ays%C3%A9n%20lanzan%20temporada%20tur%C3%ADstica%202023-2024%20en%20Santiago&#038;url=https:\/\/radiorevelacionfm.cl\/?p=33650' aria-hidden='false' data-av_icon='\ue8f1' data-av_iconfont='entypo-fontello' title='' data-avia-related-tooltip='Compartir en Twitter' rel=\"noopener\"><span class='avia_hidden_link_text'>Compartir en Twitter<\/span><\/a><\/li><li class='av-share-link av-social-link-whatsapp' ><a target=\"_blank\" aria-label=\"Compartir en Whatsapp\" href='https:\/\/api.whatsapp.com\/send?text=https:\/\/radiorevelacionfm.cl\/?p=33650' aria-hidden='false' data-av_icon='\uf232' data-av_iconfont='entypo-fontello' title='' data-avia-related-tooltip='Compartir en Whatsapp' rel=\"noopener\"><span class='avia_hidden_link_text'>Compartir en Whatsapp<\/span><\/a><\/li><li class='av-share-link av-social-link-linkedin' ><a target=\"_blank\" aria-label=\"Compartir en LinkedIn\" href='https:\/\/linkedin.com\/shareArticle?mini=true&#038;title=Sernatur%2C%20municipios%20y%20empresarios%20de%20Ays%C3%A9n%20lanzan%20temporada%20tur%C3%ADstica%202023-2024%20en%20Santiago&#038;url=https:\/\/radiorevelacionfm.cl\/?p=33650' aria-hidden='false' data-av_icon='\ue8fc' data-av_iconfont='entypo-fontello' title='' data-avia-related-tooltip='Compartir en LinkedIn' rel=\"noopener\"><span class='avia_hidden_link_text'>Compartir en LinkedIn<\/span><\/a><\/li><li class='av-share-link av-social-link-mail' ><a  aria-label=\"Compartir por correo\" href='mailto:?subject=Sernatur%2C%20municipios%20y%20empresarios%20de%20Ays%C3%A9n%20lanzan%20temporada%20tur%C3%ADstica%202023-2024%20en%20Santiago&#038;body=https:\/\/radiorevelacionfm.cl\/?p=33650' aria-hidden='false' data-av_icon='\ue805' data-av_iconfont='entypo-fontello' title='' data-avia-related-tooltip='Compartir por correo'><span class='avia_hidden_link_text'>Compartir por correo<\/span><\/a><\/li><\/ul><\/div><\/div>\n<div  style='height:50px' class='hr hr-invisible   avia-builder-el-8  el_after_av_social_share  el_before_av_comments_list '><span class='hr-inner ' ><span class='hr-inner-style'><\/span><\/span><\/div>\n<div  class='av-buildercomment  av-blog-meta-html-info-disabled av-blog-meta-tag-disabled  '><\/div>\n","protected":false},"excerpt":{"rendered":"","protected":false},"author":1,"featured_media":33651,"comment_status":"open","ping_status":"open","sticky":false,"template":"","format":"standard","meta":{"footnotes":""},"categories":[54],"tags":[],"class_list":["post-33650","post","type-post","status-publish","format-standard","has-post-thumbnail","hentry","category-turismo"],"jetpack_featured_media_url":"https:\/\/radiorevelacionfm.cl\/wp-content\/uploads\/2023\/08\/sernatur-1-1-1.jpg","_links":{"self":[{"href":"https:\/\/radiorevelacionfm.cl\/index.php?rest_route=\/wp\/v2\/posts\/33650","targetHints":{"allow":["GET"]}}],"collection":[{"href":"https:\/\/radiorevelacionfm.cl\/index.php?rest_route=\/wp\/v2\/posts"}],"about":[{"href":"https:\/\/radiorevelacionfm.cl\/index.php?rest_route=\/wp\/v2\/types\/post"}],"author":[{"embeddable":true,"href":"https:\/\/radiorevelacionfm.cl\/index.php?rest_route=\/wp\/v2\/users\/1"}],"replies":[{"embeddable":true,"href":"https:\/\/radiorevelacionfm.cl\/index.php?rest_route=%2Fwp%2Fv2%2Fcomments&post=33650"}],"version-history":[{"count":1,"href":"https:\/\/radiorevelacionfm.cl\/index.php?rest_route=\/wp\/v2\/posts\/33650\/revisions"}],"predecessor-version":[{"id":33652,"href":"https:\/\/radiorevelacionfm.cl\/index.php?rest_route=\/wp\/v2\/posts\/33650\/revisions\/33652"}],"wp:featuredmedia":[{"embeddable":true,"href":"https:\/\/radiorevelacionfm.cl\/index.php?rest_route=\/wp\/v2\/media\/33651"}],"wp:attachment":[{"href":"https:\/\/radiorevelacionfm.cl\/index.php?rest_route=%2Fwp%2Fv2%2Fmedia&parent=33650"}],"wp:term":[{"taxonomy":"category","embeddable":true,"href":"https:\/\/radiorevelacionfm.cl\/index.php?rest_route=%2Fwp%2Fv2%2Fcategories&post=33650"},{"taxonomy":"post_tag","embeddable":true,"href":"https:\/\/radiorevelacionfm.cl\/index.php?rest_route=%2Fwp%2Fv2%2Ftags&post=33650"}],"curies":[{"name":"wp","href":"https:\/\/api.w.org\/{rel}","templated":true}]}}