{"id":33647,"date":"2023-08-07T11:49:29","date_gmt":"2023-08-07T14:49:29","guid":{"rendered":"https:\/\/radiorevelacionfm.cl\/?p=33647"},"modified":"2023-08-07T11:49:29","modified_gmt":"2023-08-07T14:49:29","slug":"red-asistencial-de-aysen-presenta-importante-disminucion-en-listas-de-espera-de-especialidades-medicas","status":"publish","type":"post","link":"https:\/\/radiorevelacionfm.cl\/?p=33647","title":{"rendered":"Red Asistencial de Ays\u00e9n presenta importante disminuci\u00f3n en listas de espera de especialidades m\u00e9dicas"},"content":{"rendered":"<div class=\"flex_column av_one_full  flex_column_div av-zero-column-padding first  avia-builder-el-0  el_before_av_one_full  avia-builder-el-first  \" style='border-radius:0px; '><div  class='avia-image-container  av-styling-    avia-builder-el-1  avia-builder-el-no-sibling  avia-align-center '  itemprop=\"image\" itemscope=\"itemscope\" itemtype=\"https:\/\/schema.org\/ImageObject\"  ><div class='avia-image-container-inner'><div class='avia-image-overlay-wrap'><img decoding=\"async\" class='wp-image-10878 avia-img-lazy-loading-not-10878 avia_image' src=\"https:\/\/radiorevelacionfm.cl\/wp-content\/uploads\/2021\/11\/HOSPITAL-coyh-1-1.jpeg\" alt='' title='HOSPITAL coyh (1) (1)' height=\"600\" width=\"906\"  itemprop=\"thumbnailUrl\" srcset=\"https:\/\/radiorevelacionfm.cl\/wp-content\/uploads\/2021\/11\/HOSPITAL-coyh-1-1.jpeg 906w, https:\/\/radiorevelacionfm.cl\/wp-content\/uploads\/2021\/11\/HOSPITAL-coyh-1-1-300x199.jpeg 300w, https:\/\/radiorevelacionfm.cl\/wp-content\/uploads\/2021\/11\/HOSPITAL-coyh-1-1-768x509.jpeg 768w, https:\/\/radiorevelacionfm.cl\/wp-content\/uploads\/2021\/11\/HOSPITAL-coyh-1-1-705x467.jpeg 705w, https:\/\/radiorevelacionfm.cl\/wp-content\/uploads\/2021\/11\/HOSPITAL-coyh-1-1-600x397.jpeg 600w\" sizes=\"(max-width: 906px) 100vw, 906px\" \/><\/div><\/div><\/div><\/div><div class=\"flex_column av_one_full  flex_column_div av-zero-column-padding first  avia-builder-el-2  el_after_av_one_full  el_before_av_one_full  column-top-margin\" style='border-radius:0px; '><section class=\"av_textblock_section \"  itemscope=\"itemscope\" itemtype=\"https:\/\/schema.org\/BlogPosting\" itemprop=\"blogPost\" ><div class='avia_textblock  '   itemprop=\"text\" ><p style=\"text-align: center;\"><span style=\"font-size: 18pt;\"><b>Red Asistencial de Ays\u00e9n presenta importante disminuci\u00f3n en listas de espera de especialidades m\u00e9dicas<\/b><\/span><\/p>\n<div id=\"gtx-trans\" style=\"position: absolute; left: -50px; top: 4.31534px;\">\n<div class=\"gtx-trans-icon\"><\/div>\n<\/div>\n<\/div><\/section><\/div><\/p>\n<div class=\"flex_column av_one_full  flex_column_div av-zero-column-padding first  avia-builder-el-4  el_after_av_one_full  el_before_av_hr  column-top-margin\" style='border-radius:0px; '><section class=\"av_textblock_section \"  itemscope=\"itemscope\" itemtype=\"https:\/\/schema.org\/BlogPosting\" itemprop=\"blogPost\" ><div class='avia_textblock  '   itemprop=\"text\" ><p class=\"v1MsoNormal\" style=\"text-align: justify;\">Durante el primer semestre de 2023 se resolvieron diez mil atenciones de consultas a especialistas m\u00e1s que durante igual periodo del a\u00f1o 2022 en la Red Asistencial. Esa cifra se explica en gran medida por la gesti\u00f3n que realiza el Servicio de Salud Ays\u00e9n y la llegada de los m\u00e9dicos PAO (Periodo Asistencial Obligatorio), profesionales m\u00e9dicos que realizan su especializaci\u00f3n en zonas alejadas, como el caso de la regi\u00f3n de Ays\u00e9n.<\/p>\n<p class=\"v1MsoNormal\" style=\"text-align: justify;\">En ese sentido el Hospital de Puerto Ays\u00e9n es uno de los centros de mediana complejidad que ha visto reducir de forma importante sus listas de espera, tanto para intervenciones quir\u00fargicas, como consultas de especialidades. \u00abEste a\u00f1o hemos incorporado nuevos especialistas a ese centro asistencial, lo que directamente ha impactado en nuestras buenas cifras que podemos alegremente contarles. Por ejemplo, de enero a junio de 2022 seis mil personas aproximadamente fueron atendidas en una consulta m\u00e9dica en el hospital por un especialista, ya sea una primera consulta o un control. Este a\u00f1o en las mismas fechas, es decir, a junio de este a\u00f1o, estamos completando once mil atenciones, sobre un 80 por ciento m\u00e1s\u00bb, explica el doctor Rodrigo Verdugo, Sub Director de Gesti\u00f3n Asistencial del SSA.<\/p>\n<p class=\"v1MsoNormal\" style=\"text-align: justify;\">En otras palabras, este primer semestre de 2023 se ha atendido m\u00e1s de 5 mil personas adicionales que en igual periodo del a\u00f1o pasado.<\/p>\n<p class=\"v1MsoNormal\" style=\"text-align: justify;\">Justamente disminuir las listas de espera es una de las demandas m\u00e1s sentidas de la comunidad, de all\u00ed la importancia de los avances en esta materia en los \u00faltimos meses, como asimismo los progresos en la productividad de los pabellones quir\u00fargicos y resolutividad para reducir las listas de espera, de la mano del mejoramiento de la calidad de la atenci\u00f3n.<\/p>\n<p class=\"v1MsoNormal\" style=\"text-align: justify;\"><b>Traumatolog\u00eda en HPA resuelve 100% lista de espera<\/b><\/p>\n<p class=\"v1MsoNormal\" style=\"text-align: justify;\">Una buena cantidad de especialistas llegaron al Hospital porte\u00f1o, que gracias a esta medida mejor\u00f3 sus \u00edndices de atenci\u00f3n de forma ostensible este a\u00f1o, incluyendo la resoluci\u00f3n del 100% de la lista de espera en esta especialidad. \u00abEl hospital de Puerto Ays\u00e9n recibi\u00f3 durante el a\u00f1o 2023 muchos especialistas de diferentes \u00e1reas que vienen bajo esta normativa y que han venido a potenciar el trabajo que ya se estaba realizando por parte de los especialistas que estaban en el hospital para mejorar listas de espera, dar resolutividad a pacientes que llevan tiempo esperando ser atendidos en consultas de espacialidad\u00bb, se\u00f1al\u00f3 por su parte la Dra. Mar\u00eda Ignacia Vald\u00e9s, Sub Directora M\u00e9dica del Hospital de Puerto Ays\u00e9n.<\/p>\n<p class=\"v1MsoNormal\" style=\"text-align: justify;\">La profesional m\u00e9dica a\u00f1adi\u00f3 que \u00abdesde el 2022 ten\u00edamos pacientes que estaban esperando ser atendidos por especialistas, al igual que el 2021, y esas listas que se estaban resolviendo en la medida de lo posible con los especialistas que tenemos ac\u00e1 desde la llegada de los nuevos m\u00e9dicos se han podido resolver mucho m\u00e1s r\u00e1pido. Por ejemplo, en ginecolog\u00eda la resolutividad desde que llegaron los m\u00e9dicos PAO disminuy\u00f3 resolvimos en un 49%. En el caso de medicina interna un 67% de esa lista de espera fue resuelta desde que llegaron los m\u00e9dicos PAO\u00bb, puntualiz\u00f3.<\/p>\n<p class=\"v1MsoNormal\" style=\"text-align: justify;\">Esta reducci\u00f3n de listas de espera tambi\u00e9n incluye un componente adicional para este segundo semestre con rondas m\u00e9dicas de especialistas. \u00abEstamos dise\u00f1ando un programa que vamos a implementar esperamos a fines de septiembre o a m\u00e1s tardar en octubre en Cochrane y luego extenderlo a los dem\u00e1s hospitales comunitarios, para que a esos lugares las personas puedan atenderse con especialistas usuarios que vivan en esas localidades y cerca, como en el caso de Cochrane: Tortel, Villa O&#8217;Higgins, Puerto Guadal y as\u00ed en todas las localidades\u00bb, agreg\u00f3 el Dr. Rodrigo Verdugo Cofr\u00e9.<\/p>\n<p class=\"v1MsoNormal\" style=\"text-align: justify;\">Es as\u00ed que el Servicio de Salud se encuentra desplegando las acciones para que los operativos de especialistas se hagan de forma regular en distintos puntos de la regi\u00f3n de Ays\u00e9n.<\/p>\n<\/div><\/section><\/div>\n<div  style='height:50px' class='hr hr-invisible   avia-builder-el-6  el_after_av_one_full  el_before_av_social_share '><span class='hr-inner ' ><span class='hr-inner-style'><\/span><\/span><\/div>\n<div  class='av-social-sharing-box  avia-builder-el-7  el_after_av_hr  el_before_av_hr  '><div class='av-share-box'><h5 class='av-share-link-description av-no-toc '>Compartir esta noticia<\/h5><ul class='av-share-box-list noLightbox'><li class='av-share-link av-social-link-facebook' ><a target=\"_blank\" aria-label=\"Compartir en Facebook\" href='https:\/\/www.facebook.com\/sharer.php?u=https:\/\/radiorevelacionfm.cl\/?p=33647&#038;t=Red%20Asistencial%20de%20Ays%C3%A9n%20presenta%20importante%20disminuci%C3%B3n%20en%20listas%20de%20espera%20de%20especialidades%20m%C3%A9dicas' aria-hidden='false' data-av_icon='\ue8f3' data-av_iconfont='entypo-fontello' title='' data-avia-related-tooltip='Compartir en Facebook' rel=\"noopener\"><span class='avia_hidden_link_text'>Compartir en Facebook<\/span><\/a><\/li><li class='av-share-link av-social-link-twitter' ><a target=\"_blank\" aria-label=\"Compartir en Twitter\" href='https:\/\/twitter.com\/share?text=Red%20Asistencial%20de%20Ays%C3%A9n%20presenta%20importante%20disminuci%C3%B3n%20en%20listas%20de%20espera%20de%20especialidades%20m%C3%A9dicas&#038;url=https:\/\/radiorevelacionfm.cl\/?p=33647' aria-hidden='false' data-av_icon='\ue8f1' data-av_iconfont='entypo-fontello' title='' data-avia-related-tooltip='Compartir en Twitter' rel=\"noopener\"><span class='avia_hidden_link_text'>Compartir en Twitter<\/span><\/a><\/li><li class='av-share-link av-social-link-whatsapp' ><a target=\"_blank\" aria-label=\"Compartir en Whatsapp\" href='https:\/\/api.whatsapp.com\/send?text=https:\/\/radiorevelacionfm.cl\/?p=33647' aria-hidden='false' data-av_icon='\uf232' data-av_iconfont='entypo-fontello' title='' data-avia-related-tooltip='Compartir en Whatsapp' rel=\"noopener\"><span class='avia_hidden_link_text'>Compartir en Whatsapp<\/span><\/a><\/li><li class='av-share-link av-social-link-linkedin' ><a target=\"_blank\" aria-label=\"Compartir en LinkedIn\" href='https:\/\/linkedin.com\/shareArticle?mini=true&#038;title=Red%20Asistencial%20de%20Ays%C3%A9n%20presenta%20importante%20disminuci%C3%B3n%20en%20listas%20de%20espera%20de%20especialidades%20m%C3%A9dicas&#038;url=https:\/\/radiorevelacionfm.cl\/?p=33647' aria-hidden='false' data-av_icon='\ue8fc' data-av_iconfont='entypo-fontello' title='' data-avia-related-tooltip='Compartir en LinkedIn' rel=\"noopener\"><span class='avia_hidden_link_text'>Compartir en LinkedIn<\/span><\/a><\/li><li class='av-share-link av-social-link-mail' ><a  aria-label=\"Compartir por correo\" href='mailto:?subject=Red%20Asistencial%20de%20Ays%C3%A9n%20presenta%20importante%20disminuci%C3%B3n%20en%20listas%20de%20espera%20de%20especialidades%20m%C3%A9dicas&#038;body=https:\/\/radiorevelacionfm.cl\/?p=33647' aria-hidden='false' data-av_icon='\ue805' data-av_iconfont='entypo-fontello' title='' data-avia-related-tooltip='Compartir por correo'><span class='avia_hidden_link_text'>Compartir por correo<\/span><\/a><\/li><\/ul><\/div><\/div>\n<div  style='height:50px' class='hr hr-invisible   avia-builder-el-8  el_after_av_social_share  el_before_av_comments_list '><span class='hr-inner ' ><span class='hr-inner-style'><\/span><\/span><\/div>\n<div  class='av-buildercomment  av-blog-meta-html-info-disabled av-blog-meta-tag-disabled  '><\/div>\n","protected":false},"excerpt":{"rendered":"","protected":false},"author":1,"featured_media":10878,"comment_status":"open","ping_status":"open","sticky":false,"template":"","format":"standard","meta":{"footnotes":""},"categories":[46],"tags":[],"class_list":["post-33647","post","type-post","status-publish","format-standard","has-post-thumbnail","hentry","category-salud"],"jetpack_featured_media_url":"https:\/\/radiorevelacionfm.cl\/wp-content\/uploads\/2021\/11\/HOSPITAL-coyh-1-1.jpeg","_links":{"self":[{"href":"https:\/\/radiorevelacionfm.cl\/index.php?rest_route=\/wp\/v2\/posts\/33647","targetHints":{"allow":["GET"]}}],"collection":[{"href":"https:\/\/radiorevelacionfm.cl\/index.php?rest_route=\/wp\/v2\/posts"}],"about":[{"href":"https:\/\/radiorevelacionfm.cl\/index.php?rest_route=\/wp\/v2\/types\/post"}],"author":[{"embeddable":true,"href":"https:\/\/radiorevelacionfm.cl\/index.php?rest_route=\/wp\/v2\/users\/1"}],"replies":[{"embeddable":true,"href":"https:\/\/radiorevelacionfm.cl\/index.php?rest_route=%2Fwp%2Fv2%2Fcomments&post=33647"}],"version-history":[{"count":2,"href":"https:\/\/radiorevelacionfm.cl\/index.php?rest_route=\/wp\/v2\/posts\/33647\/revisions"}],"predecessor-version":[{"id":33664,"href":"https:\/\/radiorevelacionfm.cl\/index.php?rest_route=\/wp\/v2\/posts\/33647\/revisions\/33664"}],"wp:featuredmedia":[{"embeddable":true,"href":"https:\/\/radiorevelacionfm.cl\/index.php?rest_route=\/wp\/v2\/media\/10878"}],"wp:attachment":[{"href":"https:\/\/radiorevelacionfm.cl\/index.php?rest_route=%2Fwp%2Fv2%2Fmedia&parent=33647"}],"wp:term":[{"taxonomy":"category","embeddable":true,"href":"https:\/\/radiorevelacionfm.cl\/index.php?rest_route=%2Fwp%2Fv2%2Fcategories&post=33647"},{"taxonomy":"post_tag","embeddable":true,"href":"https:\/\/radiorevelacionfm.cl\/index.php?rest_route=%2Fwp%2Fv2%2Ftags&post=33647"}],"curies":[{"name":"wp","href":"https:\/\/api.w.org\/{rel}","templated":true}]}}