{"id":33644,"date":"2023-08-06T19:21:29","date_gmt":"2023-08-06T22:21:29","guid":{"rendered":"https:\/\/radiorevelacionfm.cl\/?p=33644"},"modified":"2023-08-06T19:21:29","modified_gmt":"2023-08-06T22:21:29","slug":"felices-emprendedoras-es-de-puyuhuapi-tras-concluir-curso-trabajando-en-desayunos-y-cafes-para-nuestros-visitantes","status":"publish","type":"post","link":"https:\/\/radiorevelacionfm.cl\/?p=33644","title":{"rendered":"Felices emprendedoras\/es de Puyuhuapi tras concluir curso \u201cTrabajando en Desayunos y Caf\u00e9s para Nuestros Visitantes\u201d"},"content":{"rendered":"<div class=\"flex_column av_one_full  flex_column_div av-zero-column-padding first  avia-builder-el-0  el_before_av_one_full  avia-builder-el-first  \" style='border-radius:0px; '><div  class='avia-image-container  av-styling-    avia-builder-el-1  avia-builder-el-no-sibling  avia-align-center '  itemprop=\"image\" itemscope=\"itemscope\" itemtype=\"https:\/\/schema.org\/ImageObject\"  ><div class='avia-image-container-inner'><div class='avia-image-overlay-wrap'><img decoding=\"async\" class='wp-image-33645 avia-img-lazy-loading-not-33645 avia_image' src=\"https:\/\/radiorevelacionfm.cl\/wp-content\/uploads\/2023\/08\/desayunos-y-cafes-1-1_optimized-1.jpeg\" alt='' title='desayunos-y-cafes-1-(1)_optimized (1)' height=\"600\" width=\"1333\"  itemprop=\"thumbnailUrl\" srcset=\"https:\/\/radiorevelacionfm.cl\/wp-content\/uploads\/2023\/08\/desayunos-y-cafes-1-1_optimized-1.jpeg 1333w, https:\/\/radiorevelacionfm.cl\/wp-content\/uploads\/2023\/08\/desayunos-y-cafes-1-1_optimized-1-300x135.jpeg 300w, https:\/\/radiorevelacionfm.cl\/wp-content\/uploads\/2023\/08\/desayunos-y-cafes-1-1_optimized-1-1030x464.jpeg 1030w, https:\/\/radiorevelacionfm.cl\/wp-content\/uploads\/2023\/08\/desayunos-y-cafes-1-1_optimized-1-768x346.jpeg 768w, https:\/\/radiorevelacionfm.cl\/wp-content\/uploads\/2023\/08\/desayunos-y-cafes-1-1_optimized-1-705x317.jpeg 705w, https:\/\/radiorevelacionfm.cl\/wp-content\/uploads\/2023\/08\/desayunos-y-cafes-1-1_optimized-1-450x203.jpeg 450w, https:\/\/radiorevelacionfm.cl\/wp-content\/uploads\/2023\/08\/desayunos-y-cafes-1-1_optimized-1-600x270.jpeg 600w\" sizes=\"(max-width: 1333px) 100vw, 1333px\" \/><\/div><\/div><\/div><\/div><div class=\"flex_column av_one_full  flex_column_div av-zero-column-padding first  avia-builder-el-2  el_after_av_one_full  el_before_av_one_full  column-top-margin\" style='border-radius:0px; '><section class=\"av_textblock_section \"  itemscope=\"itemscope\" itemtype=\"https:\/\/schema.org\/BlogPosting\" itemprop=\"blogPost\" ><div class='avia_textblock  '   itemprop=\"text\" ><p style=\"text-align: center;\"><strong><span style=\"font-size: 18pt;\">Felices emprendedoras\/es de Puyuhuapi tras concluir curso \u201cTrabajando en Desayunos y Caf\u00e9s para Nuestros Visitantes\u201d<\/span><\/strong><\/p>\n<div id=\"gtx-trans\" style=\"position: absolute; left: -50px; top: 4.31534px;\">\n<div class=\"gtx-trans-icon\"><\/div>\n<\/div>\n<\/div><\/section><\/div><div class=\"flex_column av_one_full  flex_column_div av-zero-column-padding first  avia-builder-el-4  el_after_av_one_full  el_before_av_hr  column-top-margin\" style='border-radius:0px; '><section class=\"av_textblock_section \"  itemscope=\"itemscope\" itemtype=\"https:\/\/schema.org\/BlogPosting\" itemprop=\"blogPost\" ><div class='avia_textblock  '   itemprop=\"text\" ><p style=\"text-align: justify;\">Luego de dos semanas de intensas jornadas, se efectu\u00f3 el cierre y certificaci\u00f3n del curso ejecutado por la C\u00e1mara de Turismo y Comercio de Puyuhuapi, donde los alumnos, socias y socios de la organizaci\u00f3n adquirieron nuevos conocimientos y t\u00e9cnicas en la preparaci\u00f3n de diferentes tipos de caf\u00e9 y desayunos alternativos.<\/p>\n<p style=\"text-align: justify;\">La ceremonia se realiz\u00f3 en el restaurante El Muelle, cont\u00f3 con la presencia del Alcalde de la Comuna de Cisnes Francisco Roncagliolo Lepio, la Consejera Regional de Ays\u00e9n Paola Rodr\u00edguez Cuevas, el Concejal Larry Letcher, dirigentes de organizaciones locales, alumnos participantes, los profesores de la Escuela de Baristas de Chile Daniel Echeverr\u00eda y Edgar Montiel, como as\u00ed tambi\u00e9n algunos invitados.<\/p>\n<p style=\"text-align: justify;\">El plan formativo de este curso es pionero en la comuna y regi\u00f3n de Ays\u00e9n, dise\u00f1ado por la C\u00e1mara en conjunto con la OTEC y tuvo como objetivo principal conocer distintas alternativas de desayunos para los visitantes que tienen alg\u00fan problema alimentario como intolerancia a la lactosa, cel\u00edacos o veganos. Esta \u00faltima semana, los alumnos aprendieron los fundamentos conceptuales y tipolog\u00eda del caf\u00e9 y formas de elaborar bebidas a base de caf\u00e9.<\/p>\n<p style=\"text-align: justify;\">El Alcalde Roncagliolo, agradeci\u00f3 a la C\u00e1mara de Turismo y Comercio a trav\u00e9s de su presidenta Ver\u00f3nica Gallardo, por esta iniciativa que va a fortalecer las capacidades dentro de los prestadores de servicios locales. Adem\u00e1s, relev\u00f3 el financiamiento del Gobierno Regional y el apoyo para la formulaci\u00f3n de la iniciativa del \u00e1rea de Fomento Productivo Municipal.<\/p>\n<p style=\"text-align: justify;\">\u201cEstamos muy contentos que desde Puyuhuapi naciera este curso, a trav\u00e9s de la C\u00e1mara de Comercio y Turismo de la localidad, obviamente postulando al 8% del GORE, aprobado tambi\u00e9n por los Consejeros Regionales y con el apoyo del equipo de Fomento Productivo de Puerto Puyuhuapi y el equipo de Fomento Productivo Municipal. Felicitamos a la C\u00e1mara de Comercio por esta iniciativa, la invitaci\u00f3n que ha hecho no solamente a sus integrantes, sino que tambi\u00e9n, a personas de la comunidad que fuera parte de esta iniciativa, un curso que es bastante novedoso, en una localidad que es un polo tur\u00edstico importante de la comuna de Cisnes, de la regi\u00f3n de Ays\u00e9n\u201d.<\/p>\n<p style=\"text-align: justify;\">Por su parte, la Consejera Paola Rodr\u00edguez, destac\u00f3 el apoyo que entrega el CORE a estas iniciativas en bien de las y los emprendedores.<\/p>\n<p style=\"text-align: justify;\">\u201cEste proyecto tiene una especial significancia, tanto para nuestra Gobernadora como para los Consejeros Regionales. El hecho de que, esto en particular venga con una certificaci\u00f3n, donde la gente haya recibido su certificado, su capacitaci\u00f3n en barista y en la preparaci\u00f3n de desayunos, para nosotros tiene un significado importante. Potenciar localidades, generar destinos, ofertas laborales, es importante para el Gobierno Regional\u201d.<\/p>\n<p style=\"text-align: justify;\">Para uno de los baristas profesionales que dict\u00f3 el curso, Edgar Montiel, esta iniciativa se enfoca en mejorar la experiencia de los visitantes en las cafeter\u00edas y todo lugar donde se ofrezca este producto a la comunidad y sus visitantes.<\/p>\n<p style=\"text-align: justify;\">\u201cLa capacitaci\u00f3n que hicimos para los futuros baristas, estaba enfocada en mejorar la experiencia en las cafeter\u00edas, en todos los hospedajes, para poder ofrecer una mejor calidad de caf\u00e9, una mejor preparaci\u00f3n en todos los lugares de Puyuhuapi en donde se ofrece el caf\u00e9. Con los chicos muy agradecido por la experiencia, esperamos que sea un aporte para la estudia de los visitantes en la localidad\u201d.<\/p>\n<p style=\"text-align: justify;\">La presidenta de la C\u00e1mara de Turismo y Comercio de Puyuhuapi, Ver\u00f3nica Gallardo Miranda, dio un gran significado a la capacitaci\u00f3n en la que pudieron participar.<\/p>\n<p style=\"text-align: justify;\">\u201cEs un curso que se ense\u00f1\u00f3 ac\u00e1 en Puyuhuapi, viendo las necesidades de nuestros visitantes, ya que, esta capacitaci\u00f3n est\u00e1 enfocada para personas que tienen problemas alimentarios, as\u00ed nace este curso y se dise\u00f1\u00f3 ac\u00e1. Y no solamente nos enfocamos en entregar preparaciones, sino que tambi\u00e9n, apuntamos a la preparaci\u00f3n de caf\u00e9s, son desayunos, preparaciones para personas con problemas alimentarios y tambi\u00e9n tuvimos baristas, que nos ense\u00f1aron las distintas preparaciones de caf\u00e9, as\u00ed es que, estamos muy felices\u201d.<\/p>\n<p style=\"text-align: justify;\">De igual forma, Gabriela Fuenzalida, de caf\u00e9 restaurant \u201cArrayanes\u201d, valor\u00f3 la instancia de aprendizaje, ya que fue, \u201cs\u00faper provechosa, encuentro s\u00faper bueno que se dicten estos cursos, porque, nos ayudan a nosotros como emprendedores a dar un mejor servicio\u201d.<\/p>\n<p style=\"text-align: justify;\">Esta capacitaci\u00f3n fue posible realizarla gracias a un proyecto de la C\u00e1mara de Turismo y Comercio de Puyuhuapi, financiada por el 8% FNDR del Gobierno Regional de Ays\u00e9n, con la colaboraci\u00f3n permanente de la Municipalidad de Cisnes y su \u00e1rea de Fomento Productivo, algo que agradeci\u00f3 Ver\u00f3nica Gallardo.<\/p>\n<\/div><\/section><\/div><div  style='height:50px' class='hr hr-invisible   avia-builder-el-6  el_after_av_one_full  el_before_av_social_share '><span class='hr-inner ' ><span class='hr-inner-style'><\/span><\/span><\/div><\/p>\n<div  class='av-social-sharing-box  avia-builder-el-7  el_after_av_hr  el_before_av_hr  '><div class='av-share-box'><h5 class='av-share-link-description av-no-toc '>Compartir esta noticia<\/h5><ul class='av-share-box-list noLightbox'><li class='av-share-link av-social-link-facebook' ><a target=\"_blank\" aria-label=\"Compartir en Facebook\" href='https:\/\/www.facebook.com\/sharer.php?u=https:\/\/radiorevelacionfm.cl\/?p=33644&#038;t=Felices%20emprendedoras%2Fes%20de%20Puyuhuapi%20tras%20concluir%20curso%20%E2%80%9CTrabajando%20en%20Desayunos%20y%20Caf%C3%A9s%20para%20Nuestros%20Visitantes%E2%80%9D' aria-hidden='false' data-av_icon='\ue8f3' data-av_iconfont='entypo-fontello' title='' data-avia-related-tooltip='Compartir en Facebook' rel=\"noopener\"><span class='avia_hidden_link_text'>Compartir en Facebook<\/span><\/a><\/li><li class='av-share-link av-social-link-twitter' ><a target=\"_blank\" aria-label=\"Compartir en Twitter\" href='https:\/\/twitter.com\/share?text=Felices%20emprendedoras%2Fes%20de%20Puyuhuapi%20tras%20concluir%20curso%20%E2%80%9CTrabajando%20en%20Desayunos%20y%20Caf%C3%A9s%20para%20Nuestros%20Visitantes%E2%80%9D&#038;url=https:\/\/radiorevelacionfm.cl\/?p=33644' aria-hidden='false' data-av_icon='\ue8f1' data-av_iconfont='entypo-fontello' title='' data-avia-related-tooltip='Compartir en Twitter' rel=\"noopener\"><span class='avia_hidden_link_text'>Compartir en Twitter<\/span><\/a><\/li><li class='av-share-link av-social-link-whatsapp' ><a target=\"_blank\" aria-label=\"Compartir en Whatsapp\" href='https:\/\/api.whatsapp.com\/send?text=https:\/\/radiorevelacionfm.cl\/?p=33644' aria-hidden='false' data-av_icon='\uf232' data-av_iconfont='entypo-fontello' title='' data-avia-related-tooltip='Compartir en Whatsapp' rel=\"noopener\"><span class='avia_hidden_link_text'>Compartir en Whatsapp<\/span><\/a><\/li><li class='av-share-link av-social-link-linkedin' ><a target=\"_blank\" aria-label=\"Compartir en LinkedIn\" href='https:\/\/linkedin.com\/shareArticle?mini=true&#038;title=Felices%20emprendedoras%2Fes%20de%20Puyuhuapi%20tras%20concluir%20curso%20%E2%80%9CTrabajando%20en%20Desayunos%20y%20Caf%C3%A9s%20para%20Nuestros%20Visitantes%E2%80%9D&#038;url=https:\/\/radiorevelacionfm.cl\/?p=33644' aria-hidden='false' data-av_icon='\ue8fc' data-av_iconfont='entypo-fontello' title='' data-avia-related-tooltip='Compartir en LinkedIn' rel=\"noopener\"><span class='avia_hidden_link_text'>Compartir en LinkedIn<\/span><\/a><\/li><li class='av-share-link av-social-link-mail' ><a  aria-label=\"Compartir por correo\" href='mailto:?subject=Felices%20emprendedoras%2Fes%20de%20Puyuhuapi%20tras%20concluir%20curso%20%E2%80%9CTrabajando%20en%20Desayunos%20y%20Caf%C3%A9s%20para%20Nuestros%20Visitantes%E2%80%9D&#038;body=https:\/\/radiorevelacionfm.cl\/?p=33644' aria-hidden='false' data-av_icon='\ue805' data-av_iconfont='entypo-fontello' title='' data-avia-related-tooltip='Compartir por correo'><span class='avia_hidden_link_text'>Compartir por correo<\/span><\/a><\/li><\/ul><\/div><\/div>\n<div  style='height:50px' class='hr hr-invisible   avia-builder-el-8  el_after_av_social_share  el_before_av_comments_list '><span class='hr-inner ' ><span class='hr-inner-style'><\/span><\/span><\/div>\n<div  class='av-buildercomment  av-blog-meta-html-info-disabled av-blog-meta-tag-disabled  '><\/div>\n","protected":false},"excerpt":{"rendered":"","protected":false},"author":1,"featured_media":33645,"comment_status":"open","ping_status":"open","sticky":false,"template":"","format":"standard","meta":{"footnotes":""},"categories":[38],"tags":[],"class_list":["post-33644","post","type-post","status-publish","format-standard","has-post-thumbnail","hentry","category-regional"],"jetpack_featured_media_url":"https:\/\/radiorevelacionfm.cl\/wp-content\/uploads\/2023\/08\/desayunos-y-cafes-1-1_optimized-1.jpeg","_links":{"self":[{"href":"https:\/\/radiorevelacionfm.cl\/index.php?rest_route=\/wp\/v2\/posts\/33644","targetHints":{"allow":["GET"]}}],"collection":[{"href":"https:\/\/radiorevelacionfm.cl\/index.php?rest_route=\/wp\/v2\/posts"}],"about":[{"href":"https:\/\/radiorevelacionfm.cl\/index.php?rest_route=\/wp\/v2\/types\/post"}],"author":[{"embeddable":true,"href":"https:\/\/radiorevelacionfm.cl\/index.php?rest_route=\/wp\/v2\/users\/1"}],"replies":[{"embeddable":true,"href":"https:\/\/radiorevelacionfm.cl\/index.php?rest_route=%2Fwp%2Fv2%2Fcomments&post=33644"}],"version-history":[{"count":1,"href":"https:\/\/radiorevelacionfm.cl\/index.php?rest_route=\/wp\/v2\/posts\/33644\/revisions"}],"predecessor-version":[{"id":33646,"href":"https:\/\/radiorevelacionfm.cl\/index.php?rest_route=\/wp\/v2\/posts\/33644\/revisions\/33646"}],"wp:featuredmedia":[{"embeddable":true,"href":"https:\/\/radiorevelacionfm.cl\/index.php?rest_route=\/wp\/v2\/media\/33645"}],"wp:attachment":[{"href":"https:\/\/radiorevelacionfm.cl\/index.php?rest_route=%2Fwp%2Fv2%2Fmedia&parent=33644"}],"wp:term":[{"taxonomy":"category","embeddable":true,"href":"https:\/\/radiorevelacionfm.cl\/index.php?rest_route=%2Fwp%2Fv2%2Fcategories&post=33644"},{"taxonomy":"post_tag","embeddable":true,"href":"https:\/\/radiorevelacionfm.cl\/index.php?rest_route=%2Fwp%2Fv2%2Ftags&post=33644"}],"curies":[{"name":"wp","href":"https:\/\/api.w.org\/{rel}","templated":true}]}}