{"id":33641,"date":"2023-08-06T17:51:28","date_gmt":"2023-08-06T20:51:28","guid":{"rendered":"https:\/\/radiorevelacionfm.cl\/?p=33641"},"modified":"2023-08-06T17:51:28","modified_gmt":"2023-08-06T20:51:28","slug":"destacan-rol-comunitario-de-dirigentes-sociales-en-la-region-de-aysen","status":"publish","type":"post","link":"https:\/\/radiorevelacionfm.cl\/?p=33641","title":{"rendered":"Destacan rol comunitario de dirigentes sociales en la Regi\u00f3n de Ays\u00e9n"},"content":{"rendered":"<div class=\"flex_column av_one_full  flex_column_div av-zero-column-padding first  avia-builder-el-0  el_before_av_one_full  avia-builder-el-first  \" style='border-radius:0px; '><div  class='avia-image-container  av-styling-    avia-builder-el-1  avia-builder-el-no-sibling  avia-align-center '  itemprop=\"image\" itemscope=\"itemscope\" itemtype=\"https:\/\/schema.org\/ImageObject\"  ><div class='avia-image-container-inner'><div class='avia-image-overlay-wrap'><img decoding=\"async\" class='wp-image-33642 avia-img-lazy-loading-not-33642 avia_image' src=\"https:\/\/radiorevelacionfm.cl\/wp-content\/uploads\/2023\/08\/img_20230802_141506-1_optimized.jpg\" alt='' title='img_20230802_141506-(1)_optimized' height=\"600\" width=\"1242\"  itemprop=\"thumbnailUrl\" srcset=\"https:\/\/radiorevelacionfm.cl\/wp-content\/uploads\/2023\/08\/img_20230802_141506-1_optimized.jpg 1242w, https:\/\/radiorevelacionfm.cl\/wp-content\/uploads\/2023\/08\/img_20230802_141506-1_optimized-300x145.jpg 300w, https:\/\/radiorevelacionfm.cl\/wp-content\/uploads\/2023\/08\/img_20230802_141506-1_optimized-1030x498.jpg 1030w, https:\/\/radiorevelacionfm.cl\/wp-content\/uploads\/2023\/08\/img_20230802_141506-1_optimized-768x371.jpg 768w, https:\/\/radiorevelacionfm.cl\/wp-content\/uploads\/2023\/08\/img_20230802_141506-1_optimized-705x341.jpg 705w, https:\/\/radiorevelacionfm.cl\/wp-content\/uploads\/2023\/08\/img_20230802_141506-1_optimized-450x217.jpg 450w, https:\/\/radiorevelacionfm.cl\/wp-content\/uploads\/2023\/08\/img_20230802_141506-1_optimized-600x290.jpg 600w\" sizes=\"(max-width: 1242px) 100vw, 1242px\" \/><\/div><\/div><\/div><\/div><div class=\"flex_column av_one_full  flex_column_div av-zero-column-padding first  avia-builder-el-2  el_after_av_one_full  el_before_av_one_full  column-top-margin\" style='border-radius:0px; '><section class=\"av_textblock_section \"  itemscope=\"itemscope\" itemtype=\"https:\/\/schema.org\/BlogPosting\" itemprop=\"blogPost\" ><div class='avia_textblock  '   itemprop=\"text\" ><p style=\"text-align: center;\"><strong><span style=\"font-size: 18pt;\">Destacan rol comunitario de dirigentes sociales en la Regi\u00f3n de Ays\u00e9n<\/span><\/strong><\/p>\n<div id=\"gtx-trans\" style=\"position: absolute; left: -50px; top: 4.31534px;\">\n<div class=\"gtx-trans-icon\"><\/div>\n<\/div>\n<\/div><\/section><\/div><div class=\"flex_column av_one_full  flex_column_div av-zero-column-padding first  avia-builder-el-4  el_after_av_one_full  el_before_av_hr  column-top-margin\" style='border-radius:0px; '><section class=\"av_textblock_section \"  itemscope=\"itemscope\" itemtype=\"https:\/\/schema.org\/BlogPosting\" itemprop=\"blogPost\" ><div class='avia_textblock  '   itemprop=\"text\" ><p style=\"font-weight: 400; text-align: justify;\">Como un rol caracterizado por el compromiso con el trabajo comunitario asociativo, calific\u00f3 el Delegado Presidencial Regional de Ays\u00e9n, Rodrigo Araya, la labor de dirigentes sociales en la Regi\u00f3n de Ays\u00e9n, en el marco de los 55 a\u00f1os de la Ley de Juntas Vecinales y organizaciones comunitarias.<\/p>\n<p style=\"font-weight: 400; text-align: justify;\">Cada 7 de agosto se conmemora el \u201cD\u00eda Nacional del Dirigente Social y Comunitario\u201d, que coincide con la publicaci\u00f3n de la Ley 19.418 de 1968, una legislaci\u00f3n que aclara las funciones de una junta de vecinos y los procedimientos para formar estas instancias de trabajo colectivo de base.<\/p>\n<p style=\"font-weight: 400; text-align: justify;\">En este contexto destaca un di\u00e1logo sostenido con la nueva mesa directiva de la Uni\u00f3n Comunal Pampas del Corral, conformada por alrededor de 30 juntas vecinales de la comuna de Coyhaique.<\/p>\n<p style=\"font-weight: 400; text-align: justify;\">En la instancia, Rodrigo Araya subray\u00f3 la importancia del rol dirigencial en el trabajo p\u00fablico privado dirigido a atender de manera coordinada las prioridades comunitarias.<\/p>\n<p style=\"font-weight: 400; text-align: justify;\">\u201cEl trabajo que realizan es a expensas del tiempo, de las ganas y del trabajo por los dem\u00e1s, es decir, una labor solidaria, lo que es tremendamente valorable. Nuestro compromiso tiene que ver con c\u00f3mo apoyamos este trabajo con el aporte de informaci\u00f3n y resolviendo problem\u00e1ticas que viven; y c\u00f3mo disponemos de una mejor articulaci\u00f3n y de los recursos del Estado para canalizar las coordinaciones que nosotros podamos hacer\u201d, expres\u00f3.<\/p>\n<p style=\"font-weight: 400; text-align: justify;\">Ver\u00f3nica Leg\u00fce, nueva presidenta de la Uni\u00f3n Comunal Pampas del Corral, indic\u00f3 que mediante un trabajo conjunto y sostenido es posible abordar los temas de mayor preponderancia para la comunidad.<\/p>\n<p style=\"font-weight: 400; text-align: justify;\">\u201cTemas de medio ambiente, social, adulto mayor, para ver soluciones y armar mesas de trabajo, que trabajemos en conjunto y de la mano, esa es la idea\u201d, se\u00f1al\u00f3.<\/p>\n<p style=\"font-weight: 400; text-align: justify;\">Del mismo modo, Daniela Olavarr\u00eda, vicepresidenta de la Uni\u00f3n Comunal Pampas del Corral, destac\u00f3 la importancia del trabajo mancomunado entre instituciones y organizaciones para canalizar informaci\u00f3n y atender inquietudes.<\/p>\n<p style=\"font-weight: 400; text-align: justify;\">\u201cCrear mesas de trabajo para canalizar lo que nos llega como solicitud de nuestros vecinos y establecer canales para lograr nuevos avances. Dentro de estas mesas de trabajo retroalimentarnos de informaci\u00f3n y ponernos al d\u00eda de que se est\u00e1n llevando a cabo\u201d, concluy\u00f3.<\/p>\n<p style=\"font-weight: 400; text-align: justify;\">Para resaltar la fecha la Divisi\u00f3n de Organizaciones Sociales del Ministerio Secretar\u00eda General de Gobierno, as\u00ed como tambi\u00e9n el Ministerio de Vivienda y Urbanismo, entre otros, est\u00e1n desarrollando diferentes actividades orientadas a fortalecer el di\u00e1logo con la dirigencia social as\u00ed como la participaci\u00f3n ciudadana en general.<\/p>\n<\/div><\/section><\/div><div  style='height:50px' class='hr hr-invisible   avia-builder-el-6  el_after_av_one_full  el_before_av_social_share '><span class='hr-inner ' ><span class='hr-inner-style'><\/span><\/span><\/div><\/p>\n<div  class='av-social-sharing-box  avia-builder-el-7  el_after_av_hr  el_before_av_hr  '><div class='av-share-box'><h5 class='av-share-link-description av-no-toc '>Compartir esta noticia<\/h5><ul class='av-share-box-list noLightbox'><li class='av-share-link av-social-link-facebook' ><a target=\"_blank\" aria-label=\"Compartir en Facebook\" href='https:\/\/www.facebook.com\/sharer.php?u=https:\/\/radiorevelacionfm.cl\/?p=33641&#038;t=Destacan%20rol%20comunitario%20de%20dirigentes%20sociales%20en%20la%20Regi%C3%B3n%20de%20Ays%C3%A9n' aria-hidden='false' data-av_icon='\ue8f3' data-av_iconfont='entypo-fontello' title='' data-avia-related-tooltip='Compartir en Facebook' rel=\"noopener\"><span class='avia_hidden_link_text'>Compartir en Facebook<\/span><\/a><\/li><li class='av-share-link av-social-link-twitter' ><a target=\"_blank\" aria-label=\"Compartir en Twitter\" href='https:\/\/twitter.com\/share?text=Destacan%20rol%20comunitario%20de%20dirigentes%20sociales%20en%20la%20Regi%C3%B3n%20de%20Ays%C3%A9n&#038;url=https:\/\/radiorevelacionfm.cl\/?p=33641' aria-hidden='false' data-av_icon='\ue8f1' data-av_iconfont='entypo-fontello' title='' data-avia-related-tooltip='Compartir en Twitter' rel=\"noopener\"><span class='avia_hidden_link_text'>Compartir en Twitter<\/span><\/a><\/li><li class='av-share-link av-social-link-whatsapp' ><a target=\"_blank\" aria-label=\"Compartir en Whatsapp\" href='https:\/\/api.whatsapp.com\/send?text=https:\/\/radiorevelacionfm.cl\/?p=33641' aria-hidden='false' data-av_icon='\uf232' data-av_iconfont='entypo-fontello' title='' data-avia-related-tooltip='Compartir en Whatsapp' rel=\"noopener\"><span class='avia_hidden_link_text'>Compartir en Whatsapp<\/span><\/a><\/li><li class='av-share-link av-social-link-linkedin' ><a target=\"_blank\" aria-label=\"Compartir en LinkedIn\" href='https:\/\/linkedin.com\/shareArticle?mini=true&#038;title=Destacan%20rol%20comunitario%20de%20dirigentes%20sociales%20en%20la%20Regi%C3%B3n%20de%20Ays%C3%A9n&#038;url=https:\/\/radiorevelacionfm.cl\/?p=33641' aria-hidden='false' data-av_icon='\ue8fc' data-av_iconfont='entypo-fontello' title='' data-avia-related-tooltip='Compartir en LinkedIn' rel=\"noopener\"><span class='avia_hidden_link_text'>Compartir en LinkedIn<\/span><\/a><\/li><li class='av-share-link av-social-link-mail' ><a  aria-label=\"Compartir por correo\" href='mailto:?subject=Destacan%20rol%20comunitario%20de%20dirigentes%20sociales%20en%20la%20Regi%C3%B3n%20de%20Ays%C3%A9n&#038;body=https:\/\/radiorevelacionfm.cl\/?p=33641' aria-hidden='false' data-av_icon='\ue805' data-av_iconfont='entypo-fontello' title='' data-avia-related-tooltip='Compartir por correo'><span class='avia_hidden_link_text'>Compartir por correo<\/span><\/a><\/li><\/ul><\/div><\/div>\n<div  style='height:50px' class='hr hr-invisible   avia-builder-el-8  el_after_av_social_share  el_before_av_comments_list '><span class='hr-inner ' ><span class='hr-inner-style'><\/span><\/span><\/div>\n<div  class='av-buildercomment  av-blog-meta-html-info-disabled av-blog-meta-tag-disabled  '><\/div>\n","protected":false},"excerpt":{"rendered":"","protected":false},"author":1,"featured_media":33642,"comment_status":"open","ping_status":"open","sticky":false,"template":"","format":"standard","meta":{"footnotes":""},"categories":[38],"tags":[],"class_list":["post-33641","post","type-post","status-publish","format-standard","has-post-thumbnail","hentry","category-regional"],"jetpack_featured_media_url":"https:\/\/radiorevelacionfm.cl\/wp-content\/uploads\/2023\/08\/img_20230802_141506-1_optimized.jpg","_links":{"self":[{"href":"https:\/\/radiorevelacionfm.cl\/index.php?rest_route=\/wp\/v2\/posts\/33641","targetHints":{"allow":["GET"]}}],"collection":[{"href":"https:\/\/radiorevelacionfm.cl\/index.php?rest_route=\/wp\/v2\/posts"}],"about":[{"href":"https:\/\/radiorevelacionfm.cl\/index.php?rest_route=\/wp\/v2\/types\/post"}],"author":[{"embeddable":true,"href":"https:\/\/radiorevelacionfm.cl\/index.php?rest_route=\/wp\/v2\/users\/1"}],"replies":[{"embeddable":true,"href":"https:\/\/radiorevelacionfm.cl\/index.php?rest_route=%2Fwp%2Fv2%2Fcomments&post=33641"}],"version-history":[{"count":1,"href":"https:\/\/radiorevelacionfm.cl\/index.php?rest_route=\/wp\/v2\/posts\/33641\/revisions"}],"predecessor-version":[{"id":33643,"href":"https:\/\/radiorevelacionfm.cl\/index.php?rest_route=\/wp\/v2\/posts\/33641\/revisions\/33643"}],"wp:featuredmedia":[{"embeddable":true,"href":"https:\/\/radiorevelacionfm.cl\/index.php?rest_route=\/wp\/v2\/media\/33642"}],"wp:attachment":[{"href":"https:\/\/radiorevelacionfm.cl\/index.php?rest_route=%2Fwp%2Fv2%2Fmedia&parent=33641"}],"wp:term":[{"taxonomy":"category","embeddable":true,"href":"https:\/\/radiorevelacionfm.cl\/index.php?rest_route=%2Fwp%2Fv2%2Fcategories&post=33641"},{"taxonomy":"post_tag","embeddable":true,"href":"https:\/\/radiorevelacionfm.cl\/index.php?rest_route=%2Fwp%2Fv2%2Ftags&post=33641"}],"curies":[{"name":"wp","href":"https:\/\/api.w.org\/{rel}","templated":true}]}}