{"id":33638,"date":"2023-08-06T22:45:51","date_gmt":"2023-08-07T01:45:51","guid":{"rendered":"https:\/\/radiorevelacionfm.cl\/?p=33638"},"modified":"2023-08-06T22:45:51","modified_gmt":"2023-08-07T01:45:51","slug":"programa-4-a-7-perfecciona-sus-conocimientos-sobre-competencias-socioemocionales","status":"publish","type":"post","link":"https:\/\/radiorevelacionfm.cl\/?p=33638","title":{"rendered":"Programa 4 a 7 perfecciona sus conocimientos sobre competencias socioemocionales"},"content":{"rendered":"<div class=\"flex_column av_one_full  flex_column_div av-zero-column-padding first  avia-builder-el-0  el_before_av_one_full  avia-builder-el-first  \" style='border-radius:0px; '><div  class='avia-image-container  av-styling-    avia-builder-el-1  avia-builder-el-no-sibling  avia-align-center '  itemprop=\"image\" itemscope=\"itemscope\" itemtype=\"https:\/\/schema.org\/ImageObject\"  ><div class='avia-image-container-inner'><div class='avia-image-overlay-wrap'><img decoding=\"async\" class='wp-image-33639 avia-img-lazy-loading-not-33639 avia_image' src=\"https:\/\/radiorevelacionfm.cl\/wp-content\/uploads\/2023\/08\/jornada-4-a-7-13-1_optimized-1.jpg\" alt='' title='jornada-4-a-7-(13)-(1)_optimized (1)' height=\"600\" width=\"1185\"  itemprop=\"thumbnailUrl\" srcset=\"https:\/\/radiorevelacionfm.cl\/wp-content\/uploads\/2023\/08\/jornada-4-a-7-13-1_optimized-1.jpg 1185w, https:\/\/radiorevelacionfm.cl\/wp-content\/uploads\/2023\/08\/jornada-4-a-7-13-1_optimized-1-300x152.jpg 300w, https:\/\/radiorevelacionfm.cl\/wp-content\/uploads\/2023\/08\/jornada-4-a-7-13-1_optimized-1-1030x522.jpg 1030w, https:\/\/radiorevelacionfm.cl\/wp-content\/uploads\/2023\/08\/jornada-4-a-7-13-1_optimized-1-768x389.jpg 768w, https:\/\/radiorevelacionfm.cl\/wp-content\/uploads\/2023\/08\/jornada-4-a-7-13-1_optimized-1-705x357.jpg 705w, https:\/\/radiorevelacionfm.cl\/wp-content\/uploads\/2023\/08\/jornada-4-a-7-13-1_optimized-1-450x228.jpg 450w, https:\/\/radiorevelacionfm.cl\/wp-content\/uploads\/2023\/08\/jornada-4-a-7-13-1_optimized-1-600x304.jpg 600w\" sizes=\"(max-width: 1185px) 100vw, 1185px\" \/><\/div><\/div><\/div><\/div><div class=\"flex_column av_one_full  flex_column_div av-zero-column-padding first  avia-builder-el-2  el_after_av_one_full  el_before_av_one_full  column-top-margin\" style='border-radius:0px; '><section class=\"av_textblock_section \"  itemscope=\"itemscope\" itemtype=\"https:\/\/schema.org\/BlogPosting\" itemprop=\"blogPost\" ><div class='avia_textblock  '   itemprop=\"text\" ><p style=\"text-align: center;\"><strong><span style=\"font-size: 18pt;\">Programa 4 a 7 perfecciona sus conocimientos sobre competencias socioemocionales<\/span><\/strong><\/p>\n<div id=\"gtx-trans\" style=\"position: absolute; left: -50px; top: 4.31534px;\">\n<div class=\"gtx-trans-icon\"><\/div>\n<\/div>\n<\/div><\/section><\/div><div class=\"flex_column av_one_full  flex_column_div av-zero-column-padding first  avia-builder-el-4  el_after_av_one_full  el_before_av_hr  column-top-margin\" style='border-radius:0px; '><section class=\"av_textblock_section \"  itemscope=\"itemscope\" itemtype=\"https:\/\/schema.org\/BlogPosting\" itemprop=\"blogPost\" ><div class='avia_textblock  '   itemprop=\"text\" ><p style=\"font-weight: 400; text-align: justify;\">Generar instancias de perfeccionamiento constante, es parte de la labor que realiza el Servicio Nacional de la Mujer y la Equidad de G\u00e9nero, SernamEG, dirigido a los equipos comunales de las intervenciones program\u00e1ticas que se ejecutan en el territorio. Recientemente, se llev\u00f3 a cabo una jornada para el programa 4 a 7, con la finalidad de perfeccionar conocimientos sobre competencias socioemocionales para la convivencia escolar, que actualmente se ejecuta en las comunas de Ays\u00e9n y Chile Chico, en convenio con los municipios locales.<\/p>\n<p style=\"font-weight: 400; text-align: justify;\">El modelo program\u00e1tico busca fortalecer la autonom\u00eda econ\u00f3mica de las mujeres, contribuyendo a disminuir una barrera estructural que limita su incorporaci\u00f3n y permanencia en el mercado laboral. Para cumplir con este objetivo, se proporciona a las mujeres responsables de ni\u00f1as y ni\u00f1os de 6 a 13 a\u00f1os el acceso a un servicio de cuidado.<\/p>\n<p style=\"font-weight: 400; text-align: justify;\">La Directora Regional de SernamEG, Marta Godoy Carvajal, dijo: \u201cdestacamos el apoyo pedag\u00f3gico del Departamento de Ciencias Sociales y Humanidades de la Universidad de Ays\u00e9n. La actividad es un ejemplo de que el trabajo colaborativo con otros organismos p\u00fablicos es virtuoso, ya que nos permite abordar el desaf\u00edo constante de levantar instancias de capacitaci\u00f3n; lo que, en definitiva, beneficia a las personas que apoyamos a trav\u00e9s de nuestra oferta program\u00e1tica\u201d.<\/p>\n<p style=\"font-weight: 400; text-align: justify;\">Por su parte, la Jefa de la Unidad de Protecci\u00f3n Social e Integraci\u00f3n Comunitaria de la Municipalidad de Ays\u00e9n, Daniela Mera Williams, sostuvo que \u201cla actividad contribuye a mejorar nuestras habilidades; tanto de las coordinadoras como de las monitoras que trabajan diariamente con los establecimientos educacionales donde funciona el programa 4 a 7. Tambi\u00e9n, esta instancia nos permiti\u00f3 conocer distintas vivencias que ocurren en su funcionamiento normal, as\u00ed que agradecemos la coordinaci\u00f3n que se realiz\u00f3 desde SernamEG\u201d.<\/p>\n<p style=\"font-weight: 400; text-align: justify;\"><strong>EXPERIENCIAS\u00a0<\/strong><strong>POSITIVAS\u00a0<\/strong><\/p>\n<p style=\"font-weight: 400; text-align: justify;\">Empat\u00eda, comunicaci\u00f3n y resoluci\u00f3n de conflictos fueron los tres temas abordados en la jornada de capacitaci\u00f3n basado en el \u00abManual de Competencias Psicoemocionales para la Convivencia Escolar\u00bb, dise\u00f1ado por la Universidad de Ays\u00e9n. Las acad\u00e9micas del Departamento de Ciencias Sociales y Humanidades que realizaron las exposiciones fueron Julia Cubillos, Marina Vargas y Romina Aranda.<\/p>\n<p style=\"font-weight: 400; text-align: justify;\">\u201cLa educaci\u00f3n emocional es muy importante, porque nos ayuda no s\u00f3lo al conocimiento sobre nuestras emociones y, por tanto, de las posibilidades de generar bienestar personal, sino tambi\u00e9n para la interacci\u00f3n con otras personas; que posibilitan establecer v\u00ednculos significativos, comunicaci\u00f3n asertiva y en la resoluci\u00f3n de conflictos. En el caso de los graves problemas de convivencia escolar, que hemos visto desde el a\u00f1o pasado a la fecha, es relevante educar sobre este tema a las ni\u00f1as y ni\u00f1os; para que aprendan a vincularse con otras personas de una manera que promueva el bienestar en los entornos educativos\u201d puntualiz\u00f3, Julia Cubillos.<\/p>\n<p style=\"font-weight: 400; text-align: justify;\">Respecto a su experiencia la coordinadora del modelo program\u00e1tico, Fanny Arra\u00f1o Vera, expres\u00f3: \u201cfue muy positiva, uno de los conceptos nuevos que esta capacitaci\u00f3n me dej\u00f3 fue la comunicaci\u00f3n escucha, es decir, o\u00edr de manera atenta hasta que termine de hablar la otra persona; as\u00ed que lo voy a poner en pr\u00e1ctica de ahora en adelante\u201d.<\/p>\n<p style=\"font-weight: 400; text-align: justify;\">Finalmente, el programa 4 a 7 se desarrolla en cuatro establecimientos educacionales que corresponden a la Escuela Almirante Simpson en Puerto Chacabuco, Escuela B\u00e1sica de Chile Chico y en Puerto Ays\u00e9n &#8211; escuelas Litoral Austral y Poetisa Gabriela Mistral.<\/p>\n<\/div><\/section><\/div><div  style='height:50px' class='hr hr-invisible   avia-builder-el-6  el_after_av_one_full  el_before_av_social_share '><span class='hr-inner ' ><span class='hr-inner-style'><\/span><\/span><\/div><\/p>\n<div  class='av-social-sharing-box  avia-builder-el-7  el_after_av_hr  el_before_av_hr  '><div class='av-share-box'><h5 class='av-share-link-description av-no-toc '>Compartir esta noticia<\/h5><ul class='av-share-box-list noLightbox'><li class='av-share-link av-social-link-facebook' ><a target=\"_blank\" aria-label=\"Compartir en Facebook\" href='https:\/\/www.facebook.com\/sharer.php?u=https:\/\/radiorevelacionfm.cl\/?p=33638&#038;t=Programa%204%20a%207%20perfecciona%20sus%20conocimientos%20sobre%20competencias%20socioemocionales' aria-hidden='false' data-av_icon='\ue8f3' data-av_iconfont='entypo-fontello' title='' data-avia-related-tooltip='Compartir en Facebook' rel=\"noopener\"><span class='avia_hidden_link_text'>Compartir en Facebook<\/span><\/a><\/li><li class='av-share-link av-social-link-twitter' ><a target=\"_blank\" aria-label=\"Compartir en Twitter\" href='https:\/\/twitter.com\/share?text=Programa%204%20a%207%20perfecciona%20sus%20conocimientos%20sobre%20competencias%20socioemocionales&#038;url=https:\/\/radiorevelacionfm.cl\/?p=33638' aria-hidden='false' data-av_icon='\ue8f1' data-av_iconfont='entypo-fontello' title='' data-avia-related-tooltip='Compartir en Twitter' rel=\"noopener\"><span class='avia_hidden_link_text'>Compartir en Twitter<\/span><\/a><\/li><li class='av-share-link av-social-link-whatsapp' ><a target=\"_blank\" aria-label=\"Compartir en Whatsapp\" href='https:\/\/api.whatsapp.com\/send?text=https:\/\/radiorevelacionfm.cl\/?p=33638' aria-hidden='false' data-av_icon='\uf232' data-av_iconfont='entypo-fontello' title='' data-avia-related-tooltip='Compartir en Whatsapp' rel=\"noopener\"><span class='avia_hidden_link_text'>Compartir en Whatsapp<\/span><\/a><\/li><li class='av-share-link av-social-link-linkedin' ><a target=\"_blank\" aria-label=\"Compartir en LinkedIn\" href='https:\/\/linkedin.com\/shareArticle?mini=true&#038;title=Programa%204%20a%207%20perfecciona%20sus%20conocimientos%20sobre%20competencias%20socioemocionales&#038;url=https:\/\/radiorevelacionfm.cl\/?p=33638' aria-hidden='false' data-av_icon='\ue8fc' data-av_iconfont='entypo-fontello' title='' data-avia-related-tooltip='Compartir en LinkedIn' rel=\"noopener\"><span class='avia_hidden_link_text'>Compartir en LinkedIn<\/span><\/a><\/li><li class='av-share-link av-social-link-mail' ><a  aria-label=\"Compartir por correo\" href='mailto:?subject=Programa%204%20a%207%20perfecciona%20sus%20conocimientos%20sobre%20competencias%20socioemocionales&#038;body=https:\/\/radiorevelacionfm.cl\/?p=33638' aria-hidden='false' data-av_icon='\ue805' data-av_iconfont='entypo-fontello' title='' data-avia-related-tooltip='Compartir por correo'><span class='avia_hidden_link_text'>Compartir por correo<\/span><\/a><\/li><\/ul><\/div><\/div>\n<div  style='height:50px' class='hr hr-invisible   avia-builder-el-8  el_after_av_social_share  el_before_av_comments_list '><span class='hr-inner ' ><span class='hr-inner-style'><\/span><\/span><\/div>\n<div  class='av-buildercomment  av-blog-meta-html-info-disabled av-blog-meta-tag-disabled  '><\/div>\n","protected":false},"excerpt":{"rendered":"","protected":false},"author":1,"featured_media":33639,"comment_status":"open","ping_status":"open","sticky":false,"template":"","format":"standard","meta":{"footnotes":""},"categories":[38],"tags":[],"class_list":["post-33638","post","type-post","status-publish","format-standard","has-post-thumbnail","hentry","category-regional"],"jetpack_featured_media_url":"https:\/\/radiorevelacionfm.cl\/wp-content\/uploads\/2023\/08\/jornada-4-a-7-13-1_optimized-1.jpg","_links":{"self":[{"href":"https:\/\/radiorevelacionfm.cl\/index.php?rest_route=\/wp\/v2\/posts\/33638","targetHints":{"allow":["GET"]}}],"collection":[{"href":"https:\/\/radiorevelacionfm.cl\/index.php?rest_route=\/wp\/v2\/posts"}],"about":[{"href":"https:\/\/radiorevelacionfm.cl\/index.php?rest_route=\/wp\/v2\/types\/post"}],"author":[{"embeddable":true,"href":"https:\/\/radiorevelacionfm.cl\/index.php?rest_route=\/wp\/v2\/users\/1"}],"replies":[{"embeddable":true,"href":"https:\/\/radiorevelacionfm.cl\/index.php?rest_route=%2Fwp%2Fv2%2Fcomments&post=33638"}],"version-history":[{"count":1,"href":"https:\/\/radiorevelacionfm.cl\/index.php?rest_route=\/wp\/v2\/posts\/33638\/revisions"}],"predecessor-version":[{"id":33640,"href":"https:\/\/radiorevelacionfm.cl\/index.php?rest_route=\/wp\/v2\/posts\/33638\/revisions\/33640"}],"wp:featuredmedia":[{"embeddable":true,"href":"https:\/\/radiorevelacionfm.cl\/index.php?rest_route=\/wp\/v2\/media\/33639"}],"wp:attachment":[{"href":"https:\/\/radiorevelacionfm.cl\/index.php?rest_route=%2Fwp%2Fv2%2Fmedia&parent=33638"}],"wp:term":[{"taxonomy":"category","embeddable":true,"href":"https:\/\/radiorevelacionfm.cl\/index.php?rest_route=%2Fwp%2Fv2%2Fcategories&post=33638"},{"taxonomy":"post_tag","embeddable":true,"href":"https:\/\/radiorevelacionfm.cl\/index.php?rest_route=%2Fwp%2Fv2%2Ftags&post=33638"}],"curies":[{"name":"wp","href":"https:\/\/api.w.org\/{rel}","templated":true}]}}