{"id":33635,"date":"2023-08-06T16:02:51","date_gmt":"2023-08-06T19:02:51","guid":{"rendered":"https:\/\/radiorevelacionfm.cl\/?p=33635"},"modified":"2023-08-06T16:02:51","modified_gmt":"2023-08-06T19:02:51","slug":"olvido-oncologico-el-proyecto-de-ley-que-busca-evitar-la-discriminacion-economica-a-pacientes-oncologicos-recuperados","status":"publish","type":"post","link":"https:\/\/radiorevelacionfm.cl\/?p=33635","title":{"rendered":"Olvido oncol\u00f3gico: el proyecto de ley que busca evitar la discriminaci\u00f3n econ\u00f3mica a pacientes oncol\u00f3gicos recuperados"},"content":{"rendered":"<div class=\"flex_column av_one_full  flex_column_div av-zero-column-padding first  avia-builder-el-0  el_before_av_one_full  avia-builder-el-first  \" style='border-radius:0px; '><div  class='avia-image-container  av-styling-    avia-builder-el-1  avia-builder-el-no-sibling  avia-align-center '  itemprop=\"image\" itemscope=\"itemscope\" itemtype=\"https:\/\/schema.org\/ImageObject\"  ><div class='avia-image-container-inner'><div class='avia-image-overlay-wrap'><img decoding=\"async\" class='wp-image-33636 avia-img-lazy-loading-not-33636 avia_image' src=\"https:\/\/radiorevelacionfm.cl\/wp-content\/uploads\/2023\/08\/derecho-al-olvido-oncologico-1_optimized.jpg\" alt='' title='derecho-al-olvido-oncol\u00f3gico-(1)_optimized' height=\"600\" width=\"901\"  itemprop=\"thumbnailUrl\" srcset=\"https:\/\/radiorevelacionfm.cl\/wp-content\/uploads\/2023\/08\/derecho-al-olvido-oncologico-1_optimized.jpg 901w, https:\/\/radiorevelacionfm.cl\/wp-content\/uploads\/2023\/08\/derecho-al-olvido-oncologico-1_optimized-300x200.jpg 300w, https:\/\/radiorevelacionfm.cl\/wp-content\/uploads\/2023\/08\/derecho-al-olvido-oncologico-1_optimized-768x511.jpg 768w, https:\/\/radiorevelacionfm.cl\/wp-content\/uploads\/2023\/08\/derecho-al-olvido-oncologico-1_optimized-705x469.jpg 705w, https:\/\/radiorevelacionfm.cl\/wp-content\/uploads\/2023\/08\/derecho-al-olvido-oncologico-1_optimized-450x300.jpg 450w, https:\/\/radiorevelacionfm.cl\/wp-content\/uploads\/2023\/08\/derecho-al-olvido-oncologico-1_optimized-600x400.jpg 600w\" sizes=\"(max-width: 901px) 100vw, 901px\" \/><\/div><\/div><\/div><\/div><div class=\"flex_column av_one_full  flex_column_div av-zero-column-padding first  avia-builder-el-2  el_after_av_one_full  el_before_av_one_full  column-top-margin\" style='border-radius:0px; '><section class=\"av_textblock_section \"  itemscope=\"itemscope\" itemtype=\"https:\/\/schema.org\/BlogPosting\" itemprop=\"blogPost\" ><div class='avia_textblock  '   itemprop=\"text\" ><p style=\"text-align: center;\"><span style=\"font-size: 18pt;\"><strong>Olvido oncol\u00f3gico: el proyecto de ley que busca evitar la discriminaci\u00f3n econ\u00f3mica a pacientes oncol\u00f3gicos recuperados <\/strong><\/span><\/p>\n<div id=\"gtx-trans\" style=\"position: absolute; left: -50px; top: 4.31534px;\">\n<div class=\"gtx-trans-icon\"><\/div>\n<\/div>\n<\/div><\/section><\/div><div class=\"flex_column av_one_full  flex_column_div av-zero-column-padding first  avia-builder-el-4  el_after_av_one_full  el_before_av_hr  column-top-margin\" style='border-radius:0px; '><section class=\"av_textblock_section \"  itemscope=\"itemscope\" itemtype=\"https:\/\/schema.org\/BlogPosting\" itemprop=\"blogPost\" ><div class='avia_textblock  '   itemprop=\"text\" ><p style=\"text-align: justify;\"><em>Inspirados en la experiencia europea de pa\u00edses como Francia (2016), B\u00e9lgica (2019), Luxemburgo (2020), Pa\u00edses Bajos (2020), Portugal (2021) y recientemente Espa\u00f1a (2023), la senadora Ximena \u00d3rdenes Neira junto a otros parlamentarios presentaron una moci\u00f3n que modifica la ley del C\u00e1ncer para consagrar el derecho al olvido oncol\u00f3gico.<\/em><\/p>\n<p style=\"text-align: justify;\">El mi\u00e9rcoles 12 de julio de 2023 los senadores Mat\u00edas Walker, Juan Luis Castro, Francisco Chahu\u00e1n, Sergio Gahona, y la senadora de la regi\u00f3n de Ays\u00e9n, Ximena \u00d3rdenes, presentaron el proyecto de ley. Este busca dejar nulas las cl\u00e1usulas de exclusi\u00f3n, de renuncias y solicitar informaci\u00f3n oncol\u00f3gica para pacientes en remisi\u00f3n de la enfermedad una vez transcurridos cinco a\u00f1os. Adem\u00e1s, establece sanciones a aquellas aseguradoras que no cumplan.<\/p>\n<p style=\"text-align: justify;\">El proyecto inici\u00f3 su tramitaci\u00f3n en la Comisi\u00f3n de Salud el pasado mi\u00e9rcoles 2 de agosto, instancia en la cual particip\u00f3 la senadora \u00d3rdenes -como integrante de la comisi\u00f3n y una de las autoras del proyecto-, defendiendo la iniciativa y exponi\u00e9ndola ante sus pares como una instancia que busca evitar que los pacientes sufran discriminaci\u00f3n financiera.<\/p>\n<p style=\"text-align: justify;\">\u201cConsagrar el derecho al olvido oncol\u00f3gico es, ir en contra de una discriminaci\u00f3n que hoy viven muchos pacientes recuperados de c\u00e1ncer y sus familias, en instancias financieras, en la contrataci\u00f3n de un seguro o ante algunos contratos, la idea del proyecto de ley es garantizar que estas desigualdades sean sancionadas si se llegasen a repetir\u201d, sostuvo la senadora de la Rep\u00fablica, una vez finalizada la comisi\u00f3n.<\/p>\n<p style=\"text-align: justify;\">En el esp\u00edritu del proyecto establece que \u201ctranscurrido el plazo de 5 a\u00f1os, ning\u00fan asegurador podr\u00e1 considerar la existencia de antecedentes oncol\u00f3gicos\u201d, para diferentes efectos. La iniciativa se encuentra en su primer tr\u00e1mite constitucional y pretende, por ejemplo, dejar nulas \u201caquellas clausulas, condiciones onerosas, exclusiones, restricciones o discriminaciones de cualquier otro modo destinadas a quien haya sufrido una patolog\u00eda oncol\u00f3gica antes de la fecha de suscripci\u00f3n del contrato o negocio jur\u00eddico\u201d. Esto cuando hayan transcurrido los cinco a\u00f1os desde la finalizaci\u00f3n del tratamiento sin reca\u00edda.<\/p>\n<p style=\"text-align: justify;\">Del mismo modo, la iniciativa sostiene que el incumplimiento de estas \u201cdar\u00e1 lugar a las denuncias o acciones correspondientes, destinadas a sancionar a quien incurra en esta infracci\u00f3n, a anular las cl\u00e1usulas abusivas incorporadas en los contratos de adhesi\u00f3n\u2026\u201d, entre otros efectos que permitir\u00edan al paciente en remisi\u00f3n denunciar o iniciar acciones seg\u00fan corresponda.<\/p>\n<p style=\"text-align: justify;\">Sobre la iniciativa la senadora tambi\u00e9n indic\u00f3 que \u201ccon este proyecto aseguramos que muchas familias en nuestro pa\u00eds luego del gran golpe econ\u00f3mico que significa esta enfermedad, deben soportar la discriminaci\u00f3n y desigualdad, viendo limitados sus proyectos o su acceso a m\u00faltiples servicios\u201d, valorando el avance que significa poder discutir sobre esta realidad.<\/p>\n<p style=\"text-align: justify;\">Cabe destacar que esta moci\u00f3n modificar\u00eda la ley 21.258, Ley Nacional del C\u00e1ncer, creada el a\u00f1o 2020. A la sesi\u00f3n de la Comisi\u00f3n de Salud, realizada el pasado mi\u00e9rcoles, asistieron representantes del Grupo Oncomam\u00e1s, uno de los grupos expectantes de la tramitaci\u00f3n de este proyecto de ley.<\/p>\n<\/div><\/section><\/div><div  style='height:50px' class='hr hr-invisible   avia-builder-el-6  el_after_av_one_full  el_before_av_social_share '><span class='hr-inner ' ><span class='hr-inner-style'><\/span><\/span><\/div><\/p>\n<div  class='av-social-sharing-box  avia-builder-el-7  el_after_av_hr  el_before_av_hr  '><div class='av-share-box'><h5 class='av-share-link-description av-no-toc '>Compartir esta noticia<\/h5><ul class='av-share-box-list noLightbox'><li class='av-share-link av-social-link-facebook' ><a target=\"_blank\" aria-label=\"Compartir en Facebook\" href='https:\/\/www.facebook.com\/sharer.php?u=https:\/\/radiorevelacionfm.cl\/?p=33635&#038;t=Olvido%20oncol%C3%B3gico%3A%20el%20proyecto%20de%20ley%20que%20busca%20evitar%20la%20discriminaci%C3%B3n%20econ%C3%B3mica%20a%20pacientes%20oncol%C3%B3gicos%20recuperados' aria-hidden='false' data-av_icon='\ue8f3' data-av_iconfont='entypo-fontello' title='' data-avia-related-tooltip='Compartir en Facebook' rel=\"noopener\"><span class='avia_hidden_link_text'>Compartir en Facebook<\/span><\/a><\/li><li class='av-share-link av-social-link-twitter' ><a target=\"_blank\" aria-label=\"Compartir en Twitter\" href='https:\/\/twitter.com\/share?text=Olvido%20oncol%C3%B3gico%3A%20el%20proyecto%20de%20ley%20que%20busca%20evitar%20la%20discriminaci%C3%B3n%20econ%C3%B3mica%20a%20pacientes%20oncol%C3%B3gicos%20recuperados&#038;url=https:\/\/radiorevelacionfm.cl\/?p=33635' aria-hidden='false' data-av_icon='\ue8f1' data-av_iconfont='entypo-fontello' title='' data-avia-related-tooltip='Compartir en Twitter' rel=\"noopener\"><span class='avia_hidden_link_text'>Compartir en Twitter<\/span><\/a><\/li><li class='av-share-link av-social-link-whatsapp' ><a target=\"_blank\" aria-label=\"Compartir en Whatsapp\" href='https:\/\/api.whatsapp.com\/send?text=https:\/\/radiorevelacionfm.cl\/?p=33635' aria-hidden='false' data-av_icon='\uf232' data-av_iconfont='entypo-fontello' title='' data-avia-related-tooltip='Compartir en Whatsapp' rel=\"noopener\"><span class='avia_hidden_link_text'>Compartir en Whatsapp<\/span><\/a><\/li><li class='av-share-link av-social-link-linkedin' ><a target=\"_blank\" aria-label=\"Compartir en LinkedIn\" href='https:\/\/linkedin.com\/shareArticle?mini=true&#038;title=Olvido%20oncol%C3%B3gico%3A%20el%20proyecto%20de%20ley%20que%20busca%20evitar%20la%20discriminaci%C3%B3n%20econ%C3%B3mica%20a%20pacientes%20oncol%C3%B3gicos%20recuperados&#038;url=https:\/\/radiorevelacionfm.cl\/?p=33635' aria-hidden='false' data-av_icon='\ue8fc' data-av_iconfont='entypo-fontello' title='' data-avia-related-tooltip='Compartir en LinkedIn' rel=\"noopener\"><span class='avia_hidden_link_text'>Compartir en LinkedIn<\/span><\/a><\/li><li class='av-share-link av-social-link-mail' ><a  aria-label=\"Compartir por correo\" href='mailto:?subject=Olvido%20oncol%C3%B3gico%3A%20el%20proyecto%20de%20ley%20que%20busca%20evitar%20la%20discriminaci%C3%B3n%20econ%C3%B3mica%20a%20pacientes%20oncol%C3%B3gicos%20recuperados&#038;body=https:\/\/radiorevelacionfm.cl\/?p=33635' aria-hidden='false' data-av_icon='\ue805' data-av_iconfont='entypo-fontello' title='' data-avia-related-tooltip='Compartir por correo'><span class='avia_hidden_link_text'>Compartir por correo<\/span><\/a><\/li><\/ul><\/div><\/div>\n<div  style='height:50px' class='hr hr-invisible   avia-builder-el-8  el_after_av_social_share  el_before_av_comments_list '><span class='hr-inner ' ><span class='hr-inner-style'><\/span><\/span><\/div>\n<div  class='av-buildercomment  av-blog-meta-html-info-disabled av-blog-meta-tag-disabled  '><\/div>\n","protected":false},"excerpt":{"rendered":"","protected":false},"author":1,"featured_media":33636,"comment_status":"open","ping_status":"open","sticky":false,"template":"","format":"standard","meta":{"footnotes":""},"categories":[35],"tags":[],"class_list":["post-33635","post","type-post","status-publish","format-standard","has-post-thumbnail","hentry","category-politica"],"jetpack_featured_media_url":"https:\/\/radiorevelacionfm.cl\/wp-content\/uploads\/2023\/08\/derecho-al-olvido-oncologico-1_optimized.jpg","_links":{"self":[{"href":"https:\/\/radiorevelacionfm.cl\/index.php?rest_route=\/wp\/v2\/posts\/33635","targetHints":{"allow":["GET"]}}],"collection":[{"href":"https:\/\/radiorevelacionfm.cl\/index.php?rest_route=\/wp\/v2\/posts"}],"about":[{"href":"https:\/\/radiorevelacionfm.cl\/index.php?rest_route=\/wp\/v2\/types\/post"}],"author":[{"embeddable":true,"href":"https:\/\/radiorevelacionfm.cl\/index.php?rest_route=\/wp\/v2\/users\/1"}],"replies":[{"embeddable":true,"href":"https:\/\/radiorevelacionfm.cl\/index.php?rest_route=%2Fwp%2Fv2%2Fcomments&post=33635"}],"version-history":[{"count":1,"href":"https:\/\/radiorevelacionfm.cl\/index.php?rest_route=\/wp\/v2\/posts\/33635\/revisions"}],"predecessor-version":[{"id":33637,"href":"https:\/\/radiorevelacionfm.cl\/index.php?rest_route=\/wp\/v2\/posts\/33635\/revisions\/33637"}],"wp:featuredmedia":[{"embeddable":true,"href":"https:\/\/radiorevelacionfm.cl\/index.php?rest_route=\/wp\/v2\/media\/33636"}],"wp:attachment":[{"href":"https:\/\/radiorevelacionfm.cl\/index.php?rest_route=%2Fwp%2Fv2%2Fmedia&parent=33635"}],"wp:term":[{"taxonomy":"category","embeddable":true,"href":"https:\/\/radiorevelacionfm.cl\/index.php?rest_route=%2Fwp%2Fv2%2Fcategories&post=33635"},{"taxonomy":"post_tag","embeddable":true,"href":"https:\/\/radiorevelacionfm.cl\/index.php?rest_route=%2Fwp%2Fv2%2Ftags&post=33635"}],"curies":[{"name":"wp","href":"https:\/\/api.w.org\/{rel}","templated":true}]}}