{"id":33633,"date":"2023-08-06T21:55:02","date_gmt":"2023-08-07T00:55:02","guid":{"rendered":"https:\/\/radiorevelacionfm.cl\/?p=33633"},"modified":"2023-08-06T21:55:02","modified_gmt":"2023-08-07T00:55:02","slug":"dan-inicio-a-las-postulaciones-al-sistema-de-admision-escolar-2024-es-importante-informarse-de-los-distintos-proyectos-educativos","status":"publish","type":"post","link":"https:\/\/radiorevelacionfm.cl\/?p=33633","title":{"rendered":"Dan inicio a las postulaciones al Sistema de Admisi\u00f3n Escolar 2024: \u00abEs importante informarse de los distintos proyectos educativos\u00bb"},"content":{"rendered":"<div class=\"flex_column av_one_full  flex_column_div av-zero-column-padding first  avia-builder-el-0  el_before_av_one_full  avia-builder-el-first  \" style='border-radius:0px; '><div  class='avia-image-container  av-styling-    avia-builder-el-1  avia-builder-el-no-sibling  avia-align-center '  itemprop=\"image\" itemscope=\"itemscope\" itemtype=\"https:\/\/schema.org\/ImageObject\"  ><div class='avia-image-container-inner'><div class='avia-image-overlay-wrap'><img decoding=\"async\" class='wp-image-31660 avia-img-lazy-loading-not-31660 avia_image' src=\"https:\/\/radiorevelacionfm.cl\/wp-content\/uploads\/2023\/06\/Seremi-Isabel-Garrido-1-1.jpg\" alt='' title='Seremi Isabel Garrido (1) (1)' height=\"600\" width=\"899\"  itemprop=\"thumbnailUrl\" srcset=\"https:\/\/radiorevelacionfm.cl\/wp-content\/uploads\/2023\/06\/Seremi-Isabel-Garrido-1-1.jpg 899w, https:\/\/radiorevelacionfm.cl\/wp-content\/uploads\/2023\/06\/Seremi-Isabel-Garrido-1-1-300x200.jpg 300w, https:\/\/radiorevelacionfm.cl\/wp-content\/uploads\/2023\/06\/Seremi-Isabel-Garrido-1-1-768x513.jpg 768w, https:\/\/radiorevelacionfm.cl\/wp-content\/uploads\/2023\/06\/Seremi-Isabel-Garrido-1-1-705x471.jpg 705w, https:\/\/radiorevelacionfm.cl\/wp-content\/uploads\/2023\/06\/Seremi-Isabel-Garrido-1-1-450x300.jpg 450w, https:\/\/radiorevelacionfm.cl\/wp-content\/uploads\/2023\/06\/Seremi-Isabel-Garrido-1-1-600x400.jpg 600w\" sizes=\"(max-width: 899px) 100vw, 899px\" \/><\/div><\/div><\/div><\/div><div class=\"flex_column av_one_full  flex_column_div av-zero-column-padding first  avia-builder-el-2  el_after_av_one_full  el_before_av_one_full  column-top-margin\" style='border-radius:0px; '><section class=\"av_textblock_section \"  itemscope=\"itemscope\" itemtype=\"https:\/\/schema.org\/BlogPosting\" itemprop=\"blogPost\" ><div class='avia_textblock  '   itemprop=\"text\" ><p style=\"text-align: center;\"><strong><span style=\"font-size: 18pt;\">Dan inicio a las postulaciones al Sistema de Admisi\u00f3n Escolar 2024: \u00abEs importante informarse de los distintos proyectos educativos\u00bb<\/span><\/strong><\/p>\n<div id=\"gtx-trans\" style=\"position: absolute; left: -50px; top: 4.31534px;\">\n<div class=\"gtx-trans-icon\"><\/div>\n<\/div>\n<\/div><\/section><\/div><div class=\"flex_column av_one_full  flex_column_div av-zero-column-padding first  avia-builder-el-4  el_after_av_one_full  el_before_av_hr  column-top-margin\" style='border-radius:0px; '><section class=\"av_textblock_section \"  itemscope=\"itemscope\" itemtype=\"https:\/\/schema.org\/BlogPosting\" itemprop=\"blogPost\" ><div class='avia_textblock  '   itemprop=\"text\" ><p class=\"v1MsoNormal\" style=\"text-align: justify;\">La Seremi de Educaci\u00f3n de Ays\u00e9n Isabel Garrido Casassa invit\u00f3 a las familias de la regi\u00f3n a postular con confianza al\u00a0Sistema de Admisi\u00f3n Escolar 2024, proceso que comenz\u00f3 el pasado viernes en todo el pa\u00eds y que\u00a0se extender\u00e1 hasta el 1 de septiembre de este a\u00f1o.<\/p>\n<p class=\"v1MsoNormal\" style=\"text-align: justify;\">Para postular en l\u00ednea, las familias deben registrarse en\u00a0<a href=\"http:\/\/www.sistenadeadmisionescolar.cl\/\" target=\"_blank\" rel=\"noopener noreferrer\">www.sistenadeadmisionescolar.cl<\/a>\u00a0e identificar todas las alternativas de establecimientos educativos que sean de su inter\u00e9s y ordenarlas por orden de preferencia. Este proceso puede hacerse cualquier d\u00eda dentro del periodo de postulaci\u00f3n, ya que la fecha no influye en los resultados.<\/p>\n<p class=\"v1MsoNormal\" style=\"text-align: justify;\"><b>Iniciaron postulaciones al Sistema de Admisi\u00f3n Escolar 2024<\/b><\/p>\n<p class=\"v1MsoNormal\" style=\"text-align: justify;\">En la oportunidad, adem\u00e1s de destacar la importancia de que las familias decidan informadamente los futuros establecimientos para sus hijos e hijas, la autoridad regional destac\u00f3 \u00a0la evoluci\u00f3n que ha tenido el mecanismo de acceso que se implementa por s\u00e9ptimo a\u00f1o en el pa\u00eds:<\/p>\n<p class=\"v1MsoNormal\" style=\"text-align: justify;\">\u00abEl sistema escolar est\u00e1 en su s\u00e9ptimo a\u00f1o de aplicaci\u00f3n y es un sistema que en su base tiene principios que son esenciales para el gobierno del presidente Gabriel Boric como son la justicia educativa, la equidad y el derecho a la educaci\u00f3n para todos y todas sin importar el origen social. Este a\u00f1o se han incorporado mejoras importantes al proceso, fortaleciendo el sistema de informaci\u00f3n para que los padres, madres y apoderados postulen conociendo el proyecto educativo de su preferencia, adem\u00e1s de la creaci\u00f3n del libro de registro online que busca evitar que se produzcan filas de espera en las inmediaciones de los colegios\u00bb recalc\u00f3 Isabel Garrido.<\/p>\n<p class=\"v1MsoNormal\" style=\"text-align: justify;\"><b>Recomendaciones<\/b><\/p>\n<p class=\"v1MsoNormal\" style=\"text-align: justify;\">Es importante postular a todos los establecimientos que le parezcan atractivos, en los cuales les gustar\u00eda que sus hijos e hijas puedan estudiar. Pueden postular a todos los que se ajusten a sus intereses y expectativas durante las pr\u00f3ximas semanas.<\/p>\n<p class=\"v1MsoNormal\" style=\"text-align: justify;\">Adem\u00e1s, el Ministerio de Educaci\u00f3n ha ampliado las formas de informaci\u00f3n en base a antecedentes recabados de a\u00f1os anteriores. Por ejemplo, a partir del an\u00e1lisis del proceso pasado, se constat\u00f3 que solo el 14% de las familias conoce la oferta educativa cercana a su barrio. Con esta informaci\u00f3n, se actualiz\u00f3 el sitio\u00a0<a href=\"http:\/\/www.sistemadeadmisionescolar.cl\/\" target=\"_blank\" rel=\"noopener noreferrer\"><i>www.sistemadeadmisionescolar.cl<\/i><\/a>\u00a0y se han enviado mensajes de Whatsapp y fichas informativas a trav\u00e9s de correo electr\u00f3nico con informaci\u00f3n personalizada para que las familias que deben realizar este proceso.<\/p>\n<p class=\"v1MsoNormal\" style=\"text-align: justify;\">El Ministerio de Educaci\u00f3n, reiter\u00f3 que las familias extranjeras que todav\u00eda no cuenten con el Rol \u00danico Nacional deben solicitar los identificadores provisorios que permite realizar la postulaci\u00f3n al Sistema de Admisi\u00f3n Escolar. Se trata del\u00a0<a href=\"https:\/\/www.mineduc.cl\/pueden-pedir-identificadores-para-postular-al-sae\/\" target=\"_blank\" rel=\"noopener noreferrer\">identificador provisorio para apoderado (IPA) y el Identificador Provisorio Escolar (IPE)<\/a>, dos registros que se pueden pedir en<a href=\"https:\/\/www.ayudamineduc.cl\/ficha\/postulacion-de-familias-extranjeras-al-sistema-de-admision-escolar\" target=\"_blank\" rel=\"noopener noreferrer\">\u00a0<\/a><a href=\"https:\/\/www.ayudamineduc.cl\/ficha\/postulacion-de-familias-extranjeras-al-sistema-de-admision-escolar\" target=\"_blank\" rel=\"noopener noreferrer\">https:\/\/www.ayudamineduc.cl\/ficha\/postulacion-de-familias-extranjeras-al-sistema-de-admision-escolar<\/a>.<\/p>\n<p class=\"v1MsoNormal\" style=\"text-align: justify;\">En este proceso, las familias deben entregar la informaci\u00f3n de sus hijos e hijas consangu\u00edneos para que el SAE establezca los v\u00ednculos correspondientes, asigne un identificador al apoderado y\/o postulantes, y el apoderado obtenga una cuenta en la plataforma del SAE. De esta manera, el apoderado quedar\u00e1 habilitado para ingresar con su IPA y contrase\u00f1a.<\/p>\n<p class=\"v1MsoNormal\" style=\"text-align: justify;\"><b>\u00bfC\u00f3mo postular?<\/b><\/p>\n<p class=\"v1MsoNormal\" style=\"text-align: justify;\"><strong>Paso 1<\/strong><\/p>\n<p class=\"v1MsoNormal\" style=\"text-align: justify;\">\u2013 Se ingresa a la p\u00e1gina web\u00a0<a href=\"http:\/\/www.sistemadeadmisionescolar.cl\/\" target=\"_blank\" rel=\"noopener noreferrer\">\u00a0<\/a><a href=\"http:\/\/www.sistemadeadmisionescolar.cl\/\" target=\"_blank\" rel=\"noopener noreferrer\">www.sistemadeadmisionescolar.cl<\/a>\u00a0y se debe registrar como apoderado. S\u00f3lo podr\u00e1n registrarse y realizar la postulaci\u00f3n, la persona con relaci\u00f3n consangu\u00ednea con el estudiante o bajo la figura de tutor\u00eda legal o simple.<\/p>\n<p class=\"v1MsoNormal\" style=\"text-align: justify;\">\u2013\u00a0\u00a0Si el apoderado y\/o el estudiante no tienen RUN chileno, deber\u00e1n solicitar un Identificador Provisorio Escolar (IPE) y\/o el Identificador Provisorio del Apoderado (IPA), previo al registro en la plataforma. Este tr\u00e1mite debe realizarse en<a href=\"http:\/\/www.ayudamineduc.cl\/\" target=\"_blank\" rel=\"noopener noreferrer\">\u00a0<\/a><a href=\"http:\/\/www.ayudamineduc.cl\/\" target=\"_blank\" rel=\"noopener noreferrer\">www.ayudamineduc.cl<\/a>\u00a0hasta el 25 de agosto de 2023.<\/p>\n<p class=\"v1MsoNormal\" style=\"text-align: justify;\"><b>Paso 2<\/b><\/p>\n<p class=\"v1MsoNormal\" style=\"text-align: justify;\">\u2013\u00a0 Una vez registrado en la plataforma, el apoderado puede verificar con anticipaci\u00f3n que el nivel sugerido por la plataforma sea el correcto para el a\u00f1o escolar 2024. En caso de solicitar actualizar el nivel al que postula, tambi\u00e9n lo podr\u00e1 realizar en <a href=\"http:\/\/www.ayudamineduc.cl\/\" target=\"_blank\" rel=\"noopener noreferrer\">www.ayudamineduc.cl<\/a>\u00a0hasta el 25 de agosto de 2023.<\/p>\n<p class=\"v1MsoNormal\" style=\"text-align: justify;\">\u2013\u00a0 Tambi\u00e9n podr\u00e1 buscar informaci\u00f3n acerca de los establecimientos de su inter\u00e9s, luego agregarlos en su listado y ordenarlos de acuerdo con su preferencia.<\/p>\n<p class=\"v1MsoNormal\" style=\"text-align: justify;\"><b>Paso 3<\/b><\/p>\n<p class=\"v1MsoNormal\" style=\"text-align: justify;\">\u2013\u00a0 A continuaci\u00f3n, se env\u00eda la postulaci\u00f3n y se descarga el comprobante. Al finalizar, hay que cerrar la sesi\u00f3n.<\/p>\n<p class=\"v1MsoNormal\" style=\"text-align: justify;\"><b>\u00bfC\u00f3mo funciona?<\/b><\/p>\n<p class=\"v1MsoNormal\" style=\"text-align: justify;\">Cuando el establecimiento tenga tantas vacantes como postulantes, todos los ni\u00f1os, ni\u00f1as y adolescentes ser\u00e1n admitidos a dicho establecimiento. Si, por el contrario, el n\u00famero de vacantes es inferior al n\u00famero de postulantes, el Mineduc aplicar\u00e1 un mecanismo de asignaci\u00f3n (algoritmo) y que, de acuerdo con lo establecido por ley, tendr\u00e1n prioridad de ingreso en un determinado establecimiento los siguientes casos:<\/p>\n<p class=\"v1MsoNormal\" style=\"text-align: justify;\">1.\u00a0\u00a0\u00a0\u00a0Las hermanas o hermanos de estudiantes ya matriculados en el establecimiento.<\/p>\n<p class=\"v1MsoNormal\" style=\"text-align: justify;\">2.\u00a0\u00a0\u00a0\u00a0Estudiantes calificados como prioritarios hasta completar un 15% de los cupos totales del nivel.<\/p>\n<p class=\"v1MsoNormal\" style=\"text-align: justify;\">3.\u00a0\u00a0\u00a0\u00a0Hijos\/as de funcionarios\/as del establecimiento educacional.<\/p>\n<p class=\"v1MsoNormal\" style=\"text-align: justify;\">4.\u00a0\u00a0\u00a0\u00a0Ex alumnos\/as del establecimiento educacional que no fueron expulsados del mismo.<\/p>\n<p class=\"v1MsoNormal\" style=\"text-align: justify;\">5.\u00a0\u00a0\u00a0\u00a0Los apoderados pueden postular a sus hijos\/as y\/o de los que sean tutores en edad escolar a un m\u00ednimo de dos establecimientos de zona urbana y un establecimiento de zona rural. No se establece un n\u00famero m\u00e1ximo de establecimientos a los cuales postular, el apoderado podr\u00e1 postular a todos los colegios que desee.<\/p>\n<p class=\"v1MsoNormal\" style=\"text-align: justify;\"><b>Fechas clave del proceso SAE<\/b><\/p>\n<p class=\"v1MsoNormal\" style=\"text-align: justify;\"><b>04 de agosto al 01 de septiembre:\u00a0<\/b>Etapa de postulaci\u00f3n.<\/p>\n<p class=\"v1MsoNormal\" style=\"text-align: justify;\"><b>19 al 25 de octubre:<\/b>\u00a0Publicaci\u00f3n de los resultados de postulaci\u00f3n.<\/p>\n<p class=\"v1MsoNormal\" style=\"text-align: justify;\"><b>06 al 07 de noviembre:<\/b>\u00a0Publicaci\u00f3n de resultados de listas de espera.<\/p>\n<p class=\"v1MsoNormal\" style=\"text-align: justify;\"><b>17 al 24 de noviembre:\u00a0<\/b>Per\u00edodo Complementario de postulaci\u00f3n. Es para aquellos apoderados que hayan rechazado su asignaci\u00f3n o que no postularon en el periodo principal.<\/p>\n<p class=\"v1MsoNormal\" style=\"text-align: justify;\"><b>07 de diciembre:<\/b>\u00a0Publicaci\u00f3n resultados Per\u00edodo Complementario de postulaci\u00f3n.<\/p>\n<p class=\"v1MsoNormal\" style=\"text-align: justify;\"><b>11 al 22 de diciembre:\u00a0<\/b>Per\u00edodo de matr\u00edcula en los establecimientos. Es para estudiantes nuevos y estudiantes que continuar\u00e1n en su mismo establecimiento.<\/p>\n<p class=\"v1MsoNormal\" style=\"text-align: justify;\"><b>26 al 27 de diciembre:\u00a0<\/b>Per\u00edodo de regularizaci\u00f3n exclusiva para repitentes. Tiene por finalidad permitir la regularizaci\u00f3n de aquellos estudiantes admitidos por sistema que repitieron de nivel, por tanto, buscan una vacante en el nivel previo al que postularon.<\/p>\n<p class=\"v1MsoNormal\" style=\"text-align: justify;\"><b>Desde el 28 de diciembre de 2023 y hasta antes del inicio del periodo de matr\u00edculas del proceso de admisi\u00f3n del a\u00f1o 2025:<\/b>\u00a0Inicio del per\u00edodo de regularizaci\u00f3n a\u00f1o lectivo 2024. Esto se realiza directamente en los establecimientos para aquellos estudiantes que no postularon en ninguno de los dos procesos o quieren buscar otro colegio.<\/p>\n<\/div><\/section><\/div><div  style='height:50px' class='hr hr-invisible   avia-builder-el-6  el_after_av_one_full  el_before_av_social_share '><span class='hr-inner ' ><span class='hr-inner-style'><\/span><\/span><\/div><\/p>\n<div  class='av-social-sharing-box  avia-builder-el-7  el_after_av_hr  el_before_av_hr  '><div class='av-share-box'><h5 class='av-share-link-description av-no-toc '>Compartir esta noticia<\/h5><ul class='av-share-box-list noLightbox'><li class='av-share-link av-social-link-facebook' ><a target=\"_blank\" aria-label=\"Compartir en Facebook\" href='https:\/\/www.facebook.com\/sharer.php?u=https:\/\/radiorevelacionfm.cl\/?p=33633&#038;t=Dan%20inicio%20a%20las%20postulaciones%20al%20Sistema%20de%20Admisi%C3%B3n%20Escolar%202024%3A%20%C2%ABEs%20importante%20informarse%20de%20los%20distintos%20proyectos%20educativos%C2%BB' aria-hidden='false' data-av_icon='\ue8f3' data-av_iconfont='entypo-fontello' title='' data-avia-related-tooltip='Compartir en Facebook' rel=\"noopener\"><span class='avia_hidden_link_text'>Compartir en Facebook<\/span><\/a><\/li><li class='av-share-link av-social-link-twitter' ><a target=\"_blank\" aria-label=\"Compartir en Twitter\" href='https:\/\/twitter.com\/share?text=Dan%20inicio%20a%20las%20postulaciones%20al%20Sistema%20de%20Admisi%C3%B3n%20Escolar%202024%3A%20%C2%ABEs%20importante%20informarse%20de%20los%20distintos%20proyectos%20educativos%C2%BB&#038;url=https:\/\/radiorevelacionfm.cl\/?p=33633' aria-hidden='false' data-av_icon='\ue8f1' data-av_iconfont='entypo-fontello' title='' data-avia-related-tooltip='Compartir en Twitter' rel=\"noopener\"><span class='avia_hidden_link_text'>Compartir en Twitter<\/span><\/a><\/li><li class='av-share-link av-social-link-whatsapp' ><a target=\"_blank\" aria-label=\"Compartir en Whatsapp\" href='https:\/\/api.whatsapp.com\/send?text=https:\/\/radiorevelacionfm.cl\/?p=33633' aria-hidden='false' data-av_icon='\uf232' data-av_iconfont='entypo-fontello' title='' data-avia-related-tooltip='Compartir en Whatsapp' rel=\"noopener\"><span class='avia_hidden_link_text'>Compartir en Whatsapp<\/span><\/a><\/li><li class='av-share-link av-social-link-linkedin' ><a target=\"_blank\" aria-label=\"Compartir en LinkedIn\" href='https:\/\/linkedin.com\/shareArticle?mini=true&#038;title=Dan%20inicio%20a%20las%20postulaciones%20al%20Sistema%20de%20Admisi%C3%B3n%20Escolar%202024%3A%20%C2%ABEs%20importante%20informarse%20de%20los%20distintos%20proyectos%20educativos%C2%BB&#038;url=https:\/\/radiorevelacionfm.cl\/?p=33633' aria-hidden='false' data-av_icon='\ue8fc' data-av_iconfont='entypo-fontello' title='' data-avia-related-tooltip='Compartir en LinkedIn' rel=\"noopener\"><span class='avia_hidden_link_text'>Compartir en LinkedIn<\/span><\/a><\/li><li class='av-share-link av-social-link-mail' ><a  aria-label=\"Compartir por correo\" href='mailto:?subject=Dan%20inicio%20a%20las%20postulaciones%20al%20Sistema%20de%20Admisi%C3%B3n%20Escolar%202024%3A%20%C2%ABEs%20importante%20informarse%20de%20los%20distintos%20proyectos%20educativos%C2%BB&#038;body=https:\/\/radiorevelacionfm.cl\/?p=33633' aria-hidden='false' data-av_icon='\ue805' data-av_iconfont='entypo-fontello' title='' data-avia-related-tooltip='Compartir por correo'><span class='avia_hidden_link_text'>Compartir por correo<\/span><\/a><\/li><\/ul><\/div><\/div>\n<div  style='height:50px' class='hr hr-invisible   avia-builder-el-8  el_after_av_social_share  el_before_av_comments_list '><span class='hr-inner ' ><span class='hr-inner-style'><\/span><\/span><\/div>\n<div  class='av-buildercomment  av-blog-meta-html-info-disabled av-blog-meta-tag-disabled  '><\/div>\n","protected":false},"excerpt":{"rendered":"","protected":false},"author":1,"featured_media":31660,"comment_status":"open","ping_status":"open","sticky":false,"template":"","format":"standard","meta":{"footnotes":""},"categories":[49],"tags":[],"class_list":["post-33633","post","type-post","status-publish","format-standard","has-post-thumbnail","hentry","category-educacion"],"jetpack_featured_media_url":"https:\/\/radiorevelacionfm.cl\/wp-content\/uploads\/2023\/06\/Seremi-Isabel-Garrido-1-1.jpg","_links":{"self":[{"href":"https:\/\/radiorevelacionfm.cl\/index.php?rest_route=\/wp\/v2\/posts\/33633","targetHints":{"allow":["GET"]}}],"collection":[{"href":"https:\/\/radiorevelacionfm.cl\/index.php?rest_route=\/wp\/v2\/posts"}],"about":[{"href":"https:\/\/radiorevelacionfm.cl\/index.php?rest_route=\/wp\/v2\/types\/post"}],"author":[{"embeddable":true,"href":"https:\/\/radiorevelacionfm.cl\/index.php?rest_route=\/wp\/v2\/users\/1"}],"replies":[{"embeddable":true,"href":"https:\/\/radiorevelacionfm.cl\/index.php?rest_route=%2Fwp%2Fv2%2Fcomments&post=33633"}],"version-history":[{"count":1,"href":"https:\/\/radiorevelacionfm.cl\/index.php?rest_route=\/wp\/v2\/posts\/33633\/revisions"}],"predecessor-version":[{"id":33634,"href":"https:\/\/radiorevelacionfm.cl\/index.php?rest_route=\/wp\/v2\/posts\/33633\/revisions\/33634"}],"wp:featuredmedia":[{"embeddable":true,"href":"https:\/\/radiorevelacionfm.cl\/index.php?rest_route=\/wp\/v2\/media\/31660"}],"wp:attachment":[{"href":"https:\/\/radiorevelacionfm.cl\/index.php?rest_route=%2Fwp%2Fv2%2Fmedia&parent=33633"}],"wp:term":[{"taxonomy":"category","embeddable":true,"href":"https:\/\/radiorevelacionfm.cl\/index.php?rest_route=%2Fwp%2Fv2%2Fcategories&post=33633"},{"taxonomy":"post_tag","embeddable":true,"href":"https:\/\/radiorevelacionfm.cl\/index.php?rest_route=%2Fwp%2Fv2%2Ftags&post=33633"}],"curies":[{"name":"wp","href":"https:\/\/api.w.org\/{rel}","templated":true}]}}