{"id":33631,"date":"2023-08-06T14:53:19","date_gmt":"2023-08-06T17:53:19","guid":{"rendered":"https:\/\/radiorevelacionfm.cl\/?p=33631"},"modified":"2023-08-06T14:53:19","modified_gmt":"2023-08-06T17:53:19","slug":"pdi-detiene-a-dos-imputados-y-esclarece-robo-ocurrido-en-distribuidora-de-bebidas-durante-el-2022","status":"publish","type":"post","link":"https:\/\/radiorevelacionfm.cl\/?p=33631","title":{"rendered":"PDI detiene a dos imputados y esclarece robo ocurrido en distribuidora de bebidas durante el 2022"},"content":{"rendered":"<div class=\"flex_column av_one_full  flex_column_div av-zero-column-padding first  avia-builder-el-0  el_before_av_one_full  avia-builder-el-first  \" style='border-radius:0px; '><div  class='avia-image-container  av-styling-    avia-builder-el-1  avia-builder-el-no-sibling  avia-align-center '  itemprop=\"image\" itemscope=\"itemscope\" itemtype=\"https:\/\/schema.org\/ImageObject\"  ><div class='avia-image-container-inner'><div class='avia-image-overlay-wrap'><img decoding=\"async\" class='wp-image-9546 avia-img-lazy-loading-not-9546 avia_image' src=\"https:\/\/radiorevelacionfm.cl\/wp-content\/uploads\/2021\/10\/PDI-11.01.21-1-1.jpg\" alt='' title='PDI 11.01.21 (1) (1)' height=\"600\" width=\"903\"  itemprop=\"thumbnailUrl\" srcset=\"https:\/\/radiorevelacionfm.cl\/wp-content\/uploads\/2021\/10\/PDI-11.01.21-1-1.jpg 903w, https:\/\/radiorevelacionfm.cl\/wp-content\/uploads\/2021\/10\/PDI-11.01.21-1-1-300x199.jpg 300w, https:\/\/radiorevelacionfm.cl\/wp-content\/uploads\/2021\/10\/PDI-11.01.21-1-1-768x510.jpg 768w, https:\/\/radiorevelacionfm.cl\/wp-content\/uploads\/2021\/10\/PDI-11.01.21-1-1-705x468.jpg 705w, https:\/\/radiorevelacionfm.cl\/wp-content\/uploads\/2021\/10\/PDI-11.01.21-1-1-600x399.jpg 600w\" sizes=\"(max-width: 903px) 100vw, 903px\" \/><\/div><\/div><\/div><\/div><div class=\"flex_column av_one_full  flex_column_div av-zero-column-padding first  avia-builder-el-2  el_after_av_one_full  el_before_av_one_full  column-top-margin\" style='border-radius:0px; '><section class=\"av_textblock_section \"  itemscope=\"itemscope\" itemtype=\"https:\/\/schema.org\/BlogPosting\" itemprop=\"blogPost\" ><div class='avia_textblock  '   itemprop=\"text\" ><p style=\"text-align: center;\"><span style=\"font-size: 18pt;\"><strong>PDI detiene a dos imputados y esclarece robo ocurrido en distribuidora de bebidas durante el 2022<\/strong><\/span><\/p>\n<div id=\"gtx-trans\" style=\"position: absolute; left: -50px; top: 4.31534px;\">\n<div class=\"gtx-trans-icon\"><\/div>\n<\/div>\n<\/div><\/section><\/div><div class=\"flex_column av_one_full  flex_column_div av-zero-column-padding first  avia-builder-el-4  el_after_av_one_full  el_before_av_hr  column-top-margin\" style='border-radius:0px; '><section class=\"av_textblock_section \"  itemscope=\"itemscope\" itemtype=\"https:\/\/schema.org\/BlogPosting\" itemprop=\"blogPost\" ><div class='avia_textblock  '   itemprop=\"text\" ><p style=\"text-align: justify;\">Tras una exitosa investigaci\u00f3n conjunta entre la Polic\u00eda de Investigaciones de Chile (PDI) y el Ministerio P\u00fablico, la Brigada Investigadora de Robos (BIRO) Coyhaique logr\u00f3 esclarecer el robo perpetrado en una embotelladora y distribuidora de bebidas en la capital regional durante el a\u00f1o 2022. Esta investigaci\u00f3n culmin\u00f3 con la detenci\u00f3n de dos individuos presuntamente implicados en el delito, tras dos procedimientos policiales separados.<\/p>\n<p style=\"text-align: justify;\">Uno de los detenidos es un joven de 20 a\u00f1os, quien enfrenta cargos por el delito de Robo en Lugar no Habitado y Receptaci\u00f3n Flagrante. Este individuo ya ten\u00eda antecedentes policiales por homicidio en el a\u00f1o 2019 y se presume que lideraba una banda delictiva que hab\u00eda llevado a cabo m\u00faltiples robos en diferentes \u00e1reas de la regi\u00f3n. El segundo detenido es un adolescente de 16 a\u00f1os con antecedentes policiales, integrante de la banda Los Tule, acusado tambi\u00e9n por el delito de Robo en Lugar no Habitado. Ambos fueron presentados ante el Juzgado de Garant\u00eda de Coyhaique para su respectiva formalizaci\u00f3n.<\/p>\n<p style=\"text-align: justify;\">El subprefecto V\u00edctor Toledo, jefe de la BIRO Coyhaique, explic\u00f3 que \u201ca ra\u00edz del trabajo realizado en el sitio de suceso y las labores investigativas en torno al robo en la embotelladora de bebidas, se logr\u00f3 posicionar a dos sujetos de inter\u00e9s en la comisi\u00f3n del delito\u201d, ocasi\u00f3n en la cual un grupo indeterminado de personas ingres\u00f3 hasta el interior de las dependencias, escalando los muros perimetrales para sustraer diferentes tipos de mercader\u00edas, avaluadas inicialmente en la suma de un mill\u00f3n de pesos. Durante la detenci\u00f3n se recuper\u00f3 un computador que hab\u00eda sido robado desde un centro educativo para adultos en abril del presente a\u00f1o.<\/p>\n<p style=\"text-align: justify;\">La labor investigativa de la unidad especializada permiti\u00f3 vincular a este imputado de 20 a\u00f1os con una banda de adolescentes de entre 14 y 17 a\u00f1os, que posterior a su detenci\u00f3n, protagoniz\u00f3 tres robos similares en Puerto Ays\u00e9n dos de ellos frustrados y uno con la sustracci\u00f3n de bienes avaluados en $500.000. \u201cSe establece que este sujeto detenido por ser uno de los presuntos autores del delito que afect\u00f3 a la embotelladora de bebidas en la ciudad de Coyhaique mantiene vinculaciones con otros grupos delictuales, principalmente, con menores de edad que est\u00e1n siendo investigados por su participaci\u00f3n en algunos hechos delictuales\u201d, agreg\u00f3 el detective.<\/p>\n<p style=\"text-align: justify;\">En una segunda operaci\u00f3n realizada a fines de julio, los detectives de la BIRO Coyhaique lograron la detenci\u00f3n de un segundo involucrado con el robo a la distribuidora, \u201cquien era buscado a ra\u00edz de este requerimiento judicial que manten\u00eda en su contra\u201d, puntualiz\u00f3 Toledo.<\/p>\n<p style=\"text-align: justify;\">Luego de diversas diligencias, el menor de edad fue fiscalizado mientras conduc\u00eda un veh\u00edculo, \u201cd\u00e1ndose a la fuga por diversas arterias de Coyhaique ante la presencia policial, abandonando el veh\u00edculo y huyendo a pie, siendo alcanzado por los detectives a pocos metros\u201d, se\u00f1al\u00f3 el jefe de la BIRO Coyhaique.<\/p>\n<p style=\"text-align: justify;\">Todos estos antecedentes fueron puestos en conocimiento de la Fiscal\u00eda. Tras sus formalizaciones ante el Juzgado de Garant\u00eda, los implicados se encuentran con diversas medidas cautelares. Aquellos relacionados con el robo en la distribuidora permanecen en prisi\u00f3n preventiva e internaci\u00f3n provisoria, mientras que los adolescentes involucrados en los robos en Puerto Ays\u00e9n est\u00e1n bajo arresto domiciliario total y nocturno, en el marco de la investigaci\u00f3n conjunta entre la PDI y el Ministerio P\u00fablico.<\/p>\n<\/div><\/section><\/div><div  style='height:50px' class='hr hr-invisible   avia-builder-el-6  el_after_av_one_full  el_before_av_social_share '><span class='hr-inner ' ><span class='hr-inner-style'><\/span><\/span><\/div><\/p>\n<div  class='av-social-sharing-box  avia-builder-el-7  el_after_av_hr  el_before_av_hr  '><div class='av-share-box'><h5 class='av-share-link-description av-no-toc '>Compartir esta noticia<\/h5><ul class='av-share-box-list noLightbox'><li class='av-share-link av-social-link-facebook' ><a target=\"_blank\" aria-label=\"Compartir en Facebook\" href='https:\/\/www.facebook.com\/sharer.php?u=https:\/\/radiorevelacionfm.cl\/?p=33631&#038;t=PDI%20detiene%20a%20dos%20imputados%20y%20esclarece%20robo%20ocurrido%20en%20distribuidora%20de%20bebidas%20durante%20el%202022' aria-hidden='false' data-av_icon='\ue8f3' data-av_iconfont='entypo-fontello' title='' data-avia-related-tooltip='Compartir en Facebook' rel=\"noopener\"><span class='avia_hidden_link_text'>Compartir en Facebook<\/span><\/a><\/li><li class='av-share-link av-social-link-twitter' ><a target=\"_blank\" aria-label=\"Compartir en Twitter\" href='https:\/\/twitter.com\/share?text=PDI%20detiene%20a%20dos%20imputados%20y%20esclarece%20robo%20ocurrido%20en%20distribuidora%20de%20bebidas%20durante%20el%202022&#038;url=https:\/\/radiorevelacionfm.cl\/?p=33631' aria-hidden='false' data-av_icon='\ue8f1' data-av_iconfont='entypo-fontello' title='' data-avia-related-tooltip='Compartir en Twitter' rel=\"noopener\"><span class='avia_hidden_link_text'>Compartir en Twitter<\/span><\/a><\/li><li class='av-share-link av-social-link-whatsapp' ><a target=\"_blank\" aria-label=\"Compartir en Whatsapp\" href='https:\/\/api.whatsapp.com\/send?text=https:\/\/radiorevelacionfm.cl\/?p=33631' aria-hidden='false' data-av_icon='\uf232' data-av_iconfont='entypo-fontello' title='' data-avia-related-tooltip='Compartir en Whatsapp' rel=\"noopener\"><span class='avia_hidden_link_text'>Compartir en Whatsapp<\/span><\/a><\/li><li class='av-share-link av-social-link-linkedin' ><a target=\"_blank\" aria-label=\"Compartir en LinkedIn\" href='https:\/\/linkedin.com\/shareArticle?mini=true&#038;title=PDI%20detiene%20a%20dos%20imputados%20y%20esclarece%20robo%20ocurrido%20en%20distribuidora%20de%20bebidas%20durante%20el%202022&#038;url=https:\/\/radiorevelacionfm.cl\/?p=33631' aria-hidden='false' data-av_icon='\ue8fc' data-av_iconfont='entypo-fontello' title='' data-avia-related-tooltip='Compartir en LinkedIn' rel=\"noopener\"><span class='avia_hidden_link_text'>Compartir en LinkedIn<\/span><\/a><\/li><li class='av-share-link av-social-link-mail' ><a  aria-label=\"Compartir por correo\" href='mailto:?subject=PDI%20detiene%20a%20dos%20imputados%20y%20esclarece%20robo%20ocurrido%20en%20distribuidora%20de%20bebidas%20durante%20el%202022&#038;body=https:\/\/radiorevelacionfm.cl\/?p=33631' aria-hidden='false' data-av_icon='\ue805' data-av_iconfont='entypo-fontello' title='' data-avia-related-tooltip='Compartir por correo'><span class='avia_hidden_link_text'>Compartir por correo<\/span><\/a><\/li><\/ul><\/div><\/div>\n<div  style='height:50px' class='hr hr-invisible   avia-builder-el-8  el_after_av_social_share  el_before_av_comments_list '><span class='hr-inner ' ><span class='hr-inner-style'><\/span><\/span><\/div>\n<div  class='av-buildercomment  av-blog-meta-html-info-disabled av-blog-meta-tag-disabled  '><\/div>\n","protected":false},"excerpt":{"rendered":"","protected":false},"author":1,"featured_media":9546,"comment_status":"open","ping_status":"open","sticky":false,"template":"","format":"standard","meta":{"footnotes":""},"categories":[36],"tags":[],"class_list":["post-33631","post","type-post","status-publish","format-standard","has-post-thumbnail","hentry","category-policial"],"jetpack_featured_media_url":"https:\/\/radiorevelacionfm.cl\/wp-content\/uploads\/2021\/10\/PDI-11.01.21-1-1.jpg","_links":{"self":[{"href":"https:\/\/radiorevelacionfm.cl\/index.php?rest_route=\/wp\/v2\/posts\/33631","targetHints":{"allow":["GET"]}}],"collection":[{"href":"https:\/\/radiorevelacionfm.cl\/index.php?rest_route=\/wp\/v2\/posts"}],"about":[{"href":"https:\/\/radiorevelacionfm.cl\/index.php?rest_route=\/wp\/v2\/types\/post"}],"author":[{"embeddable":true,"href":"https:\/\/radiorevelacionfm.cl\/index.php?rest_route=\/wp\/v2\/users\/1"}],"replies":[{"embeddable":true,"href":"https:\/\/radiorevelacionfm.cl\/index.php?rest_route=%2Fwp%2Fv2%2Fcomments&post=33631"}],"version-history":[{"count":1,"href":"https:\/\/radiorevelacionfm.cl\/index.php?rest_route=\/wp\/v2\/posts\/33631\/revisions"}],"predecessor-version":[{"id":33632,"href":"https:\/\/radiorevelacionfm.cl\/index.php?rest_route=\/wp\/v2\/posts\/33631\/revisions\/33632"}],"wp:featuredmedia":[{"embeddable":true,"href":"https:\/\/radiorevelacionfm.cl\/index.php?rest_route=\/wp\/v2\/media\/9546"}],"wp:attachment":[{"href":"https:\/\/radiorevelacionfm.cl\/index.php?rest_route=%2Fwp%2Fv2%2Fmedia&parent=33631"}],"wp:term":[{"taxonomy":"category","embeddable":true,"href":"https:\/\/radiorevelacionfm.cl\/index.php?rest_route=%2Fwp%2Fv2%2Fcategories&post=33631"},{"taxonomy":"post_tag","embeddable":true,"href":"https:\/\/radiorevelacionfm.cl\/index.php?rest_route=%2Fwp%2Fv2%2Ftags&post=33631"}],"curies":[{"name":"wp","href":"https:\/\/api.w.org\/{rel}","templated":true}]}}