{"id":33628,"date":"2023-08-05T15:50:35","date_gmt":"2023-08-05T18:50:35","guid":{"rendered":"https:\/\/radiorevelacionfm.cl\/?p=33628"},"modified":"2023-08-05T15:50:35","modified_gmt":"2023-08-05T18:50:35","slug":"conaf-aysen-relevo-dia-del-huemul-protegerlos-es-tarea-de-todos-y-todas","status":"publish","type":"post","link":"https:\/\/radiorevelacionfm.cl\/?p=33628","title":{"rendered":"Conaf Ays\u00e9n relev\u00f3 d\u00eda del huemul: \u00abProtegerlos es tarea de todos y todas\u00bb"},"content":{"rendered":"<div class=\"flex_column av_one_full  flex_column_div av-zero-column-padding first  avia-builder-el-0  el_before_av_one_full  avia-builder-el-first  \" style='border-radius:0px; '><div  class='avia-image-container  av-styling-    avia-builder-el-1  avia-builder-el-no-sibling  avia-align-center '  itemprop=\"image\" itemscope=\"itemscope\" itemtype=\"https:\/\/schema.org\/ImageObject\"  ><div class='avia-image-container-inner'><div class='avia-image-overlay-wrap'><img decoding=\"async\" class='wp-image-33629 avia-img-lazy-loading-not-33629 avia_image' src=\"https:\/\/radiorevelacionfm.cl\/wp-content\/uploads\/2023\/08\/foto-4-5-1_optimized.jpeg\" alt='' title='foto-4-(5)-(1)_optimized' height=\"600\" width=\"800\"  itemprop=\"thumbnailUrl\" srcset=\"https:\/\/radiorevelacionfm.cl\/wp-content\/uploads\/2023\/08\/foto-4-5-1_optimized.jpeg 800w, https:\/\/radiorevelacionfm.cl\/wp-content\/uploads\/2023\/08\/foto-4-5-1_optimized-300x225.jpeg 300w, https:\/\/radiorevelacionfm.cl\/wp-content\/uploads\/2023\/08\/foto-4-5-1_optimized-768x576.jpeg 768w, https:\/\/radiorevelacionfm.cl\/wp-content\/uploads\/2023\/08\/foto-4-5-1_optimized-705x529.jpeg 705w, https:\/\/radiorevelacionfm.cl\/wp-content\/uploads\/2023\/08\/foto-4-5-1_optimized-450x338.jpeg 450w, https:\/\/radiorevelacionfm.cl\/wp-content\/uploads\/2023\/08\/foto-4-5-1_optimized-600x450.jpeg 600w\" sizes=\"(max-width: 800px) 100vw, 800px\" \/><\/div><\/div><\/div><\/div><div class=\"flex_column av_one_full  flex_column_div av-zero-column-padding first  avia-builder-el-2  el_after_av_one_full  el_before_av_one_full  column-top-margin\" style='border-radius:0px; '><section class=\"av_textblock_section \"  itemscope=\"itemscope\" itemtype=\"https:\/\/schema.org\/BlogPosting\" itemprop=\"blogPost\" ><div class='avia_textblock  '   itemprop=\"text\" ><p style=\"text-align: center;\"><strong><span style=\"font-size: 18pt;\">Conaf Ays\u00e9n relev\u00f3 d\u00eda del huemul: \u00abProtegerlos es tarea de todos y todas\u00bb<\/span><\/strong><\/p>\n<div id=\"gtx-trans\" style=\"position: absolute; left: -50px; top: 4.31534px;\">\n<div class=\"gtx-trans-icon\"><\/div>\n<\/div>\n<\/div><\/section><\/div><div class=\"flex_column av_one_full  flex_column_div av-zero-column-padding first  avia-builder-el-4  el_after_av_one_full  el_before_av_hr  column-top-margin\" style='border-radius:0px; '><section class=\"av_textblock_section \"  itemscope=\"itemscope\" itemtype=\"https:\/\/schema.org\/BlogPosting\" itemprop=\"blogPost\" ><div class='avia_textblock  '   itemprop=\"text\" ><p class=\"v1MsoNormal\" style=\"text-align: justify;\"><span lang=\"ES\">Con el objetivo de crear conciencia sobre su conservaci\u00f3n y fortalecer las acciones destinadas a su cuidado y protecci\u00f3n, puesto que se trata de una especie altamente amenazada, este\u00a0<\/span>s\u00e1bado 5 de agosto se celebra el D\u00eda Internacional del Huemul.<\/p>\n<p class=\"v1MsoNormal\" style=\"text-align: justify;\">La fecha fue i<span lang=\"ES\">nstaurada por la Uni\u00f3n Internacional para la Conservaci\u00f3n de la Naturaleza (UICN) durante el Congreso Mundial de C\u00e9rvidos que se realiz\u00f3 en nuestro pa\u00eds el a\u00f1o 2010, en la Reserva Biol\u00f3gica Huilo Huilo para proteger a esta especie<span class=\"v1gmail-Apple-converted-space\">\u00a0<\/span><\/span>cuyo nombre cient\u00edfico es\u00a0<i>Hippocamelus bisulcus,<span class=\"v1gmail-Apple-converted-space\">\u00a0<\/span><\/i>y que en la actualidad se encuentra distribuido<i><span class=\"v1gmail-Apple-converted-space\">\u00a0<\/span><\/i>en peque\u00f1os n\u00facleos poblacionales de las regiones de \u00d1uble, B\u00edob\u00edo, Los R\u00edos y Los Lagos, siendo Ays\u00e9n y Magallanes donde se concentra el mayor n\u00famero y poblaciones de ejemplares.<span class=\"v1gmail-Apple-converted-space\">\u00a0<\/span><\/p>\n<p class=\"v1MsoNormal\" style=\"text-align: justify;\">El Seremi de Agricultura, Alan Espinoza Ortiz, destac\u00f3 la fecha como forma de impulsar pol\u00edticas p\u00fablicas en torno a la protecci\u00f3n y conservaci\u00f3n, resaltando el reimpulso de la Mesa Intersectorial para la Conservaci\u00f3n del Huemul que re\u00fane a diversas organizaciones p\u00fablicas y privadas.<\/p>\n<p class=\"v1MsoNormal\" style=\"text-align: justify;\"><span lang=\"ES\">\u00abReafirmar nuestro compromiso como Ministerio de Agricultura de continuar impulsando la Mesa Intersectorial para la Conservaci\u00f3n del Huemul donde participan distintos actores del mundo p\u00fablico, privado y de la academia. A quienes nos interesa lo mismo; <span class=\"v1gmail-Apple-converted-space\">p<\/span>reservar y conservar esta noble especie en nuestra regi\u00f3n y por cierto, protegerla de las distintas amenazas\u00bb, sostuvo.<\/span><\/p>\n<p class=\"v1MsoNormal\" style=\"text-align: justify;\"><span lang=\"ES\">Andrea Bahamonde Valenzuela, Jefa del Departamento de \u00c1reas Silvestres Protegidas de Conaf Ays\u00e9n, explic\u00f3 que \u00abEn la regi\u00f3n de Ays\u00e9n tenemos siete \u00c1reas Silvestres Protegidas de Estado que protegen a esta especie, mediante diferentes acciones de conservaci\u00f3n y reducci\u00f3n de amenazas que realizan nuestros guardaparques, pero la especie no conoce l\u00edmites y se encuentra presente en terrenos privados, por eso hoy queremos hacer un llamado a<span class=\"v1gmail-Apple-converted-space\">\u00a0<\/span>\u00a0la comunidad, sociedad civil, a las personas en general a conservar y proteger a esta especie her\u00e1ldica y su h\u00e1bitat.\u00bb<\/span><\/p>\n<p class=\"v1MsoNormal\" style=\"text-align: justify;\">En este sentido, cabe mencionar que el<span class=\"v1gmail-Apple-converted-space\">\u00a0<\/span><span lang=\"ES\">Parque Nacional Cerro Castillo, en nuestra regi\u00f3n, alberga una poblaci\u00f3n muy importante de estos mam\u00edferos a nivel mundial.<span class=\"v1gmail-Apple-converted-space\">\u00a0<\/span><\/span>Hern\u00e1n Vel\u00e1squez Sandoval, guardaparques administrador del Parque Nacional, precis\u00f3 que<span class=\"v1gmail-Apple-converted-space\">\u00a0<\/span><span lang=\"ES\">la disminuci\u00f3n de los huemules, tanto en su distribuci\u00f3n geogr\u00e1fica como num\u00e9rica, debido a las diversas amenazas a las que se enfrenta, hace que sea considerado como uno de los ciervos m\u00e1s amenazados del planeta y que su estado de conservaci\u00f3n este clasificado como especie En Peligro de extinci\u00f3n.<\/span><\/p>\n<p class=\"v1MsoNormal\" style=\"text-align: justify;\">\u00abDesde el Parque Nacional Cerro Castillo instamos a todos los usuarios de la carretera, a quienes nos visitan en temporada tur\u00edstica, y tambi\u00e9n a nuestros vecinos, a proteger a esta especie. La conservaci\u00f3n del huemul, de sus poblaciones y su h\u00e1bitat es tarea de todos y todas\u00bb, concluy\u00f3.<\/p>\n<\/div><\/section><\/div><div  style='height:50px' class='hr hr-invisible   avia-builder-el-6  el_after_av_one_full  el_before_av_social_share '><span class='hr-inner ' ><span class='hr-inner-style'><\/span><\/span><\/div><\/p>\n<div  class='av-social-sharing-box  avia-builder-el-7  el_after_av_hr  el_before_av_hr  '><div class='av-share-box'><h5 class='av-share-link-description av-no-toc '>Compartir esta noticia<\/h5><ul class='av-share-box-list noLightbox'><li class='av-share-link av-social-link-facebook' ><a target=\"_blank\" aria-label=\"Compartir en Facebook\" href='https:\/\/www.facebook.com\/sharer.php?u=https:\/\/radiorevelacionfm.cl\/?p=33628&#038;t=Conaf%20Ays%C3%A9n%20relev%C3%B3%20d%C3%ADa%20del%20huemul%3A%20%C2%ABProtegerlos%20es%20tarea%20de%20todos%20y%20todas%C2%BB' aria-hidden='false' data-av_icon='\ue8f3' data-av_iconfont='entypo-fontello' title='' data-avia-related-tooltip='Compartir en Facebook' rel=\"noopener\"><span class='avia_hidden_link_text'>Compartir en Facebook<\/span><\/a><\/li><li class='av-share-link av-social-link-twitter' ><a target=\"_blank\" aria-label=\"Compartir en Twitter\" href='https:\/\/twitter.com\/share?text=Conaf%20Ays%C3%A9n%20relev%C3%B3%20d%C3%ADa%20del%20huemul%3A%20%C2%ABProtegerlos%20es%20tarea%20de%20todos%20y%20todas%C2%BB&#038;url=https:\/\/radiorevelacionfm.cl\/?p=33628' aria-hidden='false' data-av_icon='\ue8f1' data-av_iconfont='entypo-fontello' title='' data-avia-related-tooltip='Compartir en Twitter' rel=\"noopener\"><span class='avia_hidden_link_text'>Compartir en Twitter<\/span><\/a><\/li><li class='av-share-link av-social-link-whatsapp' ><a target=\"_blank\" aria-label=\"Compartir en Whatsapp\" href='https:\/\/api.whatsapp.com\/send?text=https:\/\/radiorevelacionfm.cl\/?p=33628' aria-hidden='false' data-av_icon='\uf232' data-av_iconfont='entypo-fontello' title='' data-avia-related-tooltip='Compartir en Whatsapp' rel=\"noopener\"><span class='avia_hidden_link_text'>Compartir en Whatsapp<\/span><\/a><\/li><li class='av-share-link av-social-link-linkedin' ><a target=\"_blank\" aria-label=\"Compartir en LinkedIn\" href='https:\/\/linkedin.com\/shareArticle?mini=true&#038;title=Conaf%20Ays%C3%A9n%20relev%C3%B3%20d%C3%ADa%20del%20huemul%3A%20%C2%ABProtegerlos%20es%20tarea%20de%20todos%20y%20todas%C2%BB&#038;url=https:\/\/radiorevelacionfm.cl\/?p=33628' aria-hidden='false' data-av_icon='\ue8fc' data-av_iconfont='entypo-fontello' title='' data-avia-related-tooltip='Compartir en LinkedIn' rel=\"noopener\"><span class='avia_hidden_link_text'>Compartir en LinkedIn<\/span><\/a><\/li><li class='av-share-link av-social-link-mail' ><a  aria-label=\"Compartir por correo\" href='mailto:?subject=Conaf%20Ays%C3%A9n%20relev%C3%B3%20d%C3%ADa%20del%20huemul%3A%20%C2%ABProtegerlos%20es%20tarea%20de%20todos%20y%20todas%C2%BB&#038;body=https:\/\/radiorevelacionfm.cl\/?p=33628' aria-hidden='false' data-av_icon='\ue805' data-av_iconfont='entypo-fontello' title='' data-avia-related-tooltip='Compartir por correo'><span class='avia_hidden_link_text'>Compartir por correo<\/span><\/a><\/li><\/ul><\/div><\/div>\n<div  style='height:50px' class='hr hr-invisible   avia-builder-el-8  el_after_av_social_share  el_before_av_comments_list '><span class='hr-inner ' ><span class='hr-inner-style'><\/span><\/span><\/div>\n<div  class='av-buildercomment  av-blog-meta-html-info-disabled av-blog-meta-tag-disabled  '><\/div>\n","protected":false},"excerpt":{"rendered":"","protected":false},"author":1,"featured_media":33629,"comment_status":"open","ping_status":"open","sticky":false,"template":"","format":"standard","meta":{"footnotes":""},"categories":[38],"tags":[],"class_list":["post-33628","post","type-post","status-publish","format-standard","has-post-thumbnail","hentry","category-regional"],"jetpack_featured_media_url":"https:\/\/radiorevelacionfm.cl\/wp-content\/uploads\/2023\/08\/foto-4-5-1_optimized.jpeg","_links":{"self":[{"href":"https:\/\/radiorevelacionfm.cl\/index.php?rest_route=\/wp\/v2\/posts\/33628","targetHints":{"allow":["GET"]}}],"collection":[{"href":"https:\/\/radiorevelacionfm.cl\/index.php?rest_route=\/wp\/v2\/posts"}],"about":[{"href":"https:\/\/radiorevelacionfm.cl\/index.php?rest_route=\/wp\/v2\/types\/post"}],"author":[{"embeddable":true,"href":"https:\/\/radiorevelacionfm.cl\/index.php?rest_route=\/wp\/v2\/users\/1"}],"replies":[{"embeddable":true,"href":"https:\/\/radiorevelacionfm.cl\/index.php?rest_route=%2Fwp%2Fv2%2Fcomments&post=33628"}],"version-history":[{"count":1,"href":"https:\/\/radiorevelacionfm.cl\/index.php?rest_route=\/wp\/v2\/posts\/33628\/revisions"}],"predecessor-version":[{"id":33630,"href":"https:\/\/radiorevelacionfm.cl\/index.php?rest_route=\/wp\/v2\/posts\/33628\/revisions\/33630"}],"wp:featuredmedia":[{"embeddable":true,"href":"https:\/\/radiorevelacionfm.cl\/index.php?rest_route=\/wp\/v2\/media\/33629"}],"wp:attachment":[{"href":"https:\/\/radiorevelacionfm.cl\/index.php?rest_route=%2Fwp%2Fv2%2Fmedia&parent=33628"}],"wp:term":[{"taxonomy":"category","embeddable":true,"href":"https:\/\/radiorevelacionfm.cl\/index.php?rest_route=%2Fwp%2Fv2%2Fcategories&post=33628"},{"taxonomy":"post_tag","embeddable":true,"href":"https:\/\/radiorevelacionfm.cl\/index.php?rest_route=%2Fwp%2Fv2%2Ftags&post=33628"}],"curies":[{"name":"wp","href":"https:\/\/api.w.org\/{rel}","templated":true}]}}