{"id":33618,"date":"2023-08-05T13:04:55","date_gmt":"2023-08-05T16:04:55","guid":{"rendered":"https:\/\/radiorevelacionfm.cl\/?p=33618"},"modified":"2023-08-05T13:04:55","modified_gmt":"2023-08-05T16:04:55","slug":"retoman-conversaciones-con-empresa-copec-para-que-evalue-instalarse-en-melinka","status":"publish","type":"post","link":"https:\/\/radiorevelacionfm.cl\/?p=33618","title":{"rendered":"Retoman conversaciones con empresa Copec para que eval\u00fae instalarse en Melinka"},"content":{"rendered":"<div class=\"flex_column av_one_full  flex_column_div av-zero-column-padding first  avia-builder-el-0  el_before_av_one_full  avia-builder-el-first  \" style='border-radius:0px; '><div  class='avia-image-container  av-styling-    avia-builder-el-1  avia-builder-el-no-sibling  avia-align-center '  itemprop=\"image\" itemscope=\"itemscope\" itemtype=\"https:\/\/schema.org\/ImageObject\"  ><div class='avia-image-container-inner'><div class='avia-image-overlay-wrap'><img decoding=\"async\" class='wp-image-33619 avia-img-lazy-loading-not-33619 avia_image' src=\"https:\/\/radiorevelacionfm.cl\/wp-content\/uploads\/2023\/08\/img-20230725-wa0048-1_optimized-1.jpg\" alt='' title='img-20230725-wa0048-(1)_optimized (1)' height=\"600\" width=\"800\"  itemprop=\"thumbnailUrl\" srcset=\"https:\/\/radiorevelacionfm.cl\/wp-content\/uploads\/2023\/08\/img-20230725-wa0048-1_optimized-1.jpg 800w, https:\/\/radiorevelacionfm.cl\/wp-content\/uploads\/2023\/08\/img-20230725-wa0048-1_optimized-1-300x225.jpg 300w, https:\/\/radiorevelacionfm.cl\/wp-content\/uploads\/2023\/08\/img-20230725-wa0048-1_optimized-1-768x576.jpg 768w, https:\/\/radiorevelacionfm.cl\/wp-content\/uploads\/2023\/08\/img-20230725-wa0048-1_optimized-1-705x529.jpg 705w, https:\/\/radiorevelacionfm.cl\/wp-content\/uploads\/2023\/08\/img-20230725-wa0048-1_optimized-1-450x338.jpg 450w, https:\/\/radiorevelacionfm.cl\/wp-content\/uploads\/2023\/08\/img-20230725-wa0048-1_optimized-1-600x450.jpg 600w\" sizes=\"(max-width: 800px) 100vw, 800px\" \/><\/div><\/div><\/div><\/div><div class=\"flex_column av_one_full  flex_column_div av-zero-column-padding first  avia-builder-el-2  el_after_av_one_full  el_before_av_one_full  column-top-margin\" style='border-radius:0px; '><section class=\"av_textblock_section \"  itemscope=\"itemscope\" itemtype=\"https:\/\/schema.org\/BlogPosting\" itemprop=\"blogPost\" ><div class='avia_textblock  '   itemprop=\"text\" ><p style=\"text-align: center;\"><strong><span style=\"font-size: 18pt;\">Retoman conversaciones con empresa Copec para que eval\u00fae instalarse en Melinka<\/span><\/strong><\/p>\n<div id=\"gtx-trans\" style=\"position: absolute; left: -50px; top: 4.31534px;\">\n<div class=\"gtx-trans-icon\"><\/div>\n<\/div>\n<\/div><\/section><\/div><div class=\"flex_column av_one_full  flex_column_div av-zero-column-padding first  avia-builder-el-4  el_after_av_one_full  el_before_av_hr  column-top-margin\" style='border-radius:0px; '><section class=\"av_textblock_section \"  itemscope=\"itemscope\" itemtype=\"https:\/\/schema.org\/BlogPosting\" itemprop=\"blogPost\" ><div class='avia_textblock  '   itemprop=\"text\" ><p style=\"text-align: justify;\">Con el objetivo de retomar las conversaciones para la eventual instalaci\u00f3n de la empresa COPEC en la comuna de Guaitecas, el alcalde Marcos Silva y los concejales Jocelyn Hern\u00e1ndez y Omar Vera, se reunieron hace unos d\u00edas en Santiago con el jefe comercial nacional de transporte y medios de pago de la empresa, Marco Antonio \u00c1lvarez.<\/p>\n<p style=\"text-align: justify;\">Se trat\u00f3 de una de varias gestiones que las autoridades comunales desarrollaron en Santiago, despleg\u00e1ndose por varios ministerios y en este caso tambi\u00e9n con una empresa privada, cuyo arribo a la comuna contribuir\u00eda a inyectar competencia al mercado de los combustibles, indispensable, por ejemplo, para el funcionamiento de la planta el\u00e9ctrica de Melinka.<\/p>\n<p style=\"text-align: justify;\">Al respecto el alcalde Marcos Silva se\u00f1al\u00f3 que \u00e9l, cuando fue dirigente de los pescadores artesanales de la comuna, lider\u00f3 gestiones en el mismo sentido con la empresa y ahora, en calidad de alcalde, retom\u00f3 esas conversaciones buscando competencia en un mercado muy sensible, como es el abastecimiento de combustible y con ello mejores precios para todos.<\/p>\n<p style=\"text-align: justify;\">\u201cRetomar las conversaciones que en alg\u00fan minuto sostuvimos con ellos cuando yo era dirigente de la federaci\u00f3n de pescadores, pues as\u00ed como dicen en su slogan, que COPEC est\u00e1 en todo Chile, lo cierto es que no est\u00e1 en Melinka y creemos que ellos pueden ser un enorme aparte en el \u00e1mbito del abastecimiento de combustible, tanto para a planta el\u00e9ctrica, para los veh\u00edculos de los vecinos, la pesca artesanal y que podamos tener a lo menos competencia y que la gente pueda decidir d\u00f3nde comprar\u201d, dijo el alcalde Silva tras reunirse con el jefe comercial nacional de transporte y medios de pago de COPEC.<\/p>\n<p style=\"text-align: justify;\">Un tema a resolver es ver d\u00f3nde se instalar\u00eda la empresa y una alternativa que tambi\u00e9n se baraj\u00f3 cuando el alcalde Silva era dirigente de los pescadores, es la caleta, aprovechando que ahora en esta infraestructura portuaria se est\u00e1 realizando una millonaria inversi\u00f3n, como indic\u00f3 la autoridad comunal.<\/p>\n<p style=\"text-align: justify;\">\u201cCreemos que la instalaci\u00f3n de COPEC en Melinka es necesaria desde hace mucho tiempo y para ello debemos tambi\u00e9n tener una conversaci\u00f3n con la directiva de la federaci\u00f3n de pescadores que permitan que en esta caleta, en la cual se est\u00e1n inyectando m\u00e1s de 7 mil millones de pesos, se pueda tal vez instalar COPEC para que preste servicios a la pesca artesanal y a la comunidad y si no se puede, nosotros como municipio podemos ver un terreno disponible, pero la primera conversaci\u00f3n debe darse con la federaci\u00f3n de pescadores y ver si se puede instalar en la caleta\u201d, dijo finalmente el alcalde de Guaitecas, Marcos Silva.<\/p>\n<p style=\"text-align: justify;\">Actualmente en la comuna hay s\u00f3lo una empresa que distribuye combustible a la comunidad, empresas y a la planta el\u00e9ctrica, por lo que la inyecci\u00f3n de competencia debiese significar mejores precios para todos.<\/p>\n<\/div><\/section><\/div><div  style='height:50px' class='hr hr-invisible   avia-builder-el-6  el_after_av_one_full  el_before_av_social_share '><span class='hr-inner ' ><span class='hr-inner-style'><\/span><\/span><\/div><\/p>\n<div  class='av-social-sharing-box  avia-builder-el-7  el_after_av_hr  el_before_av_hr  '><div class='av-share-box'><h5 class='av-share-link-description av-no-toc '>Compartir esta noticia<\/h5><ul class='av-share-box-list noLightbox'><li class='av-share-link av-social-link-facebook' ><a target=\"_blank\" aria-label=\"Compartir en Facebook\" href='https:\/\/www.facebook.com\/sharer.php?u=https:\/\/radiorevelacionfm.cl\/?p=33618&#038;t=Retoman%20conversaciones%20con%20empresa%20Copec%20para%20que%20eval%C3%BAe%20instalarse%20en%20Melinka' aria-hidden='false' data-av_icon='\ue8f3' data-av_iconfont='entypo-fontello' title='' data-avia-related-tooltip='Compartir en Facebook' rel=\"noopener\"><span class='avia_hidden_link_text'>Compartir en Facebook<\/span><\/a><\/li><li class='av-share-link av-social-link-twitter' ><a target=\"_blank\" aria-label=\"Compartir en Twitter\" href='https:\/\/twitter.com\/share?text=Retoman%20conversaciones%20con%20empresa%20Copec%20para%20que%20eval%C3%BAe%20instalarse%20en%20Melinka&#038;url=https:\/\/radiorevelacionfm.cl\/?p=33618' aria-hidden='false' data-av_icon='\ue8f1' data-av_iconfont='entypo-fontello' title='' data-avia-related-tooltip='Compartir en Twitter' rel=\"noopener\"><span class='avia_hidden_link_text'>Compartir en Twitter<\/span><\/a><\/li><li class='av-share-link av-social-link-whatsapp' ><a target=\"_blank\" aria-label=\"Compartir en Whatsapp\" href='https:\/\/api.whatsapp.com\/send?text=https:\/\/radiorevelacionfm.cl\/?p=33618' aria-hidden='false' data-av_icon='\uf232' data-av_iconfont='entypo-fontello' title='' data-avia-related-tooltip='Compartir en Whatsapp' rel=\"noopener\"><span class='avia_hidden_link_text'>Compartir en Whatsapp<\/span><\/a><\/li><li class='av-share-link av-social-link-linkedin' ><a target=\"_blank\" aria-label=\"Compartir en LinkedIn\" href='https:\/\/linkedin.com\/shareArticle?mini=true&#038;title=Retoman%20conversaciones%20con%20empresa%20Copec%20para%20que%20eval%C3%BAe%20instalarse%20en%20Melinka&#038;url=https:\/\/radiorevelacionfm.cl\/?p=33618' aria-hidden='false' data-av_icon='\ue8fc' data-av_iconfont='entypo-fontello' title='' data-avia-related-tooltip='Compartir en LinkedIn' rel=\"noopener\"><span class='avia_hidden_link_text'>Compartir en LinkedIn<\/span><\/a><\/li><li class='av-share-link av-social-link-mail' ><a  aria-label=\"Compartir por correo\" href='mailto:?subject=Retoman%20conversaciones%20con%20empresa%20Copec%20para%20que%20eval%C3%BAe%20instalarse%20en%20Melinka&#038;body=https:\/\/radiorevelacionfm.cl\/?p=33618' aria-hidden='false' data-av_icon='\ue805' data-av_iconfont='entypo-fontello' title='' data-avia-related-tooltip='Compartir por correo'><span class='avia_hidden_link_text'>Compartir por correo<\/span><\/a><\/li><\/ul><\/div><\/div>\n<div  style='height:50px' class='hr hr-invisible   avia-builder-el-8  el_after_av_social_share  el_before_av_comments_list '><span class='hr-inner ' ><span class='hr-inner-style'><\/span><\/span><\/div>\n<div  class='av-buildercomment  av-blog-meta-html-info-disabled av-blog-meta-tag-disabled  '><\/div>\n","protected":false},"excerpt":{"rendered":"","protected":false},"author":1,"featured_media":33619,"comment_status":"open","ping_status":"open","sticky":false,"template":"","format":"standard","meta":{"footnotes":""},"categories":[38],"tags":[],"class_list":["post-33618","post","type-post","status-publish","format-standard","has-post-thumbnail","hentry","category-regional"],"jetpack_featured_media_url":"https:\/\/radiorevelacionfm.cl\/wp-content\/uploads\/2023\/08\/img-20230725-wa0048-1_optimized-1.jpg","_links":{"self":[{"href":"https:\/\/radiorevelacionfm.cl\/index.php?rest_route=\/wp\/v2\/posts\/33618","targetHints":{"allow":["GET"]}}],"collection":[{"href":"https:\/\/radiorevelacionfm.cl\/index.php?rest_route=\/wp\/v2\/posts"}],"about":[{"href":"https:\/\/radiorevelacionfm.cl\/index.php?rest_route=\/wp\/v2\/types\/post"}],"author":[{"embeddable":true,"href":"https:\/\/radiorevelacionfm.cl\/index.php?rest_route=\/wp\/v2\/users\/1"}],"replies":[{"embeddable":true,"href":"https:\/\/radiorevelacionfm.cl\/index.php?rest_route=%2Fwp%2Fv2%2Fcomments&post=33618"}],"version-history":[{"count":1,"href":"https:\/\/radiorevelacionfm.cl\/index.php?rest_route=\/wp\/v2\/posts\/33618\/revisions"}],"predecessor-version":[{"id":33620,"href":"https:\/\/radiorevelacionfm.cl\/index.php?rest_route=\/wp\/v2\/posts\/33618\/revisions\/33620"}],"wp:featuredmedia":[{"embeddable":true,"href":"https:\/\/radiorevelacionfm.cl\/index.php?rest_route=\/wp\/v2\/media\/33619"}],"wp:attachment":[{"href":"https:\/\/radiorevelacionfm.cl\/index.php?rest_route=%2Fwp%2Fv2%2Fmedia&parent=33618"}],"wp:term":[{"taxonomy":"category","embeddable":true,"href":"https:\/\/radiorevelacionfm.cl\/index.php?rest_route=%2Fwp%2Fv2%2Fcategories&post=33618"},{"taxonomy":"post_tag","embeddable":true,"href":"https:\/\/radiorevelacionfm.cl\/index.php?rest_route=%2Fwp%2Fv2%2Ftags&post=33618"}],"curies":[{"name":"wp","href":"https:\/\/api.w.org\/{rel}","templated":true}]}}