{"id":33607,"date":"2023-08-04T17:47:22","date_gmt":"2023-08-04T20:47:22","guid":{"rendered":"https:\/\/radiorevelacionfm.cl\/?p=33607"},"modified":"2023-08-04T17:47:22","modified_gmt":"2023-08-04T20:47:22","slug":"con-senderismo-mindep-ind-da-inicio-al-mes-de-las-juventudes","status":"publish","type":"post","link":"https:\/\/radiorevelacionfm.cl\/?p=33607","title":{"rendered":"Con senderismo MINDEP\/IND da inicio al mes de las juventudes"},"content":{"rendered":"<div class=\"flex_column av_one_full  flex_column_div av-zero-column-padding first  avia-builder-el-0  el_before_av_one_full  avia-builder-el-first  \" style='border-radius:0px; '><div  class='avia-image-container  av-styling-    avia-builder-el-1  avia-builder-el-no-sibling  avia-align-center '  itemprop=\"image\" itemscope=\"itemscope\" itemtype=\"https:\/\/schema.org\/ImageObject\"  ><div class='avia-image-container-inner'><div class='avia-image-overlay-wrap'><img decoding=\"async\" class='wp-image-33608 avia-img-lazy-loading-not-33608 avia_image' src=\"https:\/\/radiorevelacionfm.cl\/wp-content\/uploads\/2023\/08\/6-29-2-1.jpg\" alt='' title='6 (29) (2) (1)' height=\"600\" width=\"800\"  itemprop=\"thumbnailUrl\" srcset=\"https:\/\/radiorevelacionfm.cl\/wp-content\/uploads\/2023\/08\/6-29-2-1.jpg 800w, https:\/\/radiorevelacionfm.cl\/wp-content\/uploads\/2023\/08\/6-29-2-1-300x225.jpg 300w, https:\/\/radiorevelacionfm.cl\/wp-content\/uploads\/2023\/08\/6-29-2-1-768x576.jpg 768w, https:\/\/radiorevelacionfm.cl\/wp-content\/uploads\/2023\/08\/6-29-2-1-705x529.jpg 705w, https:\/\/radiorevelacionfm.cl\/wp-content\/uploads\/2023\/08\/6-29-2-1-450x338.jpg 450w, https:\/\/radiorevelacionfm.cl\/wp-content\/uploads\/2023\/08\/6-29-2-1-600x450.jpg 600w\" sizes=\"(max-width: 800px) 100vw, 800px\" \/><\/div><\/div><\/div><\/div><div class=\"flex_column av_one_full  flex_column_div av-zero-column-padding first  avia-builder-el-2  el_after_av_one_full  el_before_av_one_full  column-top-margin\" style='border-radius:0px; '><section class=\"av_textblock_section \"  itemscope=\"itemscope\" itemtype=\"https:\/\/schema.org\/BlogPosting\" itemprop=\"blogPost\" ><div class='avia_textblock  '   itemprop=\"text\" ><p style=\"text-align: center;\"><span style=\"font-size: 18pt;\"><b>Con senderismo MINDEP\/IND da inicio al mes de las juventudes<\/b><\/span><\/p>\n<div id=\"gtx-trans\" style=\"position: absolute; left: -50px; top: 4.31534px;\">\n<div class=\"gtx-trans-icon\"><\/div>\n<\/div>\n<\/div><\/section><\/div><div class=\"flex_column av_one_full  flex_column_div av-zero-column-padding first  avia-builder-el-4  el_after_av_one_full  el_before_av_hr  column-top-margin\" style='border-radius:0px; '><section class=\"av_textblock_section \"  itemscope=\"itemscope\" itemtype=\"https:\/\/schema.org\/BlogPosting\" itemprop=\"blogPost\" ><div class='avia_textblock  '   itemprop=\"text\" ><p class=\"v1MsoNormal\" style=\"text-align: justify;\">La iniciativa se enmarca en la l\u00ednea de senderismo del Programa Deporte y Participaci\u00f3n Social del Instituto Nacional de Deportes regional, que considera diversas salidas a entornos naturales dirigidas a ni\u00f1as, ni\u00f1os, j\u00f3venes y adultos, y personas en situaci\u00f3n de discapacidad.<\/p>\n<p class=\"v1MsoNormal\" style=\"text-align: justify;\">Este jueves, en horas de la ma\u00f1ana la Seremi del Deporte Mar\u00eda Eugenia Dur\u00e1n Jara concurri\u00f3 hasta el Colegio Antoine de Saint-Exup\u00e9ry para dialogar y despedir a los estudiantes que abordaron el bus que los llevar\u00eda hasta el sector de El Radar en Cerro Fraile;\u00a0\u00abEsta es una excelente iniciativa para que nuestros j\u00f3venes puedan realizar actividad f\u00edsica y deporte en \u00e1reas naturales, por lo que quiero agradecer al IND y a sus funcionarios quienes han desarrollado esta l\u00ednea de senderismo con un sello social e inclusivo, tambi\u00e9n agradecer la confianza del establecimiento al aceptar este desaf\u00edo. En esta oportunidad se est\u00e1 beneficiando a cerca de 30 j\u00f3venes que nunca hab\u00edan tenido la experiencia de hacer senderismo con raquetas para la nieve, adem\u00e1s cuentan con movilizaci\u00f3n gratuita, colaci\u00f3n y el ascenso est\u00e1 dirigido por profesionales y monitores del Instituto, destacar adem\u00e1s que esta actividad marca el inicio del Mes de las Juventudes para la cartera de deportes y en este sentido\u00a0el Gobierno del Presidente Gabriel Boric se ha comprometido a fortalecer el trabajo con las juventudes, agregar tambi\u00e9n que\u00a0el 12 de agosto se realizar\u00e1 una gran actividad deportiva y cultural en el Estadio Regional IND que contar\u00e1 con la participaci\u00f3n de diversos servicios p\u00fablicos, serem\u00edas y empresas privadas\u00bb,\u00a0precis\u00f3 la autoridad del deporte regional.<\/p>\n<p class=\"v1MsoNormal\" style=\"text-align: justify;\">Por su parte Diego Montecinos, Profesor de Educaci\u00f3n F\u00edsica del Colegio Antoine se\u00f1al\u00f3: \u00abEstamos muy contentos con la invitaci\u00f3n que nos extendi\u00f3 el IND, nos acompa\u00f1a un grupo de j\u00f3venes de 3\u00b0 y 4\u00b0 medio de la asignatura de formaci\u00f3n diferenciada, promoci\u00f3n de estilos de vida activos y saludables; generalmente realizamos salidas a terreno en los meses de octubre y noviembre por lo que tener la posibilidad de realizar senderismo en invierno es muy enriquecedor y estamos muy emocionados, adem\u00e1s nuestros j\u00f3venes lo han pasado muy bien\u00bb.<\/p>\n<p class=\"v1MsoNormal\" style=\"text-align: justify;\"><u>Mes de las Juventudes<\/u><\/p>\n<p class=\"v1MsoNormal\" style=\"text-align: justify;\">Asimismo, para continuar con las actividades de celebraci\u00f3n del Mes de Las Juventudes IND Ays\u00e9n junto a INJUV realizar\u00e1 un evento masivo el d\u00eda 12 de agosto desde las 14:30 horas en el Gimnasio CER del Estadio Regional,\u00a0iniciativa que contempla cl\u00ednicas deportivas de acondicionamiento f\u00edsico, pilates, yoga, taekwondo y judo, adem\u00e1s de la presentaci\u00f3n art\u00edstica de la banda \u00abMala Pasada\u00bb y la colaboraci\u00f3n de Elige Vivir Sano, Senda Ays\u00e9n, Cicle Ayque, Aguas Patagonia, Diversa Patagonia, Cesfam Alejandro Guti\u00e9rrez, Seremi del Trabajo, Seremi de Salud y\u00a0Servicio Nacional de Protecci\u00f3n Especializada a la Ni\u00f1ez y Adolescencia.<\/p>\n<div style=\"text-align: justify;\"><\/div>\n<\/div><\/section><\/div><div  style='height:50px' class='hr hr-invisible   avia-builder-el-6  el_after_av_one_full  el_before_av_social_share '><span class='hr-inner ' ><span class='hr-inner-style'><\/span><\/span><\/div><\/p>\n<div  class='av-social-sharing-box  avia-builder-el-7  el_after_av_hr  el_before_av_hr  '><div class='av-share-box'><h5 class='av-share-link-description av-no-toc '>Compartir esta noticia<\/h5><ul class='av-share-box-list noLightbox'><li class='av-share-link av-social-link-facebook' ><a target=\"_blank\" aria-label=\"Compartir en Facebook\" href='https:\/\/www.facebook.com\/sharer.php?u=https:\/\/radiorevelacionfm.cl\/?p=33607&#038;t=Con%20senderismo%20MINDEP%2FIND%20da%20inicio%20al%20mes%20de%20las%20juventudes' aria-hidden='false' data-av_icon='\ue8f3' data-av_iconfont='entypo-fontello' title='' data-avia-related-tooltip='Compartir en Facebook' rel=\"noopener\"><span class='avia_hidden_link_text'>Compartir en Facebook<\/span><\/a><\/li><li class='av-share-link av-social-link-twitter' ><a target=\"_blank\" aria-label=\"Compartir en Twitter\" href='https:\/\/twitter.com\/share?text=Con%20senderismo%20MINDEP%2FIND%20da%20inicio%20al%20mes%20de%20las%20juventudes&#038;url=https:\/\/radiorevelacionfm.cl\/?p=33607' aria-hidden='false' data-av_icon='\ue8f1' data-av_iconfont='entypo-fontello' title='' data-avia-related-tooltip='Compartir en Twitter' rel=\"noopener\"><span class='avia_hidden_link_text'>Compartir en Twitter<\/span><\/a><\/li><li class='av-share-link av-social-link-whatsapp' ><a target=\"_blank\" aria-label=\"Compartir en Whatsapp\" href='https:\/\/api.whatsapp.com\/send?text=https:\/\/radiorevelacionfm.cl\/?p=33607' aria-hidden='false' data-av_icon='\uf232' data-av_iconfont='entypo-fontello' title='' data-avia-related-tooltip='Compartir en Whatsapp' rel=\"noopener\"><span class='avia_hidden_link_text'>Compartir en Whatsapp<\/span><\/a><\/li><li class='av-share-link av-social-link-linkedin' ><a target=\"_blank\" aria-label=\"Compartir en LinkedIn\" href='https:\/\/linkedin.com\/shareArticle?mini=true&#038;title=Con%20senderismo%20MINDEP%2FIND%20da%20inicio%20al%20mes%20de%20las%20juventudes&#038;url=https:\/\/radiorevelacionfm.cl\/?p=33607' aria-hidden='false' data-av_icon='\ue8fc' data-av_iconfont='entypo-fontello' title='' data-avia-related-tooltip='Compartir en LinkedIn' rel=\"noopener\"><span class='avia_hidden_link_text'>Compartir en LinkedIn<\/span><\/a><\/li><li class='av-share-link av-social-link-mail' ><a  aria-label=\"Compartir por correo\" href='mailto:?subject=Con%20senderismo%20MINDEP%2FIND%20da%20inicio%20al%20mes%20de%20las%20juventudes&#038;body=https:\/\/radiorevelacionfm.cl\/?p=33607' aria-hidden='false' data-av_icon='\ue805' data-av_iconfont='entypo-fontello' title='' data-avia-related-tooltip='Compartir por correo'><span class='avia_hidden_link_text'>Compartir por correo<\/span><\/a><\/li><\/ul><\/div><\/div>\n<div  style='height:50px' class='hr hr-invisible   avia-builder-el-8  el_after_av_social_share  el_before_av_comments_list '><span class='hr-inner ' ><span class='hr-inner-style'><\/span><\/span><\/div>\n<div  class='av-buildercomment  av-blog-meta-html-info-disabled av-blog-meta-tag-disabled  '><\/div>\n","protected":false},"excerpt":{"rendered":"","protected":false},"author":1,"featured_media":33608,"comment_status":"open","ping_status":"open","sticky":false,"template":"","format":"standard","meta":{"footnotes":""},"categories":[40],"tags":[],"class_list":["post-33607","post","type-post","status-publish","format-standard","has-post-thumbnail","hentry","category-deportes"],"jetpack_featured_media_url":"https:\/\/radiorevelacionfm.cl\/wp-content\/uploads\/2023\/08\/6-29-2-1.jpg","_links":{"self":[{"href":"https:\/\/radiorevelacionfm.cl\/index.php?rest_route=\/wp\/v2\/posts\/33607","targetHints":{"allow":["GET"]}}],"collection":[{"href":"https:\/\/radiorevelacionfm.cl\/index.php?rest_route=\/wp\/v2\/posts"}],"about":[{"href":"https:\/\/radiorevelacionfm.cl\/index.php?rest_route=\/wp\/v2\/types\/post"}],"author":[{"embeddable":true,"href":"https:\/\/radiorevelacionfm.cl\/index.php?rest_route=\/wp\/v2\/users\/1"}],"replies":[{"embeddable":true,"href":"https:\/\/radiorevelacionfm.cl\/index.php?rest_route=%2Fwp%2Fv2%2Fcomments&post=33607"}],"version-history":[{"count":1,"href":"https:\/\/radiorevelacionfm.cl\/index.php?rest_route=\/wp\/v2\/posts\/33607\/revisions"}],"predecessor-version":[{"id":33609,"href":"https:\/\/radiorevelacionfm.cl\/index.php?rest_route=\/wp\/v2\/posts\/33607\/revisions\/33609"}],"wp:featuredmedia":[{"embeddable":true,"href":"https:\/\/radiorevelacionfm.cl\/index.php?rest_route=\/wp\/v2\/media\/33608"}],"wp:attachment":[{"href":"https:\/\/radiorevelacionfm.cl\/index.php?rest_route=%2Fwp%2Fv2%2Fmedia&parent=33607"}],"wp:term":[{"taxonomy":"category","embeddable":true,"href":"https:\/\/radiorevelacionfm.cl\/index.php?rest_route=%2Fwp%2Fv2%2Fcategories&post=33607"},{"taxonomy":"post_tag","embeddable":true,"href":"https:\/\/radiorevelacionfm.cl\/index.php?rest_route=%2Fwp%2Fv2%2Ftags&post=33607"}],"curies":[{"name":"wp","href":"https:\/\/api.w.org\/{rel}","templated":true}]}}