{"id":3360,"date":"2021-04-21T17:05:44","date_gmt":"2021-04-21T20:05:44","guid":{"rendered":"https:\/\/radiorevelacionfm.cl\/?p=3360"},"modified":"2021-04-21T17:40:23","modified_gmt":"2021-04-21T20:40:23","slug":"lanzan-segunda-version-de-encuesta-nacional-sobre-consumo-de-alcohol-y-otras-drogas-en-pandemia","status":"publish","type":"post","link":"https:\/\/radiorevelacionfm.cl\/?p=3360","title":{"rendered":"Lanzan segunda versi\u00f3n de encuesta nacional sobre consumo de alcohol y otras drogas en pandemia"},"content":{"rendered":"<div class=\"flex_column av_one_full  flex_column_div av-zero-column-padding first  avia-builder-el-0  el_before_av_one_full  avia-builder-el-first  \" style='border-radius:0px; '><div  class='avia-image-container  av-styling-    avia-builder-el-1  avia-builder-el-no-sibling  avia-align-center '  itemprop=\"image\" itemscope=\"itemscope\" itemtype=\"https:\/\/schema.org\/ImageObject\"  ><div class='avia-image-container-inner'><div class='avia-image-overlay-wrap'><img decoding=\"async\" class='wp-image-0 avia-img-lazy-loading-not-0 avia_image' src=\"https:\/\/radiorevelacionfm.cl\/wp-content\/uploads\/2021\/04\/Directora-2-1.jpg\" alt='' title=''   itemprop=\"thumbnailUrl\"  \/><\/div><\/div><\/div><\/div><div class=\"flex_column av_one_full  flex_column_div av-zero-column-padding first  avia-builder-el-2  el_after_av_one_full  el_before_av_one_full  column-top-margin\" style='border-radius:0px; '><section class=\"av_textblock_section \"  itemscope=\"itemscope\" itemtype=\"https:\/\/schema.org\/BlogPosting\" itemprop=\"blogPost\" ><div class='avia_textblock  '   itemprop=\"text\" ><p style=\"text-align: center;\"><strong><span style=\"font-size: 18pt;\">Lanzan segunda versi\u00f3n de encuesta nacional sobre consumo de alcohol y otras drogas en pandemia<\/span><\/strong><\/p>\n<div id=\"gtx-trans\" style=\"position: absolute; left: -50px; top: 4.31534px;\">\n<div class=\"gtx-trans-icon\"><\/div>\n<\/div>\n<\/div><\/section><\/div><\/p>\n<div class=\"flex_column av_one_full  flex_column_div av-zero-column-padding first  avia-builder-el-4  el_after_av_one_full  el_before_av_hr  column-top-margin\" style='border-radius:0px; '><section class=\"av_textblock_section \"  itemscope=\"itemscope\" itemtype=\"https:\/\/schema.org\/BlogPosting\" itemprop=\"blogPost\" ><div class='avia_textblock  '   itemprop=\"text\" ><p style=\"text-align: justify;\">A\u00a0 partir del d\u00eda 20 de abril y hasta el 11 de mayo SENDA tendr\u00e1 disponible la encuesta para personas mayores de 18 a\u00f1os que consuman alcohol u otra droga, en su p\u00e1gina web.<\/p>\n<p style=\"text-align: justify;\">Este martes, el Director Nacional de SENDA, Carlos Charme, lanz\u00f3 la segunda versi\u00f3n de la encuesta que medir\u00e1 el efecto del Covid-19 en el consumo de alcohol y otras drogas en los chilenos, la que permitir\u00e1 conocer la realidad del consumo en el contexto actual en miras a tomar decisiones con evidencia, para cuidar de mejor manera la salud de las personas.<\/p>\n<p style=\"text-align: justify;\">Lo propio hizo la Directora Regional de SENDA Ays\u00e9n Annie Katherine Hunter, a trav\u00e9s de las plataformas digitales, haciendo un llamado al p\u00fablico objetivo al que va dirigida la encuesta, en torno a entrar a web y contestar el cuestionario. Sobre el particular, coment\u00f3: \u201cTal como lo ha mencionado nuestro Director Nacional para SENDA es important\u00edsimo contar con informaci\u00f3n, conocer el c\u00f3mo se est\u00e1n dando las din\u00e1micas en tiempos de pandemia, para poder implementar nuestro trabajo de mejor forma y siempre desde la evidencia que se re\u00fana y por ello hacemos el llamado para que la mayor cantidad de personas conteste la encuesta\u201d.<\/p>\n<p style=\"text-align: justify;\">Se utilizar\u00e1 la misma metodolog\u00eda de la primera versi\u00f3n 2020, la que cont\u00f3 de un cuestionario v\u00eda online a trav\u00e9s de la p\u00e1gina web de SENDA (<a href=\"http:\/\/www.senda.gob.cl\">www.senda.gob.cl<\/a>), que estar\u00e1 disponible hasta el 11 de mayo.<\/p>\n<p style=\"text-align: justify;\">La encuesta es an\u00f3nima y confidencial y est\u00e1 dirigida a mayores de 18 a\u00f1os consumidores de alcohol y otras drogas, lo que permitir\u00e1 tener una evidencia clara y certera de c\u00f3mo las personas est\u00e1n haciendo uso de tales sustancias en el pa\u00eds, en el contexto de la pandemia.<\/p>\n<p style=\"text-align: justify;\">Una vez aplicada la encuesta, los resultados ser\u00e1n puestos a disposici\u00f3n del Comit\u00e9 de expertos que se cre\u00f3 el a\u00f1o 2020 quienes ser\u00e1n los llamados a realizar un an\u00e1lisis de la informaci\u00f3n que permita ir adaptando el trabajo cotidiano de SENDA y del intersector que se relaciona con la prevenci\u00f3n del consumo de alcohol y otras drogas como en el \u00e1mbito del tratamiento.<\/p>\n<\/div><\/section><\/div>\n<div  style='height:50px' class='hr hr-invisible   avia-builder-el-6  el_after_av_one_full  el_before_av_social_share '><span class='hr-inner ' ><span class='hr-inner-style'><\/span><\/span><\/div>\n<div  class='av-social-sharing-box  avia-builder-el-7  el_after_av_hr  el_before_av_hr  '><div class='av-share-box'><h5 class='av-share-link-description av-no-toc '>Compartir esta noticia<\/h5><ul class='av-share-box-list noLightbox'><li class='av-share-link av-social-link-facebook' ><a target=\"_blank\" aria-label=\"Compartir en Facebook\" href='https:\/\/www.facebook.com\/sharer.php?u=https:\/\/radiorevelacionfm.cl\/?p=3360&#038;t=Lanzan%20segunda%20versi%C3%B3n%20de%20encuesta%20nacional%20sobre%20consumo%20de%20alcohol%20y%20otras%20drogas%20en%20pandemia' aria-hidden='false' data-av_icon='\ue8f3' data-av_iconfont='entypo-fontello' title='' data-avia-related-tooltip='Compartir en Facebook' rel=\"noopener\"><span class='avia_hidden_link_text'>Compartir en Facebook<\/span><\/a><\/li><li class='av-share-link av-social-link-twitter' ><a target=\"_blank\" aria-label=\"Compartir en Twitter\" href='https:\/\/twitter.com\/share?text=Lanzan%20segunda%20versi%C3%B3n%20de%20encuesta%20nacional%20sobre%20consumo%20de%20alcohol%20y%20otras%20drogas%20en%20pandemia&#038;url=https:\/\/radiorevelacionfm.cl\/?p=3360' aria-hidden='false' data-av_icon='\ue8f1' data-av_iconfont='entypo-fontello' title='' data-avia-related-tooltip='Compartir en Twitter' rel=\"noopener\"><span class='avia_hidden_link_text'>Compartir en Twitter<\/span><\/a><\/li><li class='av-share-link av-social-link-whatsapp' ><a target=\"_blank\" aria-label=\"Compartir en Whatsapp\" href='https:\/\/api.whatsapp.com\/send?text=https:\/\/radiorevelacionfm.cl\/?p=3360' aria-hidden='false' data-av_icon='\uf232' data-av_iconfont='entypo-fontello' title='' data-avia-related-tooltip='Compartir en Whatsapp' rel=\"noopener\"><span class='avia_hidden_link_text'>Compartir en Whatsapp<\/span><\/a><\/li><li class='av-share-link av-social-link-linkedin' ><a target=\"_blank\" aria-label=\"Compartir en LinkedIn\" href='https:\/\/linkedin.com\/shareArticle?mini=true&#038;title=Lanzan%20segunda%20versi%C3%B3n%20de%20encuesta%20nacional%20sobre%20consumo%20de%20alcohol%20y%20otras%20drogas%20en%20pandemia&#038;url=https:\/\/radiorevelacionfm.cl\/?p=3360' aria-hidden='false' data-av_icon='\ue8fc' data-av_iconfont='entypo-fontello' title='' data-avia-related-tooltip='Compartir en LinkedIn' rel=\"noopener\"><span class='avia_hidden_link_text'>Compartir en LinkedIn<\/span><\/a><\/li><li class='av-share-link av-social-link-mail' ><a  aria-label=\"Compartir por correo\" href='mailto:?subject=Lanzan%20segunda%20versi%C3%B3n%20de%20encuesta%20nacional%20sobre%20consumo%20de%20alcohol%20y%20otras%20drogas%20en%20pandemia&#038;body=https:\/\/radiorevelacionfm.cl\/?p=3360' aria-hidden='false' data-av_icon='\ue805' data-av_iconfont='entypo-fontello' title='' data-avia-related-tooltip='Compartir por correo'><span class='avia_hidden_link_text'>Compartir por correo<\/span><\/a><\/li><\/ul><\/div><\/div>\n<div  style='height:50px' class='hr hr-invisible   avia-builder-el-8  el_after_av_social_share  el_before_av_comments_list '><span class='hr-inner ' ><span class='hr-inner-style'><\/span><\/span><\/div>\n<div  class='av-buildercomment  av-blog-meta-html-info-disabled av-blog-meta-tag-disabled  '><\/div>\n","protected":false},"excerpt":{"rendered":"","protected":false},"author":1,"featured_media":0,"comment_status":"open","ping_status":"open","sticky":false,"template":"","format":"standard","meta":{"footnotes":""},"categories":[38],"tags":[],"class_list":["post-3360","post","type-post","status-publish","format-standard","hentry","category-regional"],"jetpack_featured_media_url":"","_links":{"self":[{"href":"https:\/\/radiorevelacionfm.cl\/index.php?rest_route=\/wp\/v2\/posts\/3360","targetHints":{"allow":["GET"]}}],"collection":[{"href":"https:\/\/radiorevelacionfm.cl\/index.php?rest_route=\/wp\/v2\/posts"}],"about":[{"href":"https:\/\/radiorevelacionfm.cl\/index.php?rest_route=\/wp\/v2\/types\/post"}],"author":[{"embeddable":true,"href":"https:\/\/radiorevelacionfm.cl\/index.php?rest_route=\/wp\/v2\/users\/1"}],"replies":[{"embeddable":true,"href":"https:\/\/radiorevelacionfm.cl\/index.php?rest_route=%2Fwp%2Fv2%2Fcomments&post=3360"}],"version-history":[{"count":3,"href":"https:\/\/radiorevelacionfm.cl\/index.php?rest_route=\/wp\/v2\/posts\/3360\/revisions"}],"predecessor-version":[{"id":3365,"href":"https:\/\/radiorevelacionfm.cl\/index.php?rest_route=\/wp\/v2\/posts\/3360\/revisions\/3365"}],"wp:attachment":[{"href":"https:\/\/radiorevelacionfm.cl\/index.php?rest_route=%2Fwp%2Fv2%2Fmedia&parent=3360"}],"wp:term":[{"taxonomy":"category","embeddable":true,"href":"https:\/\/radiorevelacionfm.cl\/index.php?rest_route=%2Fwp%2Fv2%2Fcategories&post=3360"},{"taxonomy":"post_tag","embeddable":true,"href":"https:\/\/radiorevelacionfm.cl\/index.php?rest_route=%2Fwp%2Fv2%2Ftags&post=3360"}],"curies":[{"name":"wp","href":"https:\/\/api.w.org\/{rel}","templated":true}]}}