{"id":33593,"date":"2023-08-04T12:27:29","date_gmt":"2023-08-04T15:27:29","guid":{"rendered":"https:\/\/radiorevelacionfm.cl\/?p=33593"},"modified":"2023-08-04T12:27:29","modified_gmt":"2023-08-04T15:27:29","slug":"firma-de-convenio-slep-aysen-y-sernameg-permite-avanzar-en-equidad-de-genero","status":"publish","type":"post","link":"https:\/\/radiorevelacionfm.cl\/?p=33593","title":{"rendered":"Firma de convenio SLEP Ays\u00e9n y SernamEG permite avanzar en equidad de g\u00e9nero"},"content":{"rendered":"<div class=\"flex_column av_one_full  flex_column_div av-zero-column-padding first  avia-builder-el-0  el_before_av_one_full  avia-builder-el-first  \" style='border-radius:0px; '><div  class='avia-image-container  av-styling-    avia-builder-el-1  avia-builder-el-no-sibling  avia-align-center '  itemprop=\"image\" itemscope=\"itemscope\" itemtype=\"https:\/\/schema.org\/ImageObject\"  ><div class='avia-image-container-inner'><div class='avia-image-overlay-wrap'><img decoding=\"async\" class='wp-image-33594 avia-img-lazy-loading-not-33594 avia_image' src=\"https:\/\/radiorevelacionfm.cl\/wp-content\/uploads\/2023\/08\/3-55-2-1.jpg\" alt='' title='3 (55) (2) (1)' height=\"600\" width=\"900\"  itemprop=\"thumbnailUrl\" srcset=\"https:\/\/radiorevelacionfm.cl\/wp-content\/uploads\/2023\/08\/3-55-2-1.jpg 900w, https:\/\/radiorevelacionfm.cl\/wp-content\/uploads\/2023\/08\/3-55-2-1-300x200.jpg 300w, https:\/\/radiorevelacionfm.cl\/wp-content\/uploads\/2023\/08\/3-55-2-1-768x512.jpg 768w, https:\/\/radiorevelacionfm.cl\/wp-content\/uploads\/2023\/08\/3-55-2-1-705x470.jpg 705w, https:\/\/radiorevelacionfm.cl\/wp-content\/uploads\/2023\/08\/3-55-2-1-450x300.jpg 450w, https:\/\/radiorevelacionfm.cl\/wp-content\/uploads\/2023\/08\/3-55-2-1-600x400.jpg 600w\" sizes=\"(max-width: 900px) 100vw, 900px\" \/><\/div><\/div><\/div><\/div><div class=\"flex_column av_one_full  flex_column_div av-zero-column-padding first  avia-builder-el-2  el_after_av_one_full  el_before_av_one_full  column-top-margin\" style='border-radius:0px; '><section class=\"av_textblock_section \"  itemscope=\"itemscope\" itemtype=\"https:\/\/schema.org\/BlogPosting\" itemprop=\"blogPost\" ><div class='avia_textblock  '   itemprop=\"text\" ><p style=\"text-align: center;\"><strong><span style=\"font-size: 18pt;\">Firma de convenio SLEP Ays\u00e9n y SernamEG permite avanzar en equidad de g\u00e9nero<\/span><\/strong><\/p>\n<div id=\"gtx-trans\" style=\"position: absolute; left: -50px; top: 4.31534px;\">\n<div class=\"gtx-trans-icon\"><\/div>\n<\/div>\n<\/div><\/section><\/div><div class=\"flex_column av_one_full  flex_column_div av-zero-column-padding first  avia-builder-el-4  el_after_av_one_full  el_before_av_hr  column-top-margin\" style='border-radius:0px; '><section class=\"av_textblock_section \"  itemscope=\"itemscope\" itemtype=\"https:\/\/schema.org\/BlogPosting\" itemprop=\"blogPost\" ><div class='avia_textblock  '   itemprop=\"text\" ><p style=\"text-align: justify;\">Con la suscripci\u00f3n de un convenio, el Servicio Local de Educaci\u00f3n P\u00fablica de Ays\u00e9n genera una nueva alianza colaborativa, esta vez con el Servicio Nacional de la Mujer y Equidad de G\u00e9nero, con el objetivo de ir incorporando de manera progresiva el enfoque de g\u00e9nero en la gesti\u00f3n permanente del servicio educativo.<\/p>\n<p style=\"text-align: justify;\">En la oportunidad, estuvieron presentes la directora regional de SernamEG, Marta Godoy Carvajal, y el director ejecutivo del Servicio Local de Educaci\u00f3n P\u00fablica, Sebasti\u00e1n Gonz\u00e1lez Rogers, quienes valoraron la importante alianza de colaboraci\u00f3n en la instalaci\u00f3n de las competencias en perspectiva de g\u00e9nero en la nueva institucionalidad.<\/p>\n<p style=\"text-align: justify;\">Al respecto, la directora regional de SernamEG se\u00f1al\u00f3: \u00abComo servicio nos interesa que todas las instituciones tengan las competencias, relativas a incorporar la perspectiva de g\u00e9nero en su quehacer. Destacamos el inter\u00e9s del Servicio Local de Educaci\u00f3n P\u00fablica Ays\u00e9n en firmar este convenio que marca el inicio de un trabajo conjunto que nos permitir\u00e1 avanzar en eliminar las inequidades que a\u00fan persisten en la sociedad\u00bb.<\/p>\n<p style=\"text-align: justify;\">Parte del acuerdo regional especifica un procedimiento interno, expedito y confidencial de la informaci\u00f3n que permita la pesquisa y derivaci\u00f3n a SernamEG de mujeres v\u00edctimas de violencia dom\u00e9stica, en el contexto de relaciones de pareja actuales o pasadas. Otro de los puntos comprometidos entre ambas instituciones es la presentaci\u00f3n de sus ofertas program\u00e1ticas y en el caso de SernamEG, podr\u00e1 contemplar tambi\u00e9n la transferencia de competencias en materia de equidad de g\u00e9nero al servicio local, con la finalidad de insumar herramientas pr\u00e1cticas y metodol\u00f3gicas para la incorporaci\u00f3n del enfoque de g\u00e9nero en los instrumentos de gesti\u00f3n.<\/p>\n<p style=\"text-align: justify;\">Para Sebasti\u00e1n Gonz\u00e1lez, director ejecutivo del SLEP Ays\u00e9n \u201cestas instancias de trabajo en conjunto nos permiten ir creando el cambio que necesitamos como sociedad. En esta l\u00ednea, nuestro servicio, consciente de la importancia de avanzar en materia de equidad de g\u00e9nero e igualdad de oportunidades, ha desarrollado diversas acciones a nivel organizacional para profundizar los conocimientos y reforzar nuestro rol como agentes de cambio, pues tenemos el deber de asegurar comunidades educativas inclusivas y seguras. \u00a0Por tanto, toda instancia de aprendizaje es valorada, ya que nos permite ir avanzando hacia el objetivo de formar ni\u00f1os, ni\u00f1as y adolescentes que el d\u00eda de ma\u00f1ana ser\u00e1n los encargados de ejercer cambios significativos en nuestra sociedad\u201d.<\/p>\n<p style=\"text-align: justify;\">Este convenio se suma a las acciones en materia de g\u00e9nero que viene trabajando el SLEP Ays\u00e9n a poco m\u00e1s de un a\u00f1o de comenzar sus funciones en la regi\u00f3n, convenio que permitir\u00e1 generar espacios de reflexi\u00f3n y educaci\u00f3n en tem\u00e1ticas relacionadas con las autonom\u00edas desde el enfoque de g\u00e9nero y derechos, as\u00ed como el desarrollo de estrategias que permitan ir generando acciones orientadas a impactar de manera positiva a todas las comunidades educativas pertenecientes al servicio de educaci\u00f3n.<\/p>\n<\/div><\/section><\/div><div  style='height:50px' class='hr hr-invisible   avia-builder-el-6  el_after_av_one_full  el_before_av_social_share '><span class='hr-inner ' ><span class='hr-inner-style'><\/span><\/span><\/div><\/p>\n<div  class='av-social-sharing-box  avia-builder-el-7  el_after_av_hr  el_before_av_hr  '><div class='av-share-box'><h5 class='av-share-link-description av-no-toc '>Compartir esta noticia<\/h5><ul class='av-share-box-list noLightbox'><li class='av-share-link av-social-link-facebook' ><a target=\"_blank\" aria-label=\"Compartir en Facebook\" href='https:\/\/www.facebook.com\/sharer.php?u=https:\/\/radiorevelacionfm.cl\/?p=33593&#038;t=Firma%20de%20convenio%20SLEP%20Ays%C3%A9n%20y%20SernamEG%20permite%20avanzar%20en%20equidad%20de%20g%C3%A9nero' aria-hidden='false' data-av_icon='\ue8f3' data-av_iconfont='entypo-fontello' title='' data-avia-related-tooltip='Compartir en Facebook' rel=\"noopener\"><span class='avia_hidden_link_text'>Compartir en Facebook<\/span><\/a><\/li><li class='av-share-link av-social-link-twitter' ><a target=\"_blank\" aria-label=\"Compartir en Twitter\" href='https:\/\/twitter.com\/share?text=Firma%20de%20convenio%20SLEP%20Ays%C3%A9n%20y%20SernamEG%20permite%20avanzar%20en%20equidad%20de%20g%C3%A9nero&#038;url=https:\/\/radiorevelacionfm.cl\/?p=33593' aria-hidden='false' data-av_icon='\ue8f1' data-av_iconfont='entypo-fontello' title='' data-avia-related-tooltip='Compartir en Twitter' rel=\"noopener\"><span class='avia_hidden_link_text'>Compartir en Twitter<\/span><\/a><\/li><li class='av-share-link av-social-link-whatsapp' ><a target=\"_blank\" aria-label=\"Compartir en Whatsapp\" href='https:\/\/api.whatsapp.com\/send?text=https:\/\/radiorevelacionfm.cl\/?p=33593' aria-hidden='false' data-av_icon='\uf232' data-av_iconfont='entypo-fontello' title='' data-avia-related-tooltip='Compartir en Whatsapp' rel=\"noopener\"><span class='avia_hidden_link_text'>Compartir en Whatsapp<\/span><\/a><\/li><li class='av-share-link av-social-link-linkedin' ><a target=\"_blank\" aria-label=\"Compartir en LinkedIn\" href='https:\/\/linkedin.com\/shareArticle?mini=true&#038;title=Firma%20de%20convenio%20SLEP%20Ays%C3%A9n%20y%20SernamEG%20permite%20avanzar%20en%20equidad%20de%20g%C3%A9nero&#038;url=https:\/\/radiorevelacionfm.cl\/?p=33593' aria-hidden='false' data-av_icon='\ue8fc' data-av_iconfont='entypo-fontello' title='' data-avia-related-tooltip='Compartir en LinkedIn' rel=\"noopener\"><span class='avia_hidden_link_text'>Compartir en LinkedIn<\/span><\/a><\/li><li class='av-share-link av-social-link-mail' ><a  aria-label=\"Compartir por correo\" href='mailto:?subject=Firma%20de%20convenio%20SLEP%20Ays%C3%A9n%20y%20SernamEG%20permite%20avanzar%20en%20equidad%20de%20g%C3%A9nero&#038;body=https:\/\/radiorevelacionfm.cl\/?p=33593' aria-hidden='false' data-av_icon='\ue805' data-av_iconfont='entypo-fontello' title='' data-avia-related-tooltip='Compartir por correo'><span class='avia_hidden_link_text'>Compartir por correo<\/span><\/a><\/li><\/ul><\/div><\/div>\n<div  style='height:50px' class='hr hr-invisible   avia-builder-el-8  el_after_av_social_share  el_before_av_comments_list '><span class='hr-inner ' ><span class='hr-inner-style'><\/span><\/span><\/div>\n<div  class='av-buildercomment  av-blog-meta-html-info-disabled av-blog-meta-tag-disabled  '><\/div>\n","protected":false},"excerpt":{"rendered":"","protected":false},"author":1,"featured_media":33594,"comment_status":"open","ping_status":"open","sticky":false,"template":"","format":"standard","meta":{"footnotes":""},"categories":[38],"tags":[],"class_list":["post-33593","post","type-post","status-publish","format-standard","has-post-thumbnail","hentry","category-regional"],"jetpack_featured_media_url":"https:\/\/radiorevelacionfm.cl\/wp-content\/uploads\/2023\/08\/3-55-2-1.jpg","_links":{"self":[{"href":"https:\/\/radiorevelacionfm.cl\/index.php?rest_route=\/wp\/v2\/posts\/33593","targetHints":{"allow":["GET"]}}],"collection":[{"href":"https:\/\/radiorevelacionfm.cl\/index.php?rest_route=\/wp\/v2\/posts"}],"about":[{"href":"https:\/\/radiorevelacionfm.cl\/index.php?rest_route=\/wp\/v2\/types\/post"}],"author":[{"embeddable":true,"href":"https:\/\/radiorevelacionfm.cl\/index.php?rest_route=\/wp\/v2\/users\/1"}],"replies":[{"embeddable":true,"href":"https:\/\/radiorevelacionfm.cl\/index.php?rest_route=%2Fwp%2Fv2%2Fcomments&post=33593"}],"version-history":[{"count":1,"href":"https:\/\/radiorevelacionfm.cl\/index.php?rest_route=\/wp\/v2\/posts\/33593\/revisions"}],"predecessor-version":[{"id":33595,"href":"https:\/\/radiorevelacionfm.cl\/index.php?rest_route=\/wp\/v2\/posts\/33593\/revisions\/33595"}],"wp:featuredmedia":[{"embeddable":true,"href":"https:\/\/radiorevelacionfm.cl\/index.php?rest_route=\/wp\/v2\/media\/33594"}],"wp:attachment":[{"href":"https:\/\/radiorevelacionfm.cl\/index.php?rest_route=%2Fwp%2Fv2%2Fmedia&parent=33593"}],"wp:term":[{"taxonomy":"category","embeddable":true,"href":"https:\/\/radiorevelacionfm.cl\/index.php?rest_route=%2Fwp%2Fv2%2Fcategories&post=33593"},{"taxonomy":"post_tag","embeddable":true,"href":"https:\/\/radiorevelacionfm.cl\/index.php?rest_route=%2Fwp%2Fv2%2Ftags&post=33593"}],"curies":[{"name":"wp","href":"https:\/\/api.w.org\/{rel}","templated":true}]}}