{"id":33587,"date":"2023-08-04T10:38:21","date_gmt":"2023-08-04T13:38:21","guid":{"rendered":"https:\/\/radiorevelacionfm.cl\/?p=33587"},"modified":"2023-08-04T10:38:21","modified_gmt":"2023-08-04T13:38:21","slug":"promueven-potencial-productivo-y-de-comercializacion-de-hongos-comestibles-de-aysen","status":"publish","type":"post","link":"https:\/\/radiorevelacionfm.cl\/?p=33587","title":{"rendered":"Promueven potencial productivo y de comercializaci\u00f3n de hongos comestibles de Ays\u00e9n"},"content":{"rendered":"<div class=\"flex_column av_one_full  flex_column_div av-zero-column-padding first  avia-builder-el-0  el_before_av_one_full  avia-builder-el-first  \" style='border-radius:0px; '><div  class='avia-image-container  av-styling-    avia-builder-el-1  avia-builder-el-no-sibling  avia-align-center '  itemprop=\"image\" itemscope=\"itemscope\" itemtype=\"https:\/\/schema.org\/ImageObject\"  ><div class='avia-image-container-inner'><div class='avia-image-overlay-wrap'><img decoding=\"async\" class='wp-image-33588 avia-img-lazy-loading-not-33588 avia_image' src=\"https:\/\/radiorevelacionfm.cl\/wp-content\/uploads\/2023\/08\/dsc0393-1_optimized-1.jpg\" alt='' title='_dsc0393-(1)_optimized (1)' height=\"600\" width=\"1506\"  itemprop=\"thumbnailUrl\" srcset=\"https:\/\/radiorevelacionfm.cl\/wp-content\/uploads\/2023\/08\/dsc0393-1_optimized-1.jpg 1506w, https:\/\/radiorevelacionfm.cl\/wp-content\/uploads\/2023\/08\/dsc0393-1_optimized-1-300x120.jpg 300w, https:\/\/radiorevelacionfm.cl\/wp-content\/uploads\/2023\/08\/dsc0393-1_optimized-1-1030x410.jpg 1030w, https:\/\/radiorevelacionfm.cl\/wp-content\/uploads\/2023\/08\/dsc0393-1_optimized-1-768x306.jpg 768w, https:\/\/radiorevelacionfm.cl\/wp-content\/uploads\/2023\/08\/dsc0393-1_optimized-1-1500x598.jpg 1500w, https:\/\/radiorevelacionfm.cl\/wp-content\/uploads\/2023\/08\/dsc0393-1_optimized-1-705x281.jpg 705w, https:\/\/radiorevelacionfm.cl\/wp-content\/uploads\/2023\/08\/dsc0393-1_optimized-1-450x179.jpg 450w, https:\/\/radiorevelacionfm.cl\/wp-content\/uploads\/2023\/08\/dsc0393-1_optimized-1-600x239.jpg 600w\" sizes=\"(max-width: 1506px) 100vw, 1506px\" \/><\/div><\/div><\/div><\/div><div class=\"flex_column av_one_full  flex_column_div av-zero-column-padding first  avia-builder-el-2  el_after_av_one_full  el_before_av_one_full  column-top-margin\" style='border-radius:0px; '><section class=\"av_textblock_section \"  itemscope=\"itemscope\" itemtype=\"https:\/\/schema.org\/BlogPosting\" itemprop=\"blogPost\" ><div class='avia_textblock  '   itemprop=\"text\" ><p style=\"text-align: center;\"><strong><span style=\"font-size: 18pt;\">Promueven potencial productivo y de comercializaci\u00f3n de hongos comestibles de Ays\u00e9n<\/span><\/strong><\/p>\n<div id=\"gtx-trans\" style=\"position: absolute; left: -50px; top: 4.31534px;\">\n<div class=\"gtx-trans-icon\"><\/div>\n<\/div>\n<\/div><\/section><\/div><div class=\"flex_column av_one_full  flex_column_div av-zero-column-padding first  avia-builder-el-4  el_after_av_one_full  el_before_av_hr  column-top-margin\" style='border-radius:0px; '><section class=\"av_textblock_section \"  itemscope=\"itemscope\" itemtype=\"https:\/\/schema.org\/BlogPosting\" itemprop=\"blogPost\" ><div class='avia_textblock  '   itemprop=\"text\" ><p style=\"text-align: justify;\">Analizar y promover el potencial productivo y de comercializaci\u00f3n de los hongos comestibles de la Regi\u00f3n de Ays\u00e9n, fue el objetivo del seminario realizado este mi\u00e9rcoles en Coyhaique por la Fundaci\u00f3n para la Innovaci\u00f3n Agr\u00edcola (FIA) junto con la Seremi de Agricultura, tras una gira nacional de nueve productores regionales a modelos productivos y de comercializaci\u00f3n en hongos silvestres comestibles del centro sur del pa\u00eds.<\/p>\n<p style=\"text-align: justify;\">El encuentro fue encabezado por el seremi de Agricultura, Alan Espinoza Ortiz, y reuni\u00f3 a productores con los servicios del agro: INFOR, INIA, SAG e INDAP; representantes del Centro Interdisciplinario para el Patrimonio Mitol\u00f3gico de la Universidad de Ays\u00e9n y del Centro de Investigaciones en Ecosistemas de la Patagonia (CIEP), con la idea de avanzar hacia la diversificaci\u00f3n por medio de la fungicultura.<\/p>\n<p style=\"text-align: justify;\">\u00abUna de las misiones que tenemos como Ministerio de Agricultura es diversificar nuestros rubros productivos y este rubro tiene un tremendo potencial. Adem\u00e1s, recibimos una carta de aquellos que participaron durante esta gira y nos comprometimos tambi\u00e9n como Ministerio a trabajar en conjunto y de manera colaborativa, buscando que este nuevo modelo propio sea potenciado a lo largo de nuestro territorio\u00bb, se\u00f1al\u00f3 el seremi Alan Espinoza.<\/p>\n<p style=\"text-align: justify;\">En el marco del seminario, se enfatiz\u00f3 la importancia de seguir apoyando la fungicultura y la producci\u00f3n de hongos comestibles, as\u00ed como la implementaci\u00f3n de medidas para aumentar la presencia de hongos silvestres en los bosques. Adem\u00e1s, representantes de las organizaciones Fungi Austral y la Universidad de Ays\u00e9n compartieron sus investigaciones y proyectos en el \u00e1rea.<\/p>\n<p style=\"text-align: justify;\">\u00abEl seminario viene a marcar un hito importante dentro de los compromisos que surgieron tras la gira. La idea es poder difundir y compartir todas aquellas experiencias que fueron visitadas. La idea es poder continuar apoyando y fomentando la fungicultura en la regi\u00f3n y aplicando valor en lo que es la recolecci\u00f3n, pero tambi\u00e9n la producci\u00f3n, porque viene a diversificar nuestra agricultura familiar campesina\u00bb, sostuvo la representante de FIA en Ays\u00e9n, Deysi Rubilar Vel\u00e1squez.<\/p>\n<p style=\"text-align: justify;\">Entre los participantes, Nicol\u00e1s V\u00e1squez, enfatiz\u00f3 la relevancia de fomentar la producci\u00f3n de hongos y la fungicultura como parte de un enfoque sostenible en el desarrollo agr\u00edcola.<\/p>\n<p style=\"text-align: justify;\">\u00abFue una gran experiencia. Todo lo que yo s\u00e9 y todo lo que aprend\u00ed fue te\u00f3ricamente. Entonces, llegar a la posibilidad de poder ir a ver f\u00e1bricas y granjas de cultivo de hongos fue lo mejor que me pudo haber pasado hasta el momento. Pude ver c\u00f3mo trabajaban ellos, c\u00f3mo dispon\u00edan de sus \u00e1reas para poder trabajar lo m\u00e1s eficientemente\u00bb, sostuvo el productor.<\/p>\n<p style=\"text-align: justify;\">En la gira, realizada en el mes de julio, los productores\/as aiseninos visitaron las regiones Metropolitana, de O&#8217;Higgins, Bio-B\u00edo, Los R\u00edos y Los Lagos, destacando tres empresas con distintos enfoques y capacidades productivas.<\/p>\n<p style=\"text-align: justify;\">Una de ellas es la Cooperativa Mapukufull, que resalt\u00f3 la importancia del cooperativismo en la producci\u00f3n de hongos comestibles, compartiendo experiencias y desaf\u00edos. Tambi\u00e9n, la empresa \u00d6ngo, demostr\u00f3 una alta capacidad productiva gracias a una significativa inversi\u00f3n en el rubro. Por \u00faltimo, Fungi F\u00e1brica, fue valorada por su producci\u00f3n artesanal y casera enfocada en el m\u00e9todo 10x10x10 para generar ingresos sostenibles.<\/p>\n<p style=\"text-align: justify;\">En cuanto a la recolecci\u00f3n de hongos, realizaron visitas a INFOR Concepci\u00f3n, INFOR e INDAP Panguipulli, donde se conoci\u00f3 el modelo de trabajo con valor agregado para las recolectoras locales.<\/p>\n<\/div><\/section><\/div><div  style='height:50px' class='hr hr-invisible   avia-builder-el-6  el_after_av_one_full  el_before_av_social_share '><span class='hr-inner ' ><span class='hr-inner-style'><\/span><\/span><\/div><\/p>\n<div  class='av-social-sharing-box  avia-builder-el-7  el_after_av_hr  el_before_av_hr  '><div class='av-share-box'><h5 class='av-share-link-description av-no-toc '>Compartir esta noticia<\/h5><ul class='av-share-box-list noLightbox'><li class='av-share-link av-social-link-facebook' ><a target=\"_blank\" aria-label=\"Compartir en Facebook\" href='https:\/\/www.facebook.com\/sharer.php?u=https:\/\/radiorevelacionfm.cl\/?p=33587&#038;t=Promueven%20potencial%20productivo%20y%20de%20comercializaci%C3%B3n%20de%20hongos%20comestibles%20de%20Ays%C3%A9n' aria-hidden='false' data-av_icon='\ue8f3' data-av_iconfont='entypo-fontello' title='' data-avia-related-tooltip='Compartir en Facebook' rel=\"noopener\"><span class='avia_hidden_link_text'>Compartir en Facebook<\/span><\/a><\/li><li class='av-share-link av-social-link-twitter' ><a target=\"_blank\" aria-label=\"Compartir en Twitter\" href='https:\/\/twitter.com\/share?text=Promueven%20potencial%20productivo%20y%20de%20comercializaci%C3%B3n%20de%20hongos%20comestibles%20de%20Ays%C3%A9n&#038;url=https:\/\/radiorevelacionfm.cl\/?p=33587' aria-hidden='false' data-av_icon='\ue8f1' data-av_iconfont='entypo-fontello' title='' data-avia-related-tooltip='Compartir en Twitter' rel=\"noopener\"><span class='avia_hidden_link_text'>Compartir en Twitter<\/span><\/a><\/li><li class='av-share-link av-social-link-whatsapp' ><a target=\"_blank\" aria-label=\"Compartir en Whatsapp\" href='https:\/\/api.whatsapp.com\/send?text=https:\/\/radiorevelacionfm.cl\/?p=33587' aria-hidden='false' data-av_icon='\uf232' data-av_iconfont='entypo-fontello' title='' data-avia-related-tooltip='Compartir en Whatsapp' rel=\"noopener\"><span class='avia_hidden_link_text'>Compartir en Whatsapp<\/span><\/a><\/li><li class='av-share-link av-social-link-linkedin' ><a target=\"_blank\" aria-label=\"Compartir en LinkedIn\" href='https:\/\/linkedin.com\/shareArticle?mini=true&#038;title=Promueven%20potencial%20productivo%20y%20de%20comercializaci%C3%B3n%20de%20hongos%20comestibles%20de%20Ays%C3%A9n&#038;url=https:\/\/radiorevelacionfm.cl\/?p=33587' aria-hidden='false' data-av_icon='\ue8fc' data-av_iconfont='entypo-fontello' title='' data-avia-related-tooltip='Compartir en LinkedIn' rel=\"noopener\"><span class='avia_hidden_link_text'>Compartir en LinkedIn<\/span><\/a><\/li><li class='av-share-link av-social-link-mail' ><a  aria-label=\"Compartir por correo\" href='mailto:?subject=Promueven%20potencial%20productivo%20y%20de%20comercializaci%C3%B3n%20de%20hongos%20comestibles%20de%20Ays%C3%A9n&#038;body=https:\/\/radiorevelacionfm.cl\/?p=33587' aria-hidden='false' data-av_icon='\ue805' data-av_iconfont='entypo-fontello' title='' data-avia-related-tooltip='Compartir por correo'><span class='avia_hidden_link_text'>Compartir por correo<\/span><\/a><\/li><\/ul><\/div><\/div>\n<div  style='height:50px' class='hr hr-invisible   avia-builder-el-8  el_after_av_social_share  el_before_av_comments_list '><span class='hr-inner ' ><span class='hr-inner-style'><\/span><\/span><\/div>\n<div  class='av-buildercomment  av-blog-meta-html-info-disabled av-blog-meta-tag-disabled  '><\/div>\n","protected":false},"excerpt":{"rendered":"","protected":false},"author":1,"featured_media":33588,"comment_status":"open","ping_status":"open","sticky":false,"template":"","format":"standard","meta":{"footnotes":""},"categories":[58],"tags":[],"class_list":["post-33587","post","type-post","status-publish","format-standard","has-post-thumbnail","hentry","category-agricultura"],"jetpack_featured_media_url":"https:\/\/radiorevelacionfm.cl\/wp-content\/uploads\/2023\/08\/dsc0393-1_optimized-1.jpg","_links":{"self":[{"href":"https:\/\/radiorevelacionfm.cl\/index.php?rest_route=\/wp\/v2\/posts\/33587","targetHints":{"allow":["GET"]}}],"collection":[{"href":"https:\/\/radiorevelacionfm.cl\/index.php?rest_route=\/wp\/v2\/posts"}],"about":[{"href":"https:\/\/radiorevelacionfm.cl\/index.php?rest_route=\/wp\/v2\/types\/post"}],"author":[{"embeddable":true,"href":"https:\/\/radiorevelacionfm.cl\/index.php?rest_route=\/wp\/v2\/users\/1"}],"replies":[{"embeddable":true,"href":"https:\/\/radiorevelacionfm.cl\/index.php?rest_route=%2Fwp%2Fv2%2Fcomments&post=33587"}],"version-history":[{"count":1,"href":"https:\/\/radiorevelacionfm.cl\/index.php?rest_route=\/wp\/v2\/posts\/33587\/revisions"}],"predecessor-version":[{"id":33589,"href":"https:\/\/radiorevelacionfm.cl\/index.php?rest_route=\/wp\/v2\/posts\/33587\/revisions\/33589"}],"wp:featuredmedia":[{"embeddable":true,"href":"https:\/\/radiorevelacionfm.cl\/index.php?rest_route=\/wp\/v2\/media\/33588"}],"wp:attachment":[{"href":"https:\/\/radiorevelacionfm.cl\/index.php?rest_route=%2Fwp%2Fv2%2Fmedia&parent=33587"}],"wp:term":[{"taxonomy":"category","embeddable":true,"href":"https:\/\/radiorevelacionfm.cl\/index.php?rest_route=%2Fwp%2Fv2%2Fcategories&post=33587"},{"taxonomy":"post_tag","embeddable":true,"href":"https:\/\/radiorevelacionfm.cl\/index.php?rest_route=%2Fwp%2Fv2%2Ftags&post=33587"}],"curies":[{"name":"wp","href":"https:\/\/api.w.org\/{rel}","templated":true}]}}