{"id":33583,"date":"2023-08-04T19:28:38","date_gmt":"2023-08-04T22:28:38","guid":{"rendered":"https:\/\/radiorevelacionfm.cl\/?p=33583"},"modified":"2023-08-04T19:28:38","modified_gmt":"2023-08-04T22:28:38","slug":"invitan-al-conversatorio-incidencia-de-las-mujeres-en-materias-de-consumo","status":"publish","type":"post","link":"https:\/\/radiorevelacionfm.cl\/?p=33583","title":{"rendered":"Invitan al conversatorio \u201cIncidencia de las mujeres en materias de consumo\u201d"},"content":{"rendered":"<div class=\"flex_column av_one_full  flex_column_div av-zero-column-padding first  avia-builder-el-0  el_before_av_one_full  avia-builder-el-first  \" style='border-radius:0px; '><div  class='avia-image-container  av-styling-    avia-builder-el-1  avia-builder-el-no-sibling  avia-align-center '  itemprop=\"image\" itemscope=\"itemscope\" itemtype=\"https:\/\/schema.org\/ImageObject\"  ><div class='avia-image-container-inner'><div class='avia-image-overlay-wrap'><img decoding=\"async\" class='wp-image-33584 avia-img-lazy-loading-not-33584 avia_image' src=\"https:\/\/radiorevelacionfm.cl\/wp-content\/uploads\/2023\/08\/Conversatorio-Sernac-SernamEG1-1-1.jpg\" alt='' title='Conversatorio Sernac SernamEG1 (1) (1)' height=\"600\" width=\"1310\"  itemprop=\"thumbnailUrl\" srcset=\"https:\/\/radiorevelacionfm.cl\/wp-content\/uploads\/2023\/08\/Conversatorio-Sernac-SernamEG1-1-1.jpg 1310w, https:\/\/radiorevelacionfm.cl\/wp-content\/uploads\/2023\/08\/Conversatorio-Sernac-SernamEG1-1-1-300x137.jpg 300w, https:\/\/radiorevelacionfm.cl\/wp-content\/uploads\/2023\/08\/Conversatorio-Sernac-SernamEG1-1-1-1030x472.jpg 1030w, https:\/\/radiorevelacionfm.cl\/wp-content\/uploads\/2023\/08\/Conversatorio-Sernac-SernamEG1-1-1-768x352.jpg 768w, https:\/\/radiorevelacionfm.cl\/wp-content\/uploads\/2023\/08\/Conversatorio-Sernac-SernamEG1-1-1-705x323.jpg 705w, https:\/\/radiorevelacionfm.cl\/wp-content\/uploads\/2023\/08\/Conversatorio-Sernac-SernamEG1-1-1-450x206.jpg 450w, https:\/\/radiorevelacionfm.cl\/wp-content\/uploads\/2023\/08\/Conversatorio-Sernac-SernamEG1-1-1-600x275.jpg 600w\" sizes=\"(max-width: 1310px) 100vw, 1310px\" \/><\/div><\/div><\/div><\/div><div class=\"flex_column av_one_full  flex_column_div av-zero-column-padding first  avia-builder-el-2  el_after_av_one_full  el_before_av_one_full  column-top-margin\" style='border-radius:0px; '><section class=\"av_textblock_section \"  itemscope=\"itemscope\" itemtype=\"https:\/\/schema.org\/BlogPosting\" itemprop=\"blogPost\" ><div class='avia_textblock  '   itemprop=\"text\" ><p style=\"text-align: center;\"><strong><span style=\"font-size: 18pt;\">Invitan al conversatorio \u201cIncidencia de las mujeres en materias de consumo\u201d<\/span><\/strong><\/p>\n<div id=\"gtx-trans\" style=\"position: absolute; left: -50px; top: 4.31534px;\">\n<div class=\"gtx-trans-icon\"><\/div>\n<\/div>\n<\/div><\/section><\/div><div class=\"flex_column av_one_full  flex_column_div av-zero-column-padding first  avia-builder-el-4  el_after_av_one_full  el_before_av_hr  column-top-margin\" style='border-radius:0px; '><section class=\"av_textblock_section \"  itemscope=\"itemscope\" itemtype=\"https:\/\/schema.org\/BlogPosting\" itemprop=\"blogPost\" ><div class='avia_textblock  '   itemprop=\"text\" ><p style=\"font-weight: 400; text-align: justify;\">Abordar el impacto de las decisiones de compra de las mujeres en la cadena de valor y su repercusi\u00f3n en la calidad de vida, es el objetivo de un\u00a0conversatorio virtual; organizado por el Servicio Nacional del Consumidor, SERNAC, y el Servicio Nacional de la Mujer y la Equidad de G\u00e9nero, SernamEG. La actividad tambi\u00e9n\u00a0incluir\u00e1 un an\u00e1lisis del efecto de la publicidad en la perpetuaci\u00f3n de los roles, estereotipos e hiperconsumo.<\/p>\n<p style=\"font-weight: 400; text-align: justify;\">La Directora Regional del SERNAC, Mar\u00eda Francisca Ortiz Oberg, dijo: \u00abinvitamos a todas las personas interesadas a que se inscriban en la charla virtual\u00a0<em>Incidencia de las mujeres en materias de consumo.\u00a0<\/em>El a\u00f1o pasado, tuvimos a la expositora Carola Moya Ortega la que tuvo una muy buena recepci\u00f3n y en esta oportunidad, nos va a hablar de la relaci\u00f3n del consumo y del g\u00e9nero; as\u00ed como su impacto en la cadena de valor. Para inscribirse pueden acceder a las redes sociales de SernamEG Ays\u00e9n y de la Seremi de Econom\u00eda\u201d.<\/p>\n<p style=\"font-weight: 400; text-align: justify;\">Por su parte, la Directora Regional (S) de SernamEG, Marta Godoy Carvajal, manifest\u00f3: \u00abeste es el segundo a\u00f1o, que trabajamos en conjunto con el SERNAC para la organizaci\u00f3n de este evento. Relevamos que este organismo p\u00fablico incorpora la perspectiva de g\u00e9nero\u00a0en su quehacer institucional , lo que permite generar conocimiento que impulse a la sociedad a tomar conciencia de lo que a\u00fan falta por avanzar en relaci\u00f3n a las brechas que persisten entre mujeres y hombres\u201d.<\/p>\n<p style=\"font-weight: 400; text-align: justify;\">La expositora del conversatorio telem\u00e1tico\u00a0\u201cIncidencia de las mujeres en materias de consumo\u201d\u00a0es la especialista en marketing, consumo y g\u00e9nero, Carola Moya Ortega. Dentro de su trayectoria profesional se destaca su cargo como Directora y cofundadora de Circular y de Directora Ejecutiva de STGO SLOW. Adem\u00e1s, pertenece a la Red de Periodistas Feministas y a Mujeres en el Medio. El evento se llevar\u00e1 cabo el martes 08 de agosto a las 15:30 horas, a trav\u00e9s de la plataforma Google Meet, las personas interesadas pueden inscribirse en el enlace\u00a0<a href=\"https:\/\/forms.gle\/JKS8S5Xx1VfTysQw8\" data-saferedirecturl=\"https:\/\/www.google.com\/url?q=https:\/\/forms.gle\/JKS8S5Xx1VfTysQw8&amp;source=gmail&amp;ust=1691179129492000&amp;usg=AOvVaw3GMnS9D_oq4t0Pv4io7qz2\">https:\/\/forms.gle\/JKS8S5Xx1VfTysQw8<\/a><\/p>\n<\/div><\/section><\/div><div  style='height:50px' class='hr hr-invisible   avia-builder-el-6  el_after_av_one_full  el_before_av_social_share '><span class='hr-inner ' ><span class='hr-inner-style'><\/span><\/span><\/div><\/p>\n<div  class='av-social-sharing-box  avia-builder-el-7  el_after_av_hr  el_before_av_hr  '><div class='av-share-box'><h5 class='av-share-link-description av-no-toc '>Compartir esta noticia<\/h5><ul class='av-share-box-list noLightbox'><li class='av-share-link av-social-link-facebook' ><a target=\"_blank\" aria-label=\"Compartir en Facebook\" href='https:\/\/www.facebook.com\/sharer.php?u=https:\/\/radiorevelacionfm.cl\/?p=33583&#038;t=Invitan%20al%20conversatorio%20%E2%80%9CIncidencia%20de%20las%20mujeres%20en%20materias%20de%20consumo%E2%80%9D' aria-hidden='false' data-av_icon='\ue8f3' data-av_iconfont='entypo-fontello' title='' data-avia-related-tooltip='Compartir en Facebook' rel=\"noopener\"><span class='avia_hidden_link_text'>Compartir en Facebook<\/span><\/a><\/li><li class='av-share-link av-social-link-twitter' ><a target=\"_blank\" aria-label=\"Compartir en Twitter\" href='https:\/\/twitter.com\/share?text=Invitan%20al%20conversatorio%20%E2%80%9CIncidencia%20de%20las%20mujeres%20en%20materias%20de%20consumo%E2%80%9D&#038;url=https:\/\/radiorevelacionfm.cl\/?p=33583' aria-hidden='false' data-av_icon='\ue8f1' data-av_iconfont='entypo-fontello' title='' data-avia-related-tooltip='Compartir en Twitter' rel=\"noopener\"><span class='avia_hidden_link_text'>Compartir en Twitter<\/span><\/a><\/li><li class='av-share-link av-social-link-whatsapp' ><a target=\"_blank\" aria-label=\"Compartir en Whatsapp\" href='https:\/\/api.whatsapp.com\/send?text=https:\/\/radiorevelacionfm.cl\/?p=33583' aria-hidden='false' data-av_icon='\uf232' data-av_iconfont='entypo-fontello' title='' data-avia-related-tooltip='Compartir en Whatsapp' rel=\"noopener\"><span class='avia_hidden_link_text'>Compartir en Whatsapp<\/span><\/a><\/li><li class='av-share-link av-social-link-linkedin' ><a target=\"_blank\" aria-label=\"Compartir en LinkedIn\" href='https:\/\/linkedin.com\/shareArticle?mini=true&#038;title=Invitan%20al%20conversatorio%20%E2%80%9CIncidencia%20de%20las%20mujeres%20en%20materias%20de%20consumo%E2%80%9D&#038;url=https:\/\/radiorevelacionfm.cl\/?p=33583' aria-hidden='false' data-av_icon='\ue8fc' data-av_iconfont='entypo-fontello' title='' data-avia-related-tooltip='Compartir en LinkedIn' rel=\"noopener\"><span class='avia_hidden_link_text'>Compartir en LinkedIn<\/span><\/a><\/li><li class='av-share-link av-social-link-mail' ><a  aria-label=\"Compartir por correo\" href='mailto:?subject=Invitan%20al%20conversatorio%20%E2%80%9CIncidencia%20de%20las%20mujeres%20en%20materias%20de%20consumo%E2%80%9D&#038;body=https:\/\/radiorevelacionfm.cl\/?p=33583' aria-hidden='false' data-av_icon='\ue805' data-av_iconfont='entypo-fontello' title='' data-avia-related-tooltip='Compartir por correo'><span class='avia_hidden_link_text'>Compartir por correo<\/span><\/a><\/li><\/ul><\/div><\/div>\n<div  style='height:50px' class='hr hr-invisible   avia-builder-el-8  el_after_av_social_share  el_before_av_comments_list '><span class='hr-inner ' ><span class='hr-inner-style'><\/span><\/span><\/div>\n<div  class='av-buildercomment  av-blog-meta-html-info-disabled av-blog-meta-tag-disabled  '><\/div>\n","protected":false},"excerpt":{"rendered":"","protected":false},"author":1,"featured_media":33584,"comment_status":"open","ping_status":"open","sticky":false,"template":"","format":"standard","meta":{"footnotes":""},"categories":[38],"tags":[],"class_list":["post-33583","post","type-post","status-publish","format-standard","has-post-thumbnail","hentry","category-regional"],"jetpack_featured_media_url":"https:\/\/radiorevelacionfm.cl\/wp-content\/uploads\/2023\/08\/Conversatorio-Sernac-SernamEG1-1-1.jpg","_links":{"self":[{"href":"https:\/\/radiorevelacionfm.cl\/index.php?rest_route=\/wp\/v2\/posts\/33583","targetHints":{"allow":["GET"]}}],"collection":[{"href":"https:\/\/radiorevelacionfm.cl\/index.php?rest_route=\/wp\/v2\/posts"}],"about":[{"href":"https:\/\/radiorevelacionfm.cl\/index.php?rest_route=\/wp\/v2\/types\/post"}],"author":[{"embeddable":true,"href":"https:\/\/radiorevelacionfm.cl\/index.php?rest_route=\/wp\/v2\/users\/1"}],"replies":[{"embeddable":true,"href":"https:\/\/radiorevelacionfm.cl\/index.php?rest_route=%2Fwp%2Fv2%2Fcomments&post=33583"}],"version-history":[{"count":1,"href":"https:\/\/radiorevelacionfm.cl\/index.php?rest_route=\/wp\/v2\/posts\/33583\/revisions"}],"predecessor-version":[{"id":33585,"href":"https:\/\/radiorevelacionfm.cl\/index.php?rest_route=\/wp\/v2\/posts\/33583\/revisions\/33585"}],"wp:featuredmedia":[{"embeddable":true,"href":"https:\/\/radiorevelacionfm.cl\/index.php?rest_route=\/wp\/v2\/media\/33584"}],"wp:attachment":[{"href":"https:\/\/radiorevelacionfm.cl\/index.php?rest_route=%2Fwp%2Fv2%2Fmedia&parent=33583"}],"wp:term":[{"taxonomy":"category","embeddable":true,"href":"https:\/\/radiorevelacionfm.cl\/index.php?rest_route=%2Fwp%2Fv2%2Fcategories&post=33583"},{"taxonomy":"post_tag","embeddable":true,"href":"https:\/\/radiorevelacionfm.cl\/index.php?rest_route=%2Fwp%2Fv2%2Ftags&post=33583"}],"curies":[{"name":"wp","href":"https:\/\/api.w.org\/{rel}","templated":true}]}}