{"id":33580,"date":"2023-08-03T19:01:34","date_gmt":"2023-08-03T22:01:34","guid":{"rendered":"https:\/\/radiorevelacionfm.cl\/?p=33580"},"modified":"2023-08-03T20:00:03","modified_gmt":"2023-08-03T23:00:03","slug":"escuela-litoral-austral-habilito-sala-sensorio-motriz-con-apoyo-de-empresas-bahamonde","status":"publish","type":"post","link":"https:\/\/radiorevelacionfm.cl\/?p=33580","title":{"rendered":"Escuela Litoral Austral habilit\u00f3 sala sensorio \u2013 motriz con apoyo de empresa privada local"},"content":{"rendered":"<div class=\"flex_column av_one_full  flex_column_div av-zero-column-padding first  avia-builder-el-0  el_before_av_one_full  avia-builder-el-first  \" style='border-radius:0px; '><div  class='avia-image-container  av-styling-    avia-builder-el-1  avia-builder-el-no-sibling  avia-align-center '  itemprop=\"image\" itemscope=\"itemscope\" itemtype=\"https:\/\/schema.org\/ImageObject\"  ><div class='avia-image-container-inner'><div class='avia-image-overlay-wrap'><img decoding=\"async\" class='wp-image-33581 avia-img-lazy-loading-not-33581 avia_image' src=\"https:\/\/radiorevelacionfm.cl\/wp-content\/uploads\/2023\/08\/SALA-SENSORIOMOTRIZ-1-1-1.jpg\" alt='' title='SALA SENSORIOMOTRIZ 1 (1) (1)' height=\"600\" width=\"1067\"  itemprop=\"thumbnailUrl\" srcset=\"https:\/\/radiorevelacionfm.cl\/wp-content\/uploads\/2023\/08\/SALA-SENSORIOMOTRIZ-1-1-1.jpg 1067w, https:\/\/radiorevelacionfm.cl\/wp-content\/uploads\/2023\/08\/SALA-SENSORIOMOTRIZ-1-1-1-300x169.jpg 300w, https:\/\/radiorevelacionfm.cl\/wp-content\/uploads\/2023\/08\/SALA-SENSORIOMOTRIZ-1-1-1-1030x579.jpg 1030w, https:\/\/radiorevelacionfm.cl\/wp-content\/uploads\/2023\/08\/SALA-SENSORIOMOTRIZ-1-1-1-768x432.jpg 768w, https:\/\/radiorevelacionfm.cl\/wp-content\/uploads\/2023\/08\/SALA-SENSORIOMOTRIZ-1-1-1-705x396.jpg 705w, https:\/\/radiorevelacionfm.cl\/wp-content\/uploads\/2023\/08\/SALA-SENSORIOMOTRIZ-1-1-1-450x253.jpg 450w, https:\/\/radiorevelacionfm.cl\/wp-content\/uploads\/2023\/08\/SALA-SENSORIOMOTRIZ-1-1-1-600x337.jpg 600w\" sizes=\"(max-width: 1067px) 100vw, 1067px\" \/><\/div><\/div><\/div><\/div>\n<div class=\"flex_column av_one_full  flex_column_div av-zero-column-padding first  avia-builder-el-2  el_after_av_one_full  el_before_av_one_full  column-top-margin\" style='border-radius:0px; '><section class=\"av_textblock_section \"  itemscope=\"itemscope\" itemtype=\"https:\/\/schema.org\/BlogPosting\" itemprop=\"blogPost\" ><div class='avia_textblock  '   itemprop=\"text\" ><p style=\"text-align: center;\"><strong><span style=\"font-size: 18pt;\">Escuela Litoral Austral habilit\u00f3 sala sensorio \u2013 motriz con apoyo de empresa privada local<\/span><\/strong><\/p>\n<div id=\"gtx-trans\" style=\"position: absolute; left: -50px; top: 4.31534px;\">\n<div class=\"gtx-trans-icon\"><\/div>\n<\/div>\n<\/div><\/section><\/div><div class=\"flex_column av_one_full  flex_column_div av-zero-column-padding first  avia-builder-el-4  el_after_av_one_full  el_before_av_hr  column-top-margin\" style='border-radius:0px; '><section class=\"av_textblock_section \"  itemscope=\"itemscope\" itemtype=\"https:\/\/schema.org\/BlogPosting\" itemprop=\"blogPost\" ><div class='avia_textblock  '   itemprop=\"text\" ><p style=\"text-align: justify;\">A contar de este jueves en la escuela Litoral Austral de Puerto Ays\u00e9n, el kinesi\u00f3logo del programa de integraci\u00f3n escolar, podr\u00e1 realizar atenci\u00f3n a los ni\u00f1os y ni\u00f1as que forman parte de este programa en la nueva \u201csala sensorio \u2013 motriz\u201d.<\/p>\n<p style=\"text-align: justify;\">Este es un espacio que profesores junto al especialista, presentaron como iniciativa ante un ente privado, en este caso, Empresas Bahamonde, requerimiento al que su gerente y representante, Alejandro Bahomonde accedi\u00f3 de inmediato.<\/p>\n<p style=\"text-align: justify;\">El director del Establecimiento, Carlos Alarc\u00f3n, puso en valor el permanente apoyo que entrega este empresario local a la educaci\u00f3n.<\/p>\n<p style=\"text-align: justify;\">\u201cPartir agradeciendo a Alejandro, porque \u00e9l tuvo la gentileza de aceptar y aprobar este proyecto que fue presentado por nuestro kinesi\u00f3logo y por una de nuestras profesoras del programa de integraci\u00f3n escolar. La idea de implementar esta sala es precisamente para atenci\u00f3n del kinesi\u00f3logo, porque no ten\u00edamos el espacio adecuado, el trabajo que \u00e9l realizaba era muy profesional pero no contaba con el apoyo de los elementos que se requieren y ahora lo tenemos gracias a Empresas Bahamonde dirigida por Alejandro, quien acogi\u00f3 de muy buena forma e inmediatamente nuestro requerimiento, que hoy se cristaliza con la inauguraci\u00f3n\u201d.<\/p>\n<p style=\"text-align: justify;\">Para Alejandro Bahamonde, es muy importante trabajar de la mano con la comunidad, sus organizaciones y sobre todo con los establecimientos educacionales, ya que, cada colaboraci\u00f3n va en directo beneficio de los ni\u00f1os. \u201cLe mencionaba al director que, estoy agradecido de la oportunidad que me dan para cooperar con los ni\u00f1os de este colegio Litoral Austral. Destacar que, esto comenz\u00f3 hace como tres a\u00f1os con dos funcionarios del establecimiento que estaban interesados en hacer una salita, ante lo cual, yo me compromet\u00ed a financiarla y gracias a Dios ya dimos el primer paso. Estoy seguro que este es un proyecto a mediano plazo, donde vienen muchos m\u00e1s materiales para los ni\u00f1os, as\u00ed es que, agradecido de poder cooperar\u201d.<\/p>\n<p style=\"text-align: justify;\">Manuel Stange, es el kinesi\u00f3logo del programa de integraci\u00f3n escolar del Departamento de Educaci\u00f3n Municipal de Ays\u00e9n y el encargado de realizar actividades con los ni\u00f1os y ni\u00f1as en la sala reci\u00e9n inaugurada. Por ello, relev\u00f3 el significado de este espacio y las actividades que se pueden efectuar.<\/p>\n<p style=\"text-align: justify;\">\u201cVa enfocada en el diagn\u00f3stico del programa integraci\u00f3n, pero ello no significa que no se pueda utilizar con otros ni\u00f1os del establecimiento. Principalmente se pueden realizar actividades motrices, sensoriales, van enfocadas en esas dos grandes \u00e1reas, donde se puede trabajar con balones, con cuerdas, con aros y todo lo que permita el desarrollo integral, potenciando las habilidades de los ni\u00f1os en este caso. Cabe destacar, el agradecimiento a don Alejandro Bahamonde por su aporte, que no deja de ser menor para la educaci\u00f3n municipal en este caso\u201d.<\/p>\n<p style=\"text-align: justify;\">Es importante destacar que el trabajo coordinado entre la escuela Litoral Austral y Empresas Bahamonde se ha mantenido en el tiempo, ya que, algunos profesores han sido parte de los cursos de compostaje, as\u00ed tambi\u00e9n, delegaciones de estudiantes han visitado el relleno sanitario y en esta oportunidad se estableci\u00f3 el compromiso de seguir coordinando acciones en beneficio de los y las estudiantes del establecimiento en un futuro pr\u00f3ximo.<\/p>\n<\/div><\/section><\/div><\/p>\n<div  style='height:50px' class='hr hr-invisible   avia-builder-el-6  el_after_av_one_full  el_before_av_social_share '><span class='hr-inner ' ><span class='hr-inner-style'><\/span><\/span><\/div>\n<div  class='av-social-sharing-box  avia-builder-el-7  el_after_av_hr  el_before_av_hr  '><div class='av-share-box'><h5 class='av-share-link-description av-no-toc '>Compartir esta noticia<\/h5><ul class='av-share-box-list noLightbox'><li class='av-share-link av-social-link-facebook' ><a target=\"_blank\" aria-label=\"Compartir en Facebook\" href='https:\/\/www.facebook.com\/sharer.php?u=https:\/\/radiorevelacionfm.cl\/?p=33580&#038;t=Escuela%20Litoral%20Austral%20habilit%C3%B3%20sala%20sensorio%20%E2%80%93%20motriz%20con%20apoyo%20de%20empresa%20privada%20local' aria-hidden='false' data-av_icon='\ue8f3' data-av_iconfont='entypo-fontello' title='' data-avia-related-tooltip='Compartir en Facebook' rel=\"noopener\"><span class='avia_hidden_link_text'>Compartir en Facebook<\/span><\/a><\/li><li class='av-share-link av-social-link-twitter' ><a target=\"_blank\" aria-label=\"Compartir en Twitter\" href='https:\/\/twitter.com\/share?text=Escuela%20Litoral%20Austral%20habilit%C3%B3%20sala%20sensorio%20%E2%80%93%20motriz%20con%20apoyo%20de%20empresa%20privada%20local&#038;url=https:\/\/radiorevelacionfm.cl\/?p=33580' aria-hidden='false' data-av_icon='\ue8f1' data-av_iconfont='entypo-fontello' title='' data-avia-related-tooltip='Compartir en Twitter' rel=\"noopener\"><span class='avia_hidden_link_text'>Compartir en Twitter<\/span><\/a><\/li><li class='av-share-link av-social-link-whatsapp' ><a target=\"_blank\" aria-label=\"Compartir en Whatsapp\" href='https:\/\/api.whatsapp.com\/send?text=https:\/\/radiorevelacionfm.cl\/?p=33580' aria-hidden='false' data-av_icon='\uf232' data-av_iconfont='entypo-fontello' title='' data-avia-related-tooltip='Compartir en Whatsapp' rel=\"noopener\"><span class='avia_hidden_link_text'>Compartir en Whatsapp<\/span><\/a><\/li><li class='av-share-link av-social-link-linkedin' ><a target=\"_blank\" aria-label=\"Compartir en LinkedIn\" href='https:\/\/linkedin.com\/shareArticle?mini=true&#038;title=Escuela%20Litoral%20Austral%20habilit%C3%B3%20sala%20sensorio%20%E2%80%93%20motriz%20con%20apoyo%20de%20empresa%20privada%20local&#038;url=https:\/\/radiorevelacionfm.cl\/?p=33580' aria-hidden='false' data-av_icon='\ue8fc' data-av_iconfont='entypo-fontello' title='' data-avia-related-tooltip='Compartir en LinkedIn' rel=\"noopener\"><span class='avia_hidden_link_text'>Compartir en LinkedIn<\/span><\/a><\/li><li class='av-share-link av-social-link-mail' ><a  aria-label=\"Compartir por correo\" href='mailto:?subject=Escuela%20Litoral%20Austral%20habilit%C3%B3%20sala%20sensorio%20%E2%80%93%20motriz%20con%20apoyo%20de%20empresa%20privada%20local&#038;body=https:\/\/radiorevelacionfm.cl\/?p=33580' aria-hidden='false' data-av_icon='\ue805' data-av_iconfont='entypo-fontello' title='' data-avia-related-tooltip='Compartir por correo'><span class='avia_hidden_link_text'>Compartir por correo<\/span><\/a><\/li><\/ul><\/div><\/div>\n<div  style='height:50px' class='hr hr-invisible   avia-builder-el-8  el_after_av_social_share  el_before_av_comments_list '><span class='hr-inner ' ><span class='hr-inner-style'><\/span><\/span><\/div>\n<div  class='av-buildercomment  av-blog-meta-html-info-disabled av-blog-meta-tag-disabled  '><\/div>\n","protected":false},"excerpt":{"rendered":"","protected":false},"author":1,"featured_media":33581,"comment_status":"open","ping_status":"open","sticky":false,"template":"","format":"standard","meta":{"footnotes":""},"categories":[38],"tags":[],"class_list":["post-33580","post","type-post","status-publish","format-standard","has-post-thumbnail","hentry","category-regional"],"jetpack_featured_media_url":"https:\/\/radiorevelacionfm.cl\/wp-content\/uploads\/2023\/08\/SALA-SENSORIOMOTRIZ-1-1-1.jpg","_links":{"self":[{"href":"https:\/\/radiorevelacionfm.cl\/index.php?rest_route=\/wp\/v2\/posts\/33580","targetHints":{"allow":["GET"]}}],"collection":[{"href":"https:\/\/radiorevelacionfm.cl\/index.php?rest_route=\/wp\/v2\/posts"}],"about":[{"href":"https:\/\/radiorevelacionfm.cl\/index.php?rest_route=\/wp\/v2\/types\/post"}],"author":[{"embeddable":true,"href":"https:\/\/radiorevelacionfm.cl\/index.php?rest_route=\/wp\/v2\/users\/1"}],"replies":[{"embeddable":true,"href":"https:\/\/radiorevelacionfm.cl\/index.php?rest_route=%2Fwp%2Fv2%2Fcomments&post=33580"}],"version-history":[{"count":3,"href":"https:\/\/radiorevelacionfm.cl\/index.php?rest_route=\/wp\/v2\/posts\/33580\/revisions"}],"predecessor-version":[{"id":33597,"href":"https:\/\/radiorevelacionfm.cl\/index.php?rest_route=\/wp\/v2\/posts\/33580\/revisions\/33597"}],"wp:featuredmedia":[{"embeddable":true,"href":"https:\/\/radiorevelacionfm.cl\/index.php?rest_route=\/wp\/v2\/media\/33581"}],"wp:attachment":[{"href":"https:\/\/radiorevelacionfm.cl\/index.php?rest_route=%2Fwp%2Fv2%2Fmedia&parent=33580"}],"wp:term":[{"taxonomy":"category","embeddable":true,"href":"https:\/\/radiorevelacionfm.cl\/index.php?rest_route=%2Fwp%2Fv2%2Fcategories&post=33580"},{"taxonomy":"post_tag","embeddable":true,"href":"https:\/\/radiorevelacionfm.cl\/index.php?rest_route=%2Fwp%2Fv2%2Ftags&post=33580"}],"curies":[{"name":"wp","href":"https:\/\/api.w.org\/{rel}","templated":true}]}}