{"id":33577,"date":"2023-08-04T11:13:49","date_gmt":"2023-08-04T14:13:49","guid":{"rendered":"https:\/\/radiorevelacionfm.cl\/?p=33577"},"modified":"2023-08-04T11:43:49","modified_gmt":"2023-08-04T14:43:49","slug":"seremi-navarro-destaca-que-proyecto-que-penaliza-la-tenencia-de-celulares-en-las-carceles-este-ad-portas-de-ser-ley","status":"publish","type":"post","link":"https:\/\/radiorevelacionfm.cl\/?p=33577","title":{"rendered":"Seremi Navarro destaca que proyecto que penaliza la tenencia de celulares en las c\u00e1rceles est\u00e9 ad portas de ser ley"},"content":{"rendered":"<div class=\"flex_column av_one_full  flex_column_div av-zero-column-padding first  avia-builder-el-0  el_before_av_one_full  avia-builder-el-first  \" style='border-radius:0px; '><div  class='avia-image-container  av-styling-    avia-builder-el-1  avia-builder-el-no-sibling  avia-align-center '  itemprop=\"image\" itemscope=\"itemscope\" itemtype=\"https:\/\/schema.org\/ImageObject\"  ><div class='avia-image-container-inner'><div class='avia-image-overlay-wrap'><img decoding=\"async\" class='wp-image-33578 avia-img-lazy-loading-not-33578 avia_image' src=\"https:\/\/radiorevelacionfm.cl\/wp-content\/uploads\/2023\/08\/ley-celulares-carceles-1-1.jpeg\" alt='' title='ley-celulares-carceles (1) (1)' height=\"600\" width=\"900\"  itemprop=\"thumbnailUrl\" srcset=\"https:\/\/radiorevelacionfm.cl\/wp-content\/uploads\/2023\/08\/ley-celulares-carceles-1-1.jpeg 900w, https:\/\/radiorevelacionfm.cl\/wp-content\/uploads\/2023\/08\/ley-celulares-carceles-1-1-300x200.jpeg 300w, https:\/\/radiorevelacionfm.cl\/wp-content\/uploads\/2023\/08\/ley-celulares-carceles-1-1-768x512.jpeg 768w, https:\/\/radiorevelacionfm.cl\/wp-content\/uploads\/2023\/08\/ley-celulares-carceles-1-1-705x470.jpeg 705w, https:\/\/radiorevelacionfm.cl\/wp-content\/uploads\/2023\/08\/ley-celulares-carceles-1-1-450x300.jpeg 450w, https:\/\/radiorevelacionfm.cl\/wp-content\/uploads\/2023\/08\/ley-celulares-carceles-1-1-600x400.jpeg 600w\" sizes=\"(max-width: 900px) 100vw, 900px\" \/><\/div><\/div><\/div><\/div>\n<div class=\"flex_column av_one_full  flex_column_div av-zero-column-padding first  avia-builder-el-2  el_after_av_one_full  el_before_av_one_full  column-top-margin\" style='border-radius:0px; '><section class=\"av_textblock_section \"  itemscope=\"itemscope\" itemtype=\"https:\/\/schema.org\/BlogPosting\" itemprop=\"blogPost\" ><div class='avia_textblock  '   itemprop=\"text\" ><p style=\"text-align: center;\"><strong><span style=\"font-size: 18pt;\">Seremi Navarro destaca que proyecto que penaliza la tenencia de celulares en las c\u00e1rceles est\u00e9 ad portas de ser ley <\/span><\/strong><\/p>\n<div id=\"gtx-trans\" style=\"position: absolute; left: -50px; top: 4.31534px;\">\n<div class=\"gtx-trans-icon\"><\/div>\n<\/div>\n<\/div><\/section><\/div><div class=\"flex_column av_one_full  flex_column_div av-zero-column-padding first  avia-builder-el-4  el_after_av_one_full  el_before_av_hr  column-top-margin\" style='border-radius:0px; '><section class=\"av_textblock_section \"  itemscope=\"itemscope\" itemtype=\"https:\/\/schema.org\/BlogPosting\" itemprop=\"blogPost\" ><div class='avia_textblock  '   itemprop=\"text\" ><p style=\"text-align: justify;\">Tras el rotundo respaldo entregado por la sala del Senado al proyecto que tipifica como delito la tenencia de celulares en las c\u00e1rceles, el Seremi de Justicia y Derechos Humanos Samuel Navarro Castro valor\u00f3 dicha iniciativa, puesto que permite avanzar en la agenda de seguridad priorizada por el Gobierno y el combate contra el crimen organizado en los establecimientos penitenciarios.<\/p>\n<p style=\"text-align: justify;\">En este sentido, la autoridad regional hizo eco de las declaraciones del Ministro de la cartera Luis Cordero indicando que \u201ctanto para el Ejecutivo, como para este Parlamento, es esencial este proyecto de ley, porque constituye una herramienta fundamental para los temas de seguridad penitenciaria.\u00a0 La tenencia de celulares al interior de recintos penales es una irregularidad que hasta ahora estaba sancionada como falta, y ahora pasa a ser delito\u00bb.<\/p>\n<p style=\"text-align: justify;\">Respecto a la iniciativa, cabe precisar que <strong>establece la <\/strong><strong>prohibici\u00f3n de tenencia de aparatos electr\u00f3nicos no autorizados <\/strong>al interior de los Centros Penitenciarios, como celulares, chips, intercomunicadores, etc, la <strong>penalizaci\u00f3n del delito <\/strong>puesto que a la fecha la tenencia de aparatos electr\u00f3nicos al interior de los recintos penitenciarios era considerada una falta administrativa. A partir de la promulgaci\u00f3n de la ley, el delito considera penas que van desde los 541 d\u00edas hasta los 3 a\u00f1os y un d\u00eda de c\u00e1rcel y la <strong>obligaci\u00f3n de la denuncia <\/strong>que se traduce en que los funcionarios p\u00fablicos que detectan la tenencia no autorizada de elementos electr\u00f3nicos en las c\u00e1rceles, deben realizar la denuncia, arriesgando penas de presidio e inhabilitaci\u00f3n para el ejercicio de la profesi\u00f3n, del cargo u oficio.<\/p>\n<p style=\"text-align: justify;\">Ahora, como complemento al proyecto de ley reci\u00e9n aprobado, el Seremi Samuel Navarro indic\u00f3 que desde el Ministerio de Justicia y Derechos Humanos se ha avanzado en estrategias para impedir las comunicaciones inal\u00e1mbricas (telefon\u00eda, datos m\u00f3viles o Wifi) no autorizadas, evitando as\u00ed la estafa o extorsi\u00f3n desde el interior de las c\u00e1rceles. En lo que va del a\u00f1o, Gendarmer\u00eda de Chile ha incautado 14.588 tel\u00e9fonos m\u00f3viles, tanto en allanamientos como en incautaciones peri\u00f3dicas.<\/p>\n<p style=\"text-align: justify;\">Finalmente considerar que la aprobaci\u00f3n de este proyecto de ley, se da en el contexto del desarrollo de una licitaci\u00f3n que tiene por prop\u00f3sito imponer en 14 penales mecanismos de inhibici\u00f3n tecnol\u00f3gica para la comunicaci\u00f3n externa, facilitando de esta forma medios de telefon\u00eda fija al interior de los establecimientos.<\/p>\n<\/div><\/section><\/div><\/p>\n<div  style='height:50px' class='hr hr-invisible   avia-builder-el-6  el_after_av_one_full  el_before_av_social_share '><span class='hr-inner ' ><span class='hr-inner-style'><\/span><\/span><\/div>\n<div  class='av-social-sharing-box  avia-builder-el-7  el_after_av_hr  el_before_av_hr  '><div class='av-share-box'><h5 class='av-share-link-description av-no-toc '>Compartir esta noticia<\/h5><ul class='av-share-box-list noLightbox'><li class='av-share-link av-social-link-facebook' ><a target=\"_blank\" aria-label=\"Compartir en Facebook\" href='https:\/\/www.facebook.com\/sharer.php?u=https:\/\/radiorevelacionfm.cl\/?p=33577&#038;t=Seremi%20Navarro%20destaca%20que%20proyecto%20que%20penaliza%20la%20tenencia%20de%20celulares%20en%20las%20c%C3%A1rceles%20est%C3%A9%20ad%20portas%20de%20ser%20ley' aria-hidden='false' data-av_icon='\ue8f3' data-av_iconfont='entypo-fontello' title='' data-avia-related-tooltip='Compartir en Facebook' rel=\"noopener\"><span class='avia_hidden_link_text'>Compartir en Facebook<\/span><\/a><\/li><li class='av-share-link av-social-link-twitter' ><a target=\"_blank\" aria-label=\"Compartir en Twitter\" href='https:\/\/twitter.com\/share?text=Seremi%20Navarro%20destaca%20que%20proyecto%20que%20penaliza%20la%20tenencia%20de%20celulares%20en%20las%20c%C3%A1rceles%20est%C3%A9%20ad%20portas%20de%20ser%20ley&#038;url=https:\/\/radiorevelacionfm.cl\/?p=33577' aria-hidden='false' data-av_icon='\ue8f1' data-av_iconfont='entypo-fontello' title='' data-avia-related-tooltip='Compartir en Twitter' rel=\"noopener\"><span class='avia_hidden_link_text'>Compartir en Twitter<\/span><\/a><\/li><li class='av-share-link av-social-link-whatsapp' ><a target=\"_blank\" aria-label=\"Compartir en Whatsapp\" href='https:\/\/api.whatsapp.com\/send?text=https:\/\/radiorevelacionfm.cl\/?p=33577' aria-hidden='false' data-av_icon='\uf232' data-av_iconfont='entypo-fontello' title='' data-avia-related-tooltip='Compartir en Whatsapp' rel=\"noopener\"><span class='avia_hidden_link_text'>Compartir en Whatsapp<\/span><\/a><\/li><li class='av-share-link av-social-link-linkedin' ><a target=\"_blank\" aria-label=\"Compartir en LinkedIn\" href='https:\/\/linkedin.com\/shareArticle?mini=true&#038;title=Seremi%20Navarro%20destaca%20que%20proyecto%20que%20penaliza%20la%20tenencia%20de%20celulares%20en%20las%20c%C3%A1rceles%20est%C3%A9%20ad%20portas%20de%20ser%20ley&#038;url=https:\/\/radiorevelacionfm.cl\/?p=33577' aria-hidden='false' data-av_icon='\ue8fc' data-av_iconfont='entypo-fontello' title='' data-avia-related-tooltip='Compartir en LinkedIn' rel=\"noopener\"><span class='avia_hidden_link_text'>Compartir en LinkedIn<\/span><\/a><\/li><li class='av-share-link av-social-link-mail' ><a  aria-label=\"Compartir por correo\" href='mailto:?subject=Seremi%20Navarro%20destaca%20que%20proyecto%20que%20penaliza%20la%20tenencia%20de%20celulares%20en%20las%20c%C3%A1rceles%20est%C3%A9%20ad%20portas%20de%20ser%20ley&#038;body=https:\/\/radiorevelacionfm.cl\/?p=33577' aria-hidden='false' data-av_icon='\ue805' data-av_iconfont='entypo-fontello' title='' data-avia-related-tooltip='Compartir por correo'><span class='avia_hidden_link_text'>Compartir por correo<\/span><\/a><\/li><\/ul><\/div><\/div>\n<div  style='height:50px' class='hr hr-invisible   avia-builder-el-8  el_after_av_social_share  el_before_av_comments_list '><span class='hr-inner ' ><span class='hr-inner-style'><\/span><\/span><\/div>\n<div  class='av-buildercomment  av-blog-meta-html-info-disabled av-blog-meta-tag-disabled  '><\/div>\n","protected":false},"excerpt":{"rendered":"","protected":false},"author":1,"featured_media":33578,"comment_status":"open","ping_status":"open","sticky":false,"template":"","format":"standard","meta":{"footnotes":""},"categories":[55],"tags":[],"class_list":["post-33577","post","type-post","status-publish","format-standard","has-post-thumbnail","hentry","category-justicia"],"jetpack_featured_media_url":"https:\/\/radiorevelacionfm.cl\/wp-content\/uploads\/2023\/08\/ley-celulares-carceles-1-1.jpeg","_links":{"self":[{"href":"https:\/\/radiorevelacionfm.cl\/index.php?rest_route=\/wp\/v2\/posts\/33577","targetHints":{"allow":["GET"]}}],"collection":[{"href":"https:\/\/radiorevelacionfm.cl\/index.php?rest_route=\/wp\/v2\/posts"}],"about":[{"href":"https:\/\/radiorevelacionfm.cl\/index.php?rest_route=\/wp\/v2\/types\/post"}],"author":[{"embeddable":true,"href":"https:\/\/radiorevelacionfm.cl\/index.php?rest_route=\/wp\/v2\/users\/1"}],"replies":[{"embeddable":true,"href":"https:\/\/radiorevelacionfm.cl\/index.php?rest_route=%2Fwp%2Fv2%2Fcomments&post=33577"}],"version-history":[{"count":3,"href":"https:\/\/radiorevelacionfm.cl\/index.php?rest_route=\/wp\/v2\/posts\/33577\/revisions"}],"predecessor-version":[{"id":33602,"href":"https:\/\/radiorevelacionfm.cl\/index.php?rest_route=\/wp\/v2\/posts\/33577\/revisions\/33602"}],"wp:featuredmedia":[{"embeddable":true,"href":"https:\/\/radiorevelacionfm.cl\/index.php?rest_route=\/wp\/v2\/media\/33578"}],"wp:attachment":[{"href":"https:\/\/radiorevelacionfm.cl\/index.php?rest_route=%2Fwp%2Fv2%2Fmedia&parent=33577"}],"wp:term":[{"taxonomy":"category","embeddable":true,"href":"https:\/\/radiorevelacionfm.cl\/index.php?rest_route=%2Fwp%2Fv2%2Fcategories&post=33577"},{"taxonomy":"post_tag","embeddable":true,"href":"https:\/\/radiorevelacionfm.cl\/index.php?rest_route=%2Fwp%2Fv2%2Ftags&post=33577"}],"curies":[{"name":"wp","href":"https:\/\/api.w.org\/{rel}","templated":true}]}}