{"id":33544,"date":"2023-08-02T21:53:33","date_gmt":"2023-08-03T00:53:33","guid":{"rendered":"https:\/\/radiorevelacionfm.cl\/?p=33544"},"modified":"2023-08-02T21:53:33","modified_gmt":"2023-08-03T00:53:33","slug":"comites-presionan-al-minvu-para-que-se-haga-llamado-especial-de-subsidios-para-construccion-de-cierres-perimetrales","status":"publish","type":"post","link":"https:\/\/radiorevelacionfm.cl\/?p=33544","title":{"rendered":"Comit\u00e9s presionan al Minvu para que se haga llamado especial de subsidios para construcci\u00f3n de cierres perimetrales"},"content":{"rendered":"<div class=\"flex_column av_one_full  flex_column_div av-zero-column-padding first  avia-builder-el-0  el_before_av_one_full  avia-builder-el-first  \" style='border-radius:0px; '><div  class='avia-image-container  av-styling-    avia-builder-el-1  avia-builder-el-no-sibling  avia-align-center '  itemprop=\"image\" itemscope=\"itemscope\" itemtype=\"https:\/\/schema.org\/ImageObject\"  ><div class='avia-image-container-inner'><div class='avia-image-overlay-wrap'><img decoding=\"async\" class='wp-image-33545 avia-img-lazy-loading-not-33545 avia_image' src=\"https:\/\/radiorevelacionfm.cl\/wp-content\/uploads\/2023\/08\/FOTO-CALISTO-COMITES-CIERRE-PERIMETRAL-1.jpg\" alt='' title='FOTO CALISTO COMIT\u00c9S CIERRE PERIMETRAL (1)' height=\"616\" width=\"1141\"  itemprop=\"thumbnailUrl\" srcset=\"https:\/\/radiorevelacionfm.cl\/wp-content\/uploads\/2023\/08\/FOTO-CALISTO-COMITES-CIERRE-PERIMETRAL-1.jpg 1141w, https:\/\/radiorevelacionfm.cl\/wp-content\/uploads\/2023\/08\/FOTO-CALISTO-COMITES-CIERRE-PERIMETRAL-1-300x162.jpg 300w, https:\/\/radiorevelacionfm.cl\/wp-content\/uploads\/2023\/08\/FOTO-CALISTO-COMITES-CIERRE-PERIMETRAL-1-1030x556.jpg 1030w, https:\/\/radiorevelacionfm.cl\/wp-content\/uploads\/2023\/08\/FOTO-CALISTO-COMITES-CIERRE-PERIMETRAL-1-768x415.jpg 768w, https:\/\/radiorevelacionfm.cl\/wp-content\/uploads\/2023\/08\/FOTO-CALISTO-COMITES-CIERRE-PERIMETRAL-1-705x381.jpg 705w, https:\/\/radiorevelacionfm.cl\/wp-content\/uploads\/2023\/08\/FOTO-CALISTO-COMITES-CIERRE-PERIMETRAL-1-450x243.jpg 450w, https:\/\/radiorevelacionfm.cl\/wp-content\/uploads\/2023\/08\/FOTO-CALISTO-COMITES-CIERRE-PERIMETRAL-1-600x324.jpg 600w\" sizes=\"(max-width: 1141px) 100vw, 1141px\" \/><\/div><\/div><\/div><\/div><div class=\"flex_column av_one_full  flex_column_div av-zero-column-padding first  avia-builder-el-2  el_after_av_one_full  el_before_av_one_full  column-top-margin\" style='border-radius:0px; '><section class=\"av_textblock_section \"  itemscope=\"itemscope\" itemtype=\"https:\/\/schema.org\/BlogPosting\" itemprop=\"blogPost\" ><div class='avia_textblock  '   itemprop=\"text\" ><p style=\"text-align: center;\"><strong><span style=\"font-size: 18pt;\">Comit\u00e9s presionan al Minvu para que se haga llamado especial de subsidios para construcci\u00f3n de cierres perimetrales<\/span><\/strong><\/p>\n<div id=\"gtx-trans\" style=\"position: absolute; left: -50px; top: 4.31534px;\">\n<div class=\"gtx-trans-icon\"><\/div>\n<\/div>\n<\/div><\/section><\/div><div class=\"flex_column av_one_full  flex_column_div av-zero-column-padding first  avia-builder-el-4  el_after_av_one_full  el_before_av_hr  column-top-margin\" style='border-radius:0px; '><section class=\"av_textblock_section \"  itemscope=\"itemscope\" itemtype=\"https:\/\/schema.org\/BlogPosting\" itemprop=\"blogPost\" ><div class='avia_textblock  '   itemprop=\"text\" ><p style=\"font-weight: 400; text-align: justify;\">El diputado Miguel \u00c1ngel Calisto se reuni\u00f3 con dirigentas de cinco comit\u00e9s de mejoramiento regular,\u00a0se trata de 400 familias de distintas localidades de la regi\u00f3n que pretenden construir cercos y cierres perimetrales, y que llevan m\u00e1s de dos a\u00f1os esperando para que el Serviu haga un llamado especial para postular a estos beneficios.<\/p>\n<p style=\"font-weight: 400; text-align: justify;\">Seg\u00fan el diputado Calisto, \u201cestamos reunidos con cinco comit\u00e9s de mejoramiento regular, proyectos de cerco para familias de Puerto Ays\u00e9n, Chacabuco, Coyhaique y Ma\u00f1ihuales que est\u00e1n en listas de espera. Se trata de 400 familias que han esperado cerca de dos o tres a\u00f1os para tener sus subsidios. La verdad es que esto no es un capricho de las familias, sino un compromiso desde el Gobierno anterior, que luego asumi\u00f3 el actual Gobierno\u201d.<\/p>\n<p style=\"font-weight: 400; text-align: justify;\">\u201cHasta el minuto, no les han cumplido. Les han dicho que van a cumplir, pero ahora afirmaron que no hay recursos para el mejoramiento regular de cercos. Nosotros estamos solicitando un llamado especial para las 400 familias que hoy est\u00e1n con toda su documentaci\u00f3n y antecedentes entregados. Lamentablemente desde el Gobierno existe un silencio y no han dado ninguna respuesta concreta\u201d, indic\u00f3.<\/p>\n<p style=\"font-weight: 400; text-align: justify;\">El diputado asegur\u00f3 que \u201cnosotros vamos a llevar estos antecedentes al Ministerio y espero que el ministro resuelva lo antes posible, porque \u00e9l ya sabe de esta solicitud. Vamos a dar una semana y esperamos tener noticias concretas desde el nivel central\u201d.<\/p>\n<p style=\"font-weight: 400; text-align: justify;\">Por su parte, Luz B\u00f3rquez, vocera de estos comit\u00e9s, indic\u00f3 que \u201ca trav\u00e9s del diputado y otras autoridades, necesitamos gestionar y darle soluci\u00f3n al llamado que hace dos o tres a\u00f1os se acord\u00f3 para postular al cierre perimetral. Al comienzo \u00e9ramos 180 familias. Despu\u00e9s nos pidieron 400 firmas, las que se hicieron llegar. Hace pocos d\u00edas nos dijeron que no va a haber llamado\u201d.<\/p>\n<p style=\"font-weight: 400; text-align: justify;\">\u201cEsto nos molest\u00f3 mucho, porque nos hubieran dicho desde un comienzo y no hubieran ilusionado a la gente. Esto no es un capricho, sino una necesidad latente. Con 400 firmas est\u00e1 confirmado que es algo que se necesita y justifica el llamado especial. A esta altura, estamos molestas, porque esto es como dar golpes a ciegas\u201d, afirm\u00f3.<\/p>\n<p style=\"font-weight: 400; text-align: justify;\">Finalmente, Marina Cariman, presidenta de un comit\u00e9 de Chacabuco que alberga a 30 familias, asegur\u00f3 que \u201cllevamos dos a\u00f1os esperando una respuesta. Hasta el momento no hay nada, por lo que esperamos que esta semana podamos tener una respuesta positiva, una esperanza para darle a nuestros socios\u201d.<\/p>\n<\/div><\/section><\/div><div  style='height:50px' class='hr hr-invisible   avia-builder-el-6  el_after_av_one_full  el_before_av_social_share '><span class='hr-inner ' ><span class='hr-inner-style'><\/span><\/span><\/div><\/p>\n<div  class='av-social-sharing-box  avia-builder-el-7  el_after_av_hr  el_before_av_hr  '><div class='av-share-box'><h5 class='av-share-link-description av-no-toc '>Compartir esta noticia<\/h5><ul class='av-share-box-list noLightbox'><li class='av-share-link av-social-link-facebook' ><a target=\"_blank\" aria-label=\"Compartir en Facebook\" href='https:\/\/www.facebook.com\/sharer.php?u=https:\/\/radiorevelacionfm.cl\/?p=33544&#038;t=Comit%C3%A9s%20presionan%20al%20Minvu%20para%20que%20se%20haga%20llamado%20especial%20de%20subsidios%20para%20construcci%C3%B3n%20de%20cierres%20perimetrales' aria-hidden='false' data-av_icon='\ue8f3' data-av_iconfont='entypo-fontello' title='' data-avia-related-tooltip='Compartir en Facebook' rel=\"noopener\"><span class='avia_hidden_link_text'>Compartir en Facebook<\/span><\/a><\/li><li class='av-share-link av-social-link-twitter' ><a target=\"_blank\" aria-label=\"Compartir en Twitter\" href='https:\/\/twitter.com\/share?text=Comit%C3%A9s%20presionan%20al%20Minvu%20para%20que%20se%20haga%20llamado%20especial%20de%20subsidios%20para%20construcci%C3%B3n%20de%20cierres%20perimetrales&#038;url=https:\/\/radiorevelacionfm.cl\/?p=33544' aria-hidden='false' data-av_icon='\ue8f1' data-av_iconfont='entypo-fontello' title='' data-avia-related-tooltip='Compartir en Twitter' rel=\"noopener\"><span class='avia_hidden_link_text'>Compartir en Twitter<\/span><\/a><\/li><li class='av-share-link av-social-link-whatsapp' ><a target=\"_blank\" aria-label=\"Compartir en Whatsapp\" href='https:\/\/api.whatsapp.com\/send?text=https:\/\/radiorevelacionfm.cl\/?p=33544' aria-hidden='false' data-av_icon='\uf232' data-av_iconfont='entypo-fontello' title='' data-avia-related-tooltip='Compartir en Whatsapp' rel=\"noopener\"><span class='avia_hidden_link_text'>Compartir en Whatsapp<\/span><\/a><\/li><li class='av-share-link av-social-link-linkedin' ><a target=\"_blank\" aria-label=\"Compartir en LinkedIn\" href='https:\/\/linkedin.com\/shareArticle?mini=true&#038;title=Comit%C3%A9s%20presionan%20al%20Minvu%20para%20que%20se%20haga%20llamado%20especial%20de%20subsidios%20para%20construcci%C3%B3n%20de%20cierres%20perimetrales&#038;url=https:\/\/radiorevelacionfm.cl\/?p=33544' aria-hidden='false' data-av_icon='\ue8fc' data-av_iconfont='entypo-fontello' title='' data-avia-related-tooltip='Compartir en LinkedIn' rel=\"noopener\"><span class='avia_hidden_link_text'>Compartir en LinkedIn<\/span><\/a><\/li><li class='av-share-link av-social-link-mail' ><a  aria-label=\"Compartir por correo\" href='mailto:?subject=Comit%C3%A9s%20presionan%20al%20Minvu%20para%20que%20se%20haga%20llamado%20especial%20de%20subsidios%20para%20construcci%C3%B3n%20de%20cierres%20perimetrales&#038;body=https:\/\/radiorevelacionfm.cl\/?p=33544' aria-hidden='false' data-av_icon='\ue805' data-av_iconfont='entypo-fontello' title='' data-avia-related-tooltip='Compartir por correo'><span class='avia_hidden_link_text'>Compartir por correo<\/span><\/a><\/li><\/ul><\/div><\/div>\n<div  style='height:50px' class='hr hr-invisible   avia-builder-el-8  el_after_av_social_share  el_before_av_comments_list '><span class='hr-inner ' ><span class='hr-inner-style'><\/span><\/span><\/div>\n<div  class='av-buildercomment  av-blog-meta-html-info-disabled av-blog-meta-tag-disabled  '><\/div>\n","protected":false},"excerpt":{"rendered":"","protected":false},"author":1,"featured_media":33545,"comment_status":"open","ping_status":"open","sticky":false,"template":"","format":"standard","meta":{"footnotes":""},"categories":[38],"tags":[],"class_list":["post-33544","post","type-post","status-publish","format-standard","has-post-thumbnail","hentry","category-regional"],"jetpack_featured_media_url":"https:\/\/radiorevelacionfm.cl\/wp-content\/uploads\/2023\/08\/FOTO-CALISTO-COMITES-CIERRE-PERIMETRAL-1.jpg","_links":{"self":[{"href":"https:\/\/radiorevelacionfm.cl\/index.php?rest_route=\/wp\/v2\/posts\/33544","targetHints":{"allow":["GET"]}}],"collection":[{"href":"https:\/\/radiorevelacionfm.cl\/index.php?rest_route=\/wp\/v2\/posts"}],"about":[{"href":"https:\/\/radiorevelacionfm.cl\/index.php?rest_route=\/wp\/v2\/types\/post"}],"author":[{"embeddable":true,"href":"https:\/\/radiorevelacionfm.cl\/index.php?rest_route=\/wp\/v2\/users\/1"}],"replies":[{"embeddable":true,"href":"https:\/\/radiorevelacionfm.cl\/index.php?rest_route=%2Fwp%2Fv2%2Fcomments&post=33544"}],"version-history":[{"count":1,"href":"https:\/\/radiorevelacionfm.cl\/index.php?rest_route=\/wp\/v2\/posts\/33544\/revisions"}],"predecessor-version":[{"id":33546,"href":"https:\/\/radiorevelacionfm.cl\/index.php?rest_route=\/wp\/v2\/posts\/33544\/revisions\/33546"}],"wp:featuredmedia":[{"embeddable":true,"href":"https:\/\/radiorevelacionfm.cl\/index.php?rest_route=\/wp\/v2\/media\/33545"}],"wp:attachment":[{"href":"https:\/\/radiorevelacionfm.cl\/index.php?rest_route=%2Fwp%2Fv2%2Fmedia&parent=33544"}],"wp:term":[{"taxonomy":"category","embeddable":true,"href":"https:\/\/radiorevelacionfm.cl\/index.php?rest_route=%2Fwp%2Fv2%2Fcategories&post=33544"},{"taxonomy":"post_tag","embeddable":true,"href":"https:\/\/radiorevelacionfm.cl\/index.php?rest_route=%2Fwp%2Fv2%2Ftags&post=33544"}],"curies":[{"name":"wp","href":"https:\/\/api.w.org\/{rel}","templated":true}]}}