{"id":33542,"date":"2023-08-03T16:08:11","date_gmt":"2023-08-03T19:08:11","guid":{"rendered":"https:\/\/radiorevelacionfm.cl\/?p=33542"},"modified":"2023-08-03T16:08:11","modified_gmt":"2023-08-03T19:08:11","slug":"sandoval-valora-decision-de-superintendencia-de-educacion-superior-de-abrir-investigacion-contra-universidad-de-aysen","status":"publish","type":"post","link":"https:\/\/radiorevelacionfm.cl\/?p=33542","title":{"rendered":"Sandoval valora decisi\u00f3n de Superintendencia de Educaci\u00f3n Superior de abrir investigaci\u00f3n contra Universidad de Ays\u00e9n"},"content":{"rendered":"<div class=\"flex_column av_one_full  flex_column_div av-zero-column-padding first  avia-builder-el-0  el_before_av_one_full  avia-builder-el-first  \" style='border-radius:0px; '><div  class='avia-image-container  av-styling-    avia-builder-el-1  avia-builder-el-no-sibling  avia-align-center '  itemprop=\"image\" itemscope=\"itemscope\" itemtype=\"https:\/\/schema.org\/ImageObject\"  ><div class='avia-image-container-inner'><div class='avia-image-overlay-wrap'><img decoding=\"async\" class='wp-image-4221 avia-img-lazy-loading-not-4221 avia_image' src=\"https:\/\/radiorevelacionfm.cl\/wp-content\/uploads\/2021\/05\/Senador-Sandoval-l2.jpg\" alt='' title='Senador Sandoval-l2' height=\"600\" width=\"899\"  itemprop=\"thumbnailUrl\" srcset=\"https:\/\/radiorevelacionfm.cl\/wp-content\/uploads\/2021\/05\/Senador-Sandoval-l2.jpg 899w, https:\/\/radiorevelacionfm.cl\/wp-content\/uploads\/2021\/05\/Senador-Sandoval-l2-300x200.jpg 300w, https:\/\/radiorevelacionfm.cl\/wp-content\/uploads\/2021\/05\/Senador-Sandoval-l2-768x513.jpg 768w, https:\/\/radiorevelacionfm.cl\/wp-content\/uploads\/2021\/05\/Senador-Sandoval-l2-705x471.jpg 705w, https:\/\/radiorevelacionfm.cl\/wp-content\/uploads\/2021\/05\/Senador-Sandoval-l2-600x400.jpg 600w\" sizes=\"(max-width: 899px) 100vw, 899px\" \/><\/div><\/div><\/div><\/div><div class=\"flex_column av_one_full  flex_column_div av-zero-column-padding first  avia-builder-el-2  el_after_av_one_full  el_before_av_one_full  column-top-margin\" style='border-radius:0px; '><section class=\"av_textblock_section \"  itemscope=\"itemscope\" itemtype=\"https:\/\/schema.org\/BlogPosting\" itemprop=\"blogPost\" ><div class='avia_textblock  '   itemprop=\"text\" ><p style=\"text-align: center;\"><span style=\"font-size: 18pt;\"><strong>Sandoval valora decisi\u00f3n de Superintendencia de Educaci\u00f3n Superior de abrir investigaci\u00f3n contra Universidad de Ays\u00e9n<\/strong><\/span><\/p>\n<div id=\"gtx-trans\" style=\"position: absolute; left: -50px; top: 4.31534px;\">\n<div class=\"gtx-trans-icon\"><\/div>\n<\/div>\n<\/div><\/section><\/div><div class=\"flex_column av_one_full  flex_column_div av-zero-column-padding first  avia-builder-el-4  el_after_av_one_full  el_before_av_hr  column-top-margin\" style='border-radius:0px; '><section class=\"av_textblock_section \"  itemscope=\"itemscope\" itemtype=\"https:\/\/schema.org\/BlogPosting\" itemprop=\"blogPost\" ><div class='avia_textblock  '   itemprop=\"text\" ><p style=\"text-align: justify;\">\u201cLa decisi\u00f3n de la superintendencia es razonable y urgente\u201d. As\u00ed lo se\u00f1al\u00f3 el senador David Sandoval, luego de conocer que la Superintendencia de Educaci\u00f3n Superior abrir\u00e1 una investigaci\u00f3n contra la Universidad de Ays\u00e9n, a ra\u00edz del grave d\u00e9ficit financiero que enfrenta.<\/p>\n<p style=\"text-align: justify;\">Para Sandoval, quien junto a parlamentarios de la regi\u00f3n hab\u00edan solicitado al subsecretario de Educaci\u00f3n Superior, V\u00edctor Orellana, que esta casa de estudios superiores sea intervenida, el \u201cno tener una universidad como (se) debe, significa un da\u00f1o que se realiza a muchos estudiantes\u201d, considerando que para muchos padres mandar a sus hijos fuera de la regi\u00f3n, al no tener un proyecto que sea eficiente, \u201csignifica gastos de alojamiento, alimentaci\u00f3n y de desarraigo familiar\u201d, entre otros costos importantes.<\/p>\n<p style=\"text-align: justify;\">La actual situaci\u00f3n que enfrenta la universidad genera, a juicio del parlamentario, frustraci\u00f3n en la comunidad regional. \u201cConstituye una bofetada a un aspecto esencial como es la educaci\u00f3n, la formaci\u00f3n y futuro de los j\u00f3venes de la regi\u00f3n de Ays\u00e9n\u201d, indic\u00f3.<\/p>\n<p style=\"text-align: justify;\">Por ello, critic\u00f3 el proceso de gesti\u00f3n que se ha llevado adelante desde que se instal\u00f3 la universidad en la zona, el que, recalc\u00f3, ha sido muy distinto respecto del otro proyecto que en paralelo se puso en marcha en O\u00b4Higgins, cuestionando entre otros aspectos, el que hasta ahora no se haya avanzado en la construcci\u00f3n de sus propias instalaciones. \u201cA\u00fan no levantan una tabla, pero s\u00ed se han pagado, durante estos a\u00f1os, m\u00e1s de mil millones de pesos en arriendo en locales inapropiados\u201d, precis\u00f3.<\/p>\n<p style=\"text-align: justify;\">El legislador espera que el trabajo de la superintendencia pueda corregir las falencias existentes en materia acad\u00e9mica, con contrataciones inorg\u00e1nicas, la situaci\u00f3n del tema financiero, con un d\u00e9ficit enorme con una dependencia absoluta de aportes del Estado. \u201cEst\u00e1 tambi\u00e9n la situaci\u00f3n de la estructura organizacional, la administraci\u00f3n de las carreras\u201d, agreg\u00f3.<\/p>\n<p style=\"text-align: justify;\">Por otra parte, critic\u00f3 tambi\u00e9n que la universidad \u201cha sido dirigida con criterios politizados\u201d, recordando de paso la investigaci\u00f3n que lleva adelante la Fiscal\u00eda Regional de Ays\u00e9n para aclarar presuntas irregularidades en el traspaso de recursos p\u00fablicos desde la UAys\u00e9n hacia la fundaci\u00f3n Democracia Viva, que realiz\u00f3 una escuela de verano para la casa de estudios.<\/p>\n<p style=\"text-align: justify;\">Finalmente, Sandoval dijo: \u201cnos alegramos por la universidad y por los j\u00f3venes de la regi\u00f3n de Ays\u00e9n\u201d, el que se haya abierto la investigaci\u00f3n en la entidad.<\/p>\n<\/div><\/section><\/div><div  style='height:50px' class='hr hr-invisible   avia-builder-el-6  el_after_av_one_full  el_before_av_social_share '><span class='hr-inner ' ><span class='hr-inner-style'><\/span><\/span><\/div><\/p>\n<div  class='av-social-sharing-box  avia-builder-el-7  el_after_av_hr  el_before_av_hr  '><div class='av-share-box'><h5 class='av-share-link-description av-no-toc '>Compartir esta noticia<\/h5><ul class='av-share-box-list noLightbox'><li class='av-share-link av-social-link-facebook' ><a target=\"_blank\" aria-label=\"Compartir en Facebook\" href='https:\/\/www.facebook.com\/sharer.php?u=https:\/\/radiorevelacionfm.cl\/?p=33542&#038;t=Sandoval%20valora%20decisi%C3%B3n%20de%20Superintendencia%20de%20Educaci%C3%B3n%20Superior%20de%20abrir%20investigaci%C3%B3n%20contra%20Universidad%20de%20Ays%C3%A9n' aria-hidden='false' data-av_icon='\ue8f3' data-av_iconfont='entypo-fontello' title='' data-avia-related-tooltip='Compartir en Facebook' rel=\"noopener\"><span class='avia_hidden_link_text'>Compartir en Facebook<\/span><\/a><\/li><li class='av-share-link av-social-link-twitter' ><a target=\"_blank\" aria-label=\"Compartir en Twitter\" href='https:\/\/twitter.com\/share?text=Sandoval%20valora%20decisi%C3%B3n%20de%20Superintendencia%20de%20Educaci%C3%B3n%20Superior%20de%20abrir%20investigaci%C3%B3n%20contra%20Universidad%20de%20Ays%C3%A9n&#038;url=https:\/\/radiorevelacionfm.cl\/?p=33542' aria-hidden='false' data-av_icon='\ue8f1' data-av_iconfont='entypo-fontello' title='' data-avia-related-tooltip='Compartir en Twitter' rel=\"noopener\"><span class='avia_hidden_link_text'>Compartir en Twitter<\/span><\/a><\/li><li class='av-share-link av-social-link-whatsapp' ><a target=\"_blank\" aria-label=\"Compartir en Whatsapp\" href='https:\/\/api.whatsapp.com\/send?text=https:\/\/radiorevelacionfm.cl\/?p=33542' aria-hidden='false' data-av_icon='\uf232' data-av_iconfont='entypo-fontello' title='' data-avia-related-tooltip='Compartir en Whatsapp' rel=\"noopener\"><span class='avia_hidden_link_text'>Compartir en Whatsapp<\/span><\/a><\/li><li class='av-share-link av-social-link-linkedin' ><a target=\"_blank\" aria-label=\"Compartir en LinkedIn\" href='https:\/\/linkedin.com\/shareArticle?mini=true&#038;title=Sandoval%20valora%20decisi%C3%B3n%20de%20Superintendencia%20de%20Educaci%C3%B3n%20Superior%20de%20abrir%20investigaci%C3%B3n%20contra%20Universidad%20de%20Ays%C3%A9n&#038;url=https:\/\/radiorevelacionfm.cl\/?p=33542' aria-hidden='false' data-av_icon='\ue8fc' data-av_iconfont='entypo-fontello' title='' data-avia-related-tooltip='Compartir en LinkedIn' rel=\"noopener\"><span class='avia_hidden_link_text'>Compartir en LinkedIn<\/span><\/a><\/li><li class='av-share-link av-social-link-mail' ><a  aria-label=\"Compartir por correo\" href='mailto:?subject=Sandoval%20valora%20decisi%C3%B3n%20de%20Superintendencia%20de%20Educaci%C3%B3n%20Superior%20de%20abrir%20investigaci%C3%B3n%20contra%20Universidad%20de%20Ays%C3%A9n&#038;body=https:\/\/radiorevelacionfm.cl\/?p=33542' aria-hidden='false' data-av_icon='\ue805' data-av_iconfont='entypo-fontello' title='' data-avia-related-tooltip='Compartir por correo'><span class='avia_hidden_link_text'>Compartir por correo<\/span><\/a><\/li><\/ul><\/div><\/div>\n<div  style='height:50px' class='hr hr-invisible   avia-builder-el-8  el_after_av_social_share  el_before_av_comments_list '><span class='hr-inner ' ><span class='hr-inner-style'><\/span><\/span><\/div>\n<div  class='av-buildercomment  av-blog-meta-html-info-disabled av-blog-meta-tag-disabled  '><\/div>\n","protected":false},"excerpt":{"rendered":"","protected":false},"author":1,"featured_media":4221,"comment_status":"open","ping_status":"open","sticky":false,"template":"","format":"standard","meta":{"footnotes":""},"categories":[35],"tags":[],"class_list":["post-33542","post","type-post","status-publish","format-standard","has-post-thumbnail","hentry","category-politica"],"jetpack_featured_media_url":"https:\/\/radiorevelacionfm.cl\/wp-content\/uploads\/2021\/05\/Senador-Sandoval-l2.jpg","_links":{"self":[{"href":"https:\/\/radiorevelacionfm.cl\/index.php?rest_route=\/wp\/v2\/posts\/33542","targetHints":{"allow":["GET"]}}],"collection":[{"href":"https:\/\/radiorevelacionfm.cl\/index.php?rest_route=\/wp\/v2\/posts"}],"about":[{"href":"https:\/\/radiorevelacionfm.cl\/index.php?rest_route=\/wp\/v2\/types\/post"}],"author":[{"embeddable":true,"href":"https:\/\/radiorevelacionfm.cl\/index.php?rest_route=\/wp\/v2\/users\/1"}],"replies":[{"embeddable":true,"href":"https:\/\/radiorevelacionfm.cl\/index.php?rest_route=%2Fwp%2Fv2%2Fcomments&post=33542"}],"version-history":[{"count":1,"href":"https:\/\/radiorevelacionfm.cl\/index.php?rest_route=\/wp\/v2\/posts\/33542\/revisions"}],"predecessor-version":[{"id":33543,"href":"https:\/\/radiorevelacionfm.cl\/index.php?rest_route=\/wp\/v2\/posts\/33542\/revisions\/33543"}],"wp:featuredmedia":[{"embeddable":true,"href":"https:\/\/radiorevelacionfm.cl\/index.php?rest_route=\/wp\/v2\/media\/4221"}],"wp:attachment":[{"href":"https:\/\/radiorevelacionfm.cl\/index.php?rest_route=%2Fwp%2Fv2%2Fmedia&parent=33542"}],"wp:term":[{"taxonomy":"category","embeddable":true,"href":"https:\/\/radiorevelacionfm.cl\/index.php?rest_route=%2Fwp%2Fv2%2Fcategories&post=33542"},{"taxonomy":"post_tag","embeddable":true,"href":"https:\/\/radiorevelacionfm.cl\/index.php?rest_route=%2Fwp%2Fv2%2Ftags&post=33542"}],"curies":[{"name":"wp","href":"https:\/\/api.w.org\/{rel}","templated":true}]}}