{"id":33539,"date":"2023-08-03T19:41:42","date_gmt":"2023-08-03T22:41:42","guid":{"rendered":"https:\/\/radiorevelacionfm.cl\/?p=33539"},"modified":"2023-08-03T19:41:42","modified_gmt":"2023-08-03T22:41:42","slug":"infancia-en-dictadura-seremi-de-las-culturas-aysen-abre-convocatoria-fotografica","status":"publish","type":"post","link":"https:\/\/radiorevelacionfm.cl\/?p=33539","title":{"rendered":"Infancia en dictadura: Seremi de las Culturas Ays\u00e9n abre convocatoria fotogr\u00e1fica"},"content":{"rendered":"<div class=\"flex_column av_one_full  flex_column_div av-zero-column-padding first  avia-builder-el-0  el_before_av_one_full  avia-builder-el-first  \" style='border-radius:0px; '><div  class='avia-image-container  av-styling-    avia-builder-el-1  avia-builder-el-no-sibling  avia-align-center '  itemprop=\"image\" itemscope=\"itemscope\" itemtype=\"https:\/\/schema.org\/ImageObject\"  ><div class='avia-image-container-inner'><div class='avia-image-overlay-wrap'><img decoding=\"async\" class='wp-image-33540 avia-img-lazy-loading-not-33540 avia_image' src=\"https:\/\/radiorevelacionfm.cl\/wp-content\/uploads\/2023\/08\/Grafica-Infancia-en-Dictadura-Nota-de-Prensa-1-1.jpg\" alt='' title='Grafica Infancia en Dictadura- Nota de Prensa (1) (1)' height=\"600\" width=\"990\"  itemprop=\"thumbnailUrl\" srcset=\"https:\/\/radiorevelacionfm.cl\/wp-content\/uploads\/2023\/08\/Grafica-Infancia-en-Dictadura-Nota-de-Prensa-1-1.jpg 990w, https:\/\/radiorevelacionfm.cl\/wp-content\/uploads\/2023\/08\/Grafica-Infancia-en-Dictadura-Nota-de-Prensa-1-1-300x182.jpg 300w, https:\/\/radiorevelacionfm.cl\/wp-content\/uploads\/2023\/08\/Grafica-Infancia-en-Dictadura-Nota-de-Prensa-1-1-768x465.jpg 768w, https:\/\/radiorevelacionfm.cl\/wp-content\/uploads\/2023\/08\/Grafica-Infancia-en-Dictadura-Nota-de-Prensa-1-1-705x427.jpg 705w, https:\/\/radiorevelacionfm.cl\/wp-content\/uploads\/2023\/08\/Grafica-Infancia-en-Dictadura-Nota-de-Prensa-1-1-450x273.jpg 450w, https:\/\/radiorevelacionfm.cl\/wp-content\/uploads\/2023\/08\/Grafica-Infancia-en-Dictadura-Nota-de-Prensa-1-1-600x364.jpg 600w\" sizes=\"(max-width: 990px) 100vw, 990px\" \/><\/div><\/div><\/div><\/div><div class=\"flex_column av_one_full  flex_column_div av-zero-column-padding first  avia-builder-el-2  el_after_av_one_full  el_before_av_one_full  column-top-margin\" style='border-radius:0px; '><section class=\"av_textblock_section \"  itemscope=\"itemscope\" itemtype=\"https:\/\/schema.org\/BlogPosting\" itemprop=\"blogPost\" ><div class='avia_textblock  '   itemprop=\"text\" ><p style=\"text-align: center;\"><span style=\"font-size: 18pt;\"><strong>Infancia en dictadura: Seremi de las Culturas Ays\u00e9n abre convocatoria fotogr\u00e1fica<\/strong><\/span><\/p>\n<div id=\"gtx-trans\" style=\"position: absolute; left: -50px; top: 4.31534px;\">\n<div class=\"gtx-trans-icon\"><\/div>\n<\/div>\n<\/div><\/section><\/div><div class=\"flex_column av_one_full  flex_column_div av-zero-column-padding first  avia-builder-el-4  el_after_av_one_full  el_before_av_hr  column-top-margin\" style='border-radius:0px; '><section class=\"av_textblock_section \"  itemscope=\"itemscope\" itemtype=\"https:\/\/schema.org\/BlogPosting\" itemprop=\"blogPost\" ><div class='avia_textblock  '   itemprop=\"text\" ><p style=\"text-align: justify;\">En el marco de la conmemoraci\u00f3n de los 50 a\u00f1os del Golpe de Estado organizado por el Gobierno y pr\u00f3ximos al D\u00eda Internacional de la Fotograf\u00eda, la Seremi de las Culturas Ays\u00e9n abri\u00f3 la convocatoria \u201cInfancia en Dictadura\u201d con el objetivo de rescatar, poner en valor y sociabilizar la memoria hist\u00f3rica correspondiente al periodo de 1973 y 1989 en la regi\u00f3n.<\/p>\n<p style=\"text-align: justify;\">La convocatoria que parti\u00f3 este mi\u00e9rcoles 2 de agosto plantea una recopilaci\u00f3n pict\u00f3rica contada desde sus protagonistas, es decir, a trav\u00e9s de los ojos y percepci\u00f3n de quienes presenciaron dicho periodo en sus primeros a\u00f1os de vida. Su prop\u00f3sito es \u201crelevar las memorias de infancias que vivieron durante el periodo dictatorial atendiendo a las ni\u00f1eces, adolescencias y juventudes como sujetos activos dentro del acontecer nacional y, por lo tanto, que son capaces de desarrollar recuerdos y memorias\u201d, detall\u00f3 el seremi de Culturas Ays\u00e9n, Felipe Quiroz.<\/p>\n<p style=\"text-align: justify;\">Las fotograf\u00edas deben venir en buena calidad acompa\u00f1adas de un relato o testimonio en que se detalle el momento, escena o el hito captado tras c\u00e1mara con un m\u00e1ximo de 300 palabras, siempre teniendo en mente el contexto de la convocatoria al realizar la selecci\u00f3n de archivos.<\/p>\n<p style=\"text-align: justify;\">Los registros que lleguen ser\u00e1n compartidos por las redes sociales de la instituci\u00f3n junto al relato y el nombre del autor o autora. Adem\u00e1s, contribuir\u00e1n a la reconstrucci\u00f3n de la historia de Ays\u00e9n desde la vereda ciudadana bajo la premisa de reforzar la participaci\u00f3n y fortalecer el tejido social entre las comunidades.<\/p>\n<p style=\"text-align: justify;\">En esa l\u00ednea, el titular de la cartera cultural en la regi\u00f3n agreg\u00f3: \u201cEsperamos que esta convocatoria tenga una buena acogida porque es uno de los ejes que estamos desarrollando como Ministerio en la conmemoraci\u00f3n de los 50 a\u00f1os, que es generar nuevas miradas en relaci\u00f3n a un pasado tortuoso que tenemos como pa\u00eds\u201d.<\/p>\n<p style=\"text-align: justify;\">Cabe mencionar que el material recolectado por la Seremi de las Culturas Ays\u00e9n pasar\u00e1 a ser parte de la plataforma <a href=\"http:\/\/www.50.cl\">www.50.cl<\/a> para consulta nacional, pero tambi\u00e9n como una forma de compartir un fragmento de la memoria colectiva a nivel nacional sin importar lugar de residencia y que, proyectado a las actividades conmemorativas, permite la reflexi\u00f3n en torno al di\u00e1logo intergeneracional.<\/p>\n<p style=\"text-align: justify;\">Las personas interesadas en participar deben enviar el material rotulado con el nombre de la convocatoria, nombre completo del autor\/a, datos de contacto y la autorizaci\u00f3n de uso de imagen que pueden descargar en www.cultura.gob.cl. La recepci\u00f3n de documentaci\u00f3n y fotograf\u00edas ser\u00e1 hasta el viernes 1 de septiembre al correo <a href=\"mailto:culturasaysen@cultura.gob.cl\">culturasaysen@cultura.gob.cl<\/a> o de manera presencial en las oficinas institucionales, ubicadas en calle 21 de mayo n.\u00b0 574, en Coyhaique.<\/p>\n<\/div><\/section><\/div><div  style='height:50px' class='hr hr-invisible   avia-builder-el-6  el_after_av_one_full  el_before_av_social_share '><span class='hr-inner ' ><span class='hr-inner-style'><\/span><\/span><\/div><\/p>\n<div  class='av-social-sharing-box  avia-builder-el-7  el_after_av_hr  el_before_av_hr  '><div class='av-share-box'><h5 class='av-share-link-description av-no-toc '>Compartir esta noticia<\/h5><ul class='av-share-box-list noLightbox'><li class='av-share-link av-social-link-facebook' ><a target=\"_blank\" aria-label=\"Compartir en Facebook\" href='https:\/\/www.facebook.com\/sharer.php?u=https:\/\/radiorevelacionfm.cl\/?p=33539&#038;t=Infancia%20en%20dictadura%3A%20Seremi%20de%20las%20Culturas%20Ays%C3%A9n%20abre%20convocatoria%20fotogr%C3%A1fica' aria-hidden='false' data-av_icon='\ue8f3' data-av_iconfont='entypo-fontello' title='' data-avia-related-tooltip='Compartir en Facebook' rel=\"noopener\"><span class='avia_hidden_link_text'>Compartir en Facebook<\/span><\/a><\/li><li class='av-share-link av-social-link-twitter' ><a target=\"_blank\" aria-label=\"Compartir en Twitter\" href='https:\/\/twitter.com\/share?text=Infancia%20en%20dictadura%3A%20Seremi%20de%20las%20Culturas%20Ays%C3%A9n%20abre%20convocatoria%20fotogr%C3%A1fica&#038;url=https:\/\/radiorevelacionfm.cl\/?p=33539' aria-hidden='false' data-av_icon='\ue8f1' data-av_iconfont='entypo-fontello' title='' data-avia-related-tooltip='Compartir en Twitter' rel=\"noopener\"><span class='avia_hidden_link_text'>Compartir en Twitter<\/span><\/a><\/li><li class='av-share-link av-social-link-whatsapp' ><a target=\"_blank\" aria-label=\"Compartir en Whatsapp\" href='https:\/\/api.whatsapp.com\/send?text=https:\/\/radiorevelacionfm.cl\/?p=33539' aria-hidden='false' data-av_icon='\uf232' data-av_iconfont='entypo-fontello' title='' data-avia-related-tooltip='Compartir en Whatsapp' rel=\"noopener\"><span class='avia_hidden_link_text'>Compartir en Whatsapp<\/span><\/a><\/li><li class='av-share-link av-social-link-linkedin' ><a target=\"_blank\" aria-label=\"Compartir en LinkedIn\" href='https:\/\/linkedin.com\/shareArticle?mini=true&#038;title=Infancia%20en%20dictadura%3A%20Seremi%20de%20las%20Culturas%20Ays%C3%A9n%20abre%20convocatoria%20fotogr%C3%A1fica&#038;url=https:\/\/radiorevelacionfm.cl\/?p=33539' aria-hidden='false' data-av_icon='\ue8fc' data-av_iconfont='entypo-fontello' title='' data-avia-related-tooltip='Compartir en LinkedIn' rel=\"noopener\"><span class='avia_hidden_link_text'>Compartir en LinkedIn<\/span><\/a><\/li><li class='av-share-link av-social-link-mail' ><a  aria-label=\"Compartir por correo\" href='mailto:?subject=Infancia%20en%20dictadura%3A%20Seremi%20de%20las%20Culturas%20Ays%C3%A9n%20abre%20convocatoria%20fotogr%C3%A1fica&#038;body=https:\/\/radiorevelacionfm.cl\/?p=33539' aria-hidden='false' data-av_icon='\ue805' data-av_iconfont='entypo-fontello' title='' data-avia-related-tooltip='Compartir por correo'><span class='avia_hidden_link_text'>Compartir por correo<\/span><\/a><\/li><\/ul><\/div><\/div>\n<div  style='height:50px' class='hr hr-invisible   avia-builder-el-8  el_after_av_social_share  el_before_av_comments_list '><span class='hr-inner ' ><span class='hr-inner-style'><\/span><\/span><\/div>\n<div  class='av-buildercomment  av-blog-meta-html-info-disabled av-blog-meta-tag-disabled  '><\/div>\n","protected":false},"excerpt":{"rendered":"","protected":false},"author":1,"featured_media":33540,"comment_status":"open","ping_status":"open","sticky":false,"template":"","format":"standard","meta":{"footnotes":""},"categories":[52],"tags":[],"class_list":["post-33539","post","type-post","status-publish","format-standard","has-post-thumbnail","hentry","category-cultura"],"jetpack_featured_media_url":"https:\/\/radiorevelacionfm.cl\/wp-content\/uploads\/2023\/08\/Grafica-Infancia-en-Dictadura-Nota-de-Prensa-1-1.jpg","_links":{"self":[{"href":"https:\/\/radiorevelacionfm.cl\/index.php?rest_route=\/wp\/v2\/posts\/33539","targetHints":{"allow":["GET"]}}],"collection":[{"href":"https:\/\/radiorevelacionfm.cl\/index.php?rest_route=\/wp\/v2\/posts"}],"about":[{"href":"https:\/\/radiorevelacionfm.cl\/index.php?rest_route=\/wp\/v2\/types\/post"}],"author":[{"embeddable":true,"href":"https:\/\/radiorevelacionfm.cl\/index.php?rest_route=\/wp\/v2\/users\/1"}],"replies":[{"embeddable":true,"href":"https:\/\/radiorevelacionfm.cl\/index.php?rest_route=%2Fwp%2Fv2%2Fcomments&post=33539"}],"version-history":[{"count":1,"href":"https:\/\/radiorevelacionfm.cl\/index.php?rest_route=\/wp\/v2\/posts\/33539\/revisions"}],"predecessor-version":[{"id":33541,"href":"https:\/\/radiorevelacionfm.cl\/index.php?rest_route=\/wp\/v2\/posts\/33539\/revisions\/33541"}],"wp:featuredmedia":[{"embeddable":true,"href":"https:\/\/radiorevelacionfm.cl\/index.php?rest_route=\/wp\/v2\/media\/33540"}],"wp:attachment":[{"href":"https:\/\/radiorevelacionfm.cl\/index.php?rest_route=%2Fwp%2Fv2%2Fmedia&parent=33539"}],"wp:term":[{"taxonomy":"category","embeddable":true,"href":"https:\/\/radiorevelacionfm.cl\/index.php?rest_route=%2Fwp%2Fv2%2Fcategories&post=33539"},{"taxonomy":"post_tag","embeddable":true,"href":"https:\/\/radiorevelacionfm.cl\/index.php?rest_route=%2Fwp%2Fv2%2Ftags&post=33539"}],"curies":[{"name":"wp","href":"https:\/\/api.w.org\/{rel}","templated":true}]}}