{"id":33536,"date":"2023-08-03T12:30:35","date_gmt":"2023-08-03T15:30:35","guid":{"rendered":"https:\/\/radiorevelacionfm.cl\/?p=33536"},"modified":"2023-08-03T12:30:35","modified_gmt":"2023-08-03T15:30:35","slug":"municipalidad-de-aysen-es-la-primera-de-la-region-en-habilitar-una-sala-de-lactancia","status":"publish","type":"post","link":"https:\/\/radiorevelacionfm.cl\/?p=33536","title":{"rendered":"Municipalidad de Ays\u00e9n es la primera de la regi\u00f3n en habilitar una Sala de Lactancia"},"content":{"rendered":"<div class=\"flex_column av_one_full  flex_column_div av-zero-column-padding first  avia-builder-el-0  el_before_av_one_full  avia-builder-el-first  \" style='border-radius:0px; '><div  class='avia-image-container  av-styling-    avia-builder-el-1  avia-builder-el-no-sibling  avia-align-center '  itemprop=\"image\" itemscope=\"itemscope\" itemtype=\"https:\/\/schema.org\/ImageObject\"  ><div class='avia-image-container-inner'><div class='avia-image-overlay-wrap'><img decoding=\"async\" class='wp-image-33537 avia-img-lazy-loading-not-33537 avia_image' src=\"https:\/\/radiorevelacionfm.cl\/wp-content\/uploads\/2023\/08\/IMG_20230802_124205-1-1.jpg\" alt='' title='IMG_20230802_124205 (1) (1)' height=\"600\" width=\"800\"  itemprop=\"thumbnailUrl\" srcset=\"https:\/\/radiorevelacionfm.cl\/wp-content\/uploads\/2023\/08\/IMG_20230802_124205-1-1.jpg 800w, https:\/\/radiorevelacionfm.cl\/wp-content\/uploads\/2023\/08\/IMG_20230802_124205-1-1-300x225.jpg 300w, https:\/\/radiorevelacionfm.cl\/wp-content\/uploads\/2023\/08\/IMG_20230802_124205-1-1-768x576.jpg 768w, https:\/\/radiorevelacionfm.cl\/wp-content\/uploads\/2023\/08\/IMG_20230802_124205-1-1-705x529.jpg 705w, https:\/\/radiorevelacionfm.cl\/wp-content\/uploads\/2023\/08\/IMG_20230802_124205-1-1-450x338.jpg 450w, https:\/\/radiorevelacionfm.cl\/wp-content\/uploads\/2023\/08\/IMG_20230802_124205-1-1-600x450.jpg 600w\" sizes=\"(max-width: 800px) 100vw, 800px\" \/><\/div><\/div><\/div><\/div><div class=\"flex_column av_one_full  flex_column_div av-zero-column-padding first  avia-builder-el-2  el_after_av_one_full  el_before_av_one_full  column-top-margin\" style='border-radius:0px; '><section class=\"av_textblock_section \"  itemscope=\"itemscope\" itemtype=\"https:\/\/schema.org\/BlogPosting\" itemprop=\"blogPost\" ><div class='avia_textblock  '   itemprop=\"text\" ><p style=\"text-align: center;\"><span style=\"font-size: 18pt;\"><strong>Municipalidad de Ays\u00e9n es la primera de la regi\u00f3n en habilitar una Sala de Lactancia<\/strong><\/span><\/p>\n<div id=\"gtx-trans\" style=\"position: absolute; left: -50px; top: 4.31534px;\">\n<div class=\"gtx-trans-icon\"><\/div>\n<\/div>\n<\/div><\/section><\/div><div class=\"flex_column av_one_full  flex_column_div av-zero-column-padding first  avia-builder-el-4  el_after_av_one_full  el_before_av_hr  column-top-margin\" style='border-radius:0px; '><section class=\"av_textblock_section \"  itemscope=\"itemscope\" itemtype=\"https:\/\/schema.org\/BlogPosting\" itemprop=\"blogPost\" ><div class='avia_textblock  '   itemprop=\"text\" ><p style=\"text-align: justify;\">La jornada de este mi\u00e9rcoles en el Edificio Consistorial de la Municipalidad de Ays\u00e9n se inaugur\u00f3 la primera Sala de Lactancia ubicada en un recinto de este tipo de la regi\u00f3n, en una instancia encabezada por el alcalde de la comuna, Julio Uribe Alvarado, y a la que asisti\u00f3 la seremi de Salud, Carmen Gloria Monsalve, y el delegado presidencial provincial de Ays\u00e9n, Jorge D\u00edaz. Gracias a este nuevo espacio, las trabajadoras del municipio contar\u00e1n con un lugar apto para amamantar a sus beb\u00e9s, adem\u00e1s de potenciar el v\u00ednculo del apego entre madre e hijo.<\/p>\n<p style=\"text-align: justify;\">La habilitaci\u00f3n de estas instalaciones, comenta el alcalde Uribe, surgi\u00f3 luego de asumir la administraci\u00f3n. \u201cUna de las primeras noticias que recib\u00ed cuando llegu\u00e9 al municipio es que no cont\u00e1bamos con una sala cuna ni tampoco espacios para las mam\u00e1s. Desde ah\u00ed comenzamos a trabajar primero con Fundaci\u00f3n Integra y Junji para ver si es que ten\u00edamos posibilidades de crear nuestro propio espacio\u201d, coment\u00f3 Uribe.<\/p>\n<p style=\"text-align: justify;\">\u201cAhora nuestras funcionarias van a poder contar con un lugar adecuado y tan necesario, que les entregue la privacidad y equipamiento requerido para que puedan ejercer este v\u00ednculo tan importante de manera c\u00f3moda y segura\u201d, agreg\u00f3 el alcalde, recalcando el trabajo de quienes se encargaron de que el dise\u00f1o de esta nueva sala tuviese el equipamiento requerido por el Servicio de Salud.<\/p>\n<p style=\"text-align: justify;\">Diversas agrupaciones relacionadas con la maternidad y la salud han sido enf\u00e1ticas en recalcar la importancia de la lactancia materna. De acuerdo con la Organizaci\u00f3n Mundial de la Salud (OMS), es una de las herramientas m\u00e1s relevantes para el correcto desarrollo de las ni\u00f1as y ni\u00f1os, permitiendo no solo una alimentaci\u00f3n acorde a las necesidades del infante, sino que tambi\u00e9n contribuye al fortalecimiento de las defensas del neonato mediante la transmisi\u00f3n de anticuerpos, y la generaci\u00f3n de un v\u00ednculo que contribuye al desarrollo emocional y psicol\u00f3gico.<\/p>\n<p style=\"text-align: justify;\">La sala cuenta con el equipamiento necesario para que las madres puedan amamantar a sus beb\u00e9s de manera c\u00f3moda y segura. En el lugar existen dos sof\u00e1s, un espacio para la muda del beb\u00e9, un refrigerador que permite mantener tanto la leche materna como las f\u00f3rmulas a la temperatura adecuada para su preservaci\u00f3n, un microondas que facilita poner a una temperatura apropiada el alimento, entre otros utensilios e insumos.<\/p>\n<p style=\"text-align: justify;\">En relaci\u00f3n a este v\u00ednculo, la seremi Monsalve valor\u00f3 positivamente la gesti\u00f3n del municipio, destacando que iniciativas como esta \u201ccontribuyen a instalar espacios para el resguardo de algo tan importante como la relaci\u00f3n entre una madre y sus hijos, en un momento tan especial como lo es el amamantamiento\u201d, agregando que la Seremi de Salud entreg\u00f3 asesor\u00eda t\u00e9cnica para que esta nueva sala contara con los est\u00e1ndares de seguridad requeridos por la normativa.<\/p>\n<p style=\"text-align: justify;\">Adem\u00e1s, Monsalve se\u00f1al\u00f3 que \u201cel resultado que vemos hoy es fruto del trabajo que se ha venido realizando desde la Mesa Intersectorial de la Lactancia Materna, a quienes aprovechamos de agradecer por su constante compromiso\u201d, aprovechando adem\u00e1s de destacar la labor de las funcionarias municipales que contribuyeron a la concreci\u00f3n de este espacio.<\/p>\n<p style=\"text-align: justify;\">En esta misma l\u00ednea, el delegado presidencial provincial, Jorge D\u00edaz, indic\u00f3 que \u201cfelicitamos al alcalde y a su equipo por esta iniciativa de construir la primera Sala de Lactancia de la regi\u00f3n, que le da dignidad a la madre y al lactante, proveyendo un lugar tranquilo, calefaccionado y c\u00f3modo donde las madres tendr\u00e1n a su disposici\u00f3n todos los utensilios necesarios para esta funci\u00f3n tan fundamental\u201d.<\/p>\n<p style=\"text-align: justify;\">Con esta acci\u00f3n, el municipio se convierte en un referente en la regi\u00f3n, demostrando su compromiso con el ejercicio de una maternidad segura, facilitando las condiciones necesarias para que las funcionarias puedan compatibilizar su vida laboral y familiar de mejor manera.<\/p>\n<\/div><\/section><\/div><div  style='height:50px' class='hr hr-invisible   avia-builder-el-6  el_after_av_one_full  el_before_av_social_share '><span class='hr-inner ' ><span class='hr-inner-style'><\/span><\/span><\/div><\/p>\n<div  class='av-social-sharing-box  avia-builder-el-7  el_after_av_hr  el_before_av_hr  '><div class='av-share-box'><h5 class='av-share-link-description av-no-toc '>Compartir esta noticia<\/h5><ul class='av-share-box-list noLightbox'><li class='av-share-link av-social-link-facebook' ><a target=\"_blank\" aria-label=\"Compartir en Facebook\" href='https:\/\/www.facebook.com\/sharer.php?u=https:\/\/radiorevelacionfm.cl\/?p=33536&#038;t=Municipalidad%20de%20Ays%C3%A9n%20es%20la%20primera%20de%20la%20regi%C3%B3n%20en%20habilitar%20una%20Sala%20de%20Lactancia' aria-hidden='false' data-av_icon='\ue8f3' data-av_iconfont='entypo-fontello' title='' data-avia-related-tooltip='Compartir en Facebook' rel=\"noopener\"><span class='avia_hidden_link_text'>Compartir en Facebook<\/span><\/a><\/li><li class='av-share-link av-social-link-twitter' ><a target=\"_blank\" aria-label=\"Compartir en Twitter\" href='https:\/\/twitter.com\/share?text=Municipalidad%20de%20Ays%C3%A9n%20es%20la%20primera%20de%20la%20regi%C3%B3n%20en%20habilitar%20una%20Sala%20de%20Lactancia&#038;url=https:\/\/radiorevelacionfm.cl\/?p=33536' aria-hidden='false' data-av_icon='\ue8f1' data-av_iconfont='entypo-fontello' title='' data-avia-related-tooltip='Compartir en Twitter' rel=\"noopener\"><span class='avia_hidden_link_text'>Compartir en Twitter<\/span><\/a><\/li><li class='av-share-link av-social-link-whatsapp' ><a target=\"_blank\" aria-label=\"Compartir en Whatsapp\" href='https:\/\/api.whatsapp.com\/send?text=https:\/\/radiorevelacionfm.cl\/?p=33536' aria-hidden='false' data-av_icon='\uf232' data-av_iconfont='entypo-fontello' title='' data-avia-related-tooltip='Compartir en Whatsapp' rel=\"noopener\"><span class='avia_hidden_link_text'>Compartir en Whatsapp<\/span><\/a><\/li><li class='av-share-link av-social-link-linkedin' ><a target=\"_blank\" aria-label=\"Compartir en LinkedIn\" href='https:\/\/linkedin.com\/shareArticle?mini=true&#038;title=Municipalidad%20de%20Ays%C3%A9n%20es%20la%20primera%20de%20la%20regi%C3%B3n%20en%20habilitar%20una%20Sala%20de%20Lactancia&#038;url=https:\/\/radiorevelacionfm.cl\/?p=33536' aria-hidden='false' data-av_icon='\ue8fc' data-av_iconfont='entypo-fontello' title='' data-avia-related-tooltip='Compartir en LinkedIn' rel=\"noopener\"><span class='avia_hidden_link_text'>Compartir en LinkedIn<\/span><\/a><\/li><li class='av-share-link av-social-link-mail' ><a  aria-label=\"Compartir por correo\" href='mailto:?subject=Municipalidad%20de%20Ays%C3%A9n%20es%20la%20primera%20de%20la%20regi%C3%B3n%20en%20habilitar%20una%20Sala%20de%20Lactancia&#038;body=https:\/\/radiorevelacionfm.cl\/?p=33536' aria-hidden='false' data-av_icon='\ue805' data-av_iconfont='entypo-fontello' title='' data-avia-related-tooltip='Compartir por correo'><span class='avia_hidden_link_text'>Compartir por correo<\/span><\/a><\/li><\/ul><\/div><\/div>\n<div  style='height:50px' class='hr hr-invisible   avia-builder-el-8  el_after_av_social_share  el_before_av_comments_list '><span class='hr-inner ' ><span class='hr-inner-style'><\/span><\/span><\/div>\n<div  class='av-buildercomment  av-blog-meta-html-info-disabled av-blog-meta-tag-disabled  '><\/div>\n","protected":false},"excerpt":{"rendered":"","protected":false},"author":1,"featured_media":33537,"comment_status":"open","ping_status":"open","sticky":false,"template":"","format":"standard","meta":{"footnotes":""},"categories":[38],"tags":[],"class_list":["post-33536","post","type-post","status-publish","format-standard","has-post-thumbnail","hentry","category-regional"],"jetpack_featured_media_url":"https:\/\/radiorevelacionfm.cl\/wp-content\/uploads\/2023\/08\/IMG_20230802_124205-1-1.jpg","_links":{"self":[{"href":"https:\/\/radiorevelacionfm.cl\/index.php?rest_route=\/wp\/v2\/posts\/33536","targetHints":{"allow":["GET"]}}],"collection":[{"href":"https:\/\/radiorevelacionfm.cl\/index.php?rest_route=\/wp\/v2\/posts"}],"about":[{"href":"https:\/\/radiorevelacionfm.cl\/index.php?rest_route=\/wp\/v2\/types\/post"}],"author":[{"embeddable":true,"href":"https:\/\/radiorevelacionfm.cl\/index.php?rest_route=\/wp\/v2\/users\/1"}],"replies":[{"embeddable":true,"href":"https:\/\/radiorevelacionfm.cl\/index.php?rest_route=%2Fwp%2Fv2%2Fcomments&post=33536"}],"version-history":[{"count":1,"href":"https:\/\/radiorevelacionfm.cl\/index.php?rest_route=\/wp\/v2\/posts\/33536\/revisions"}],"predecessor-version":[{"id":33538,"href":"https:\/\/radiorevelacionfm.cl\/index.php?rest_route=\/wp\/v2\/posts\/33536\/revisions\/33538"}],"wp:featuredmedia":[{"embeddable":true,"href":"https:\/\/radiorevelacionfm.cl\/index.php?rest_route=\/wp\/v2\/media\/33537"}],"wp:attachment":[{"href":"https:\/\/radiorevelacionfm.cl\/index.php?rest_route=%2Fwp%2Fv2%2Fmedia&parent=33536"}],"wp:term":[{"taxonomy":"category","embeddable":true,"href":"https:\/\/radiorevelacionfm.cl\/index.php?rest_route=%2Fwp%2Fv2%2Fcategories&post=33536"},{"taxonomy":"post_tag","embeddable":true,"href":"https:\/\/radiorevelacionfm.cl\/index.php?rest_route=%2Fwp%2Fv2%2Ftags&post=33536"}],"curies":[{"name":"wp","href":"https:\/\/api.w.org\/{rel}","templated":true}]}}