{"id":33533,"date":"2023-08-02T18:45:58","date_gmt":"2023-08-02T21:45:58","guid":{"rendered":"https:\/\/radiorevelacionfm.cl\/?p=33533"},"modified":"2023-08-02T18:45:58","modified_gmt":"2023-08-02T21:45:58","slug":"autoridades-inspeccionan-transito-de-camiones-por-complejo-integrado-huemules","status":"publish","type":"post","link":"https:\/\/radiorevelacionfm.cl\/?p=33533","title":{"rendered":"Autoridades inspeccionan tr\u00e1nsito de camiones por Complejo Integrado Huemules"},"content":{"rendered":"<div class=\"flex_column av_one_full  flex_column_div av-zero-column-padding first  avia-builder-el-0  el_before_av_one_full  avia-builder-el-first  \" style='border-radius:0px; '><div  class='avia-image-container  av-styling-    avia-builder-el-1  avia-builder-el-no-sibling  avia-align-center '  itemprop=\"image\" itemscope=\"itemscope\" itemtype=\"https:\/\/schema.org\/ImageObject\"  ><div class='avia-image-container-inner'><div class='avia-image-overlay-wrap'><img decoding=\"async\" class='wp-image-33534 avia-img-lazy-loading-not-33534 avia_image' src=\"https:\/\/radiorevelacionfm.cl\/wp-content\/uploads\/2023\/08\/img_0050-1_optimized.jpg\" alt='' title='img_0050-(1)_optimized' height=\"600\" width=\"900\"  itemprop=\"thumbnailUrl\" srcset=\"https:\/\/radiorevelacionfm.cl\/wp-content\/uploads\/2023\/08\/img_0050-1_optimized.jpg 900w, https:\/\/radiorevelacionfm.cl\/wp-content\/uploads\/2023\/08\/img_0050-1_optimized-300x200.jpg 300w, https:\/\/radiorevelacionfm.cl\/wp-content\/uploads\/2023\/08\/img_0050-1_optimized-768x512.jpg 768w, https:\/\/radiorevelacionfm.cl\/wp-content\/uploads\/2023\/08\/img_0050-1_optimized-705x470.jpg 705w, https:\/\/radiorevelacionfm.cl\/wp-content\/uploads\/2023\/08\/img_0050-1_optimized-450x300.jpg 450w, https:\/\/radiorevelacionfm.cl\/wp-content\/uploads\/2023\/08\/img_0050-1_optimized-600x400.jpg 600w\" sizes=\"(max-width: 900px) 100vw, 900px\" \/><\/div><\/div><\/div><\/div><div class=\"flex_column av_one_full  flex_column_div av-zero-column-padding first  avia-builder-el-2  el_after_av_one_full  el_before_av_one_full  column-top-margin\" style='border-radius:0px; '><section class=\"av_textblock_section \"  itemscope=\"itemscope\" itemtype=\"https:\/\/schema.org\/BlogPosting\" itemprop=\"blogPost\" ><div class='avia_textblock  '   itemprop=\"text\" ><p style=\"text-align: center;\"><strong><span style=\"font-size: 18pt;\">Autoridades inspeccionan tr\u00e1nsito de camiones por Complejo Integrado Huemules <\/span><\/strong><\/p>\n<div id=\"gtx-trans\" style=\"position: absolute; left: -50px; top: 4.31534px;\">\n<div class=\"gtx-trans-icon\"><\/div>\n<\/div>\n<\/div><\/section><\/div><div class=\"flex_column av_one_full  flex_column_div av-zero-column-padding first  avia-builder-el-4  el_after_av_one_full  el_before_av_hr  column-top-margin\" style='border-radius:0px; '><section class=\"av_textblock_section \"  itemscope=\"itemscope\" itemtype=\"https:\/\/schema.org\/BlogPosting\" itemprop=\"blogPost\" ><div class='avia_textblock  '   itemprop=\"text\" ><p style=\"font-weight: 400; text-align: justify;\">El adecuado tr\u00e1nsito de camiones por el Complejo Integrado Huemules, en la localidad de Balmaceda, inspeccionaron este mi\u00e9rcoles, autoridades chilenas y argentinas encabezadas por el Delegado Presidencial Regional de Ays\u00e9n, Rodrigo Araya Morales, y la Intendenta de Lago Blanco, Chubut, Nadia\u00a0Micaela Bilbao.<\/p>\n<p style=\"font-weight: 400; text-align: justify;\">Lo anterior luego que el \u00faltimo sistema frontal mantuviera a transportistas detenidos en la localidad argentina de Lago Blanco, entre ellos Orlando Far\u00edas, de Transportes Maquehua, con abastecimiento de gas licuado desde la regi\u00f3n de Magallanes a Ays\u00e9n.<\/p>\n<p style=\"font-weight: 400; text-align: justify;\">\u201cNos dieron la salida hoy d\u00eda por un tema clim\u00e1tico. Hubo escarcha y se pudo pasar por el camino que estaba malo para la circulaci\u00f3n de los camiones. En general, el 80 por ciento de la ruta est\u00e1 mala, con una sola v\u00eda, lo m\u00e1s complicado son 30 kil\u00f3metros del pueblo de Lago Blanco hacia la frontera chilena en Balmaceda\u201d, explic\u00f3.<\/p>\n<p style=\"font-weight: 400; text-align: justify;\">Junto con inspeccionar el tr\u00e1nsito en el complejo fronterizo, las autoridades sostuvieron una reuni\u00f3n de cooperaci\u00f3n y coordinaci\u00f3n en el complejo fronterizo en Balmaceda.<\/p>\n<p style=\"font-weight: 400; text-align: justify;\">\u201cHab\u00eda un colapso en la v\u00eda, no pod\u00edan transitar los camiones y ten\u00edamos m\u00e1s de 60 camiones apostados en el sector de Lago Blanco esperando ingresar a territorio chileno. Han ingresado hoy desde temprano los camiones que traen el abastecimiento de gas y alimentos, muy relevantes para nuestra regi\u00f3n. El tr\u00e1nsito terrestre de carga es tremendamente relevante, son alrededor de 30 a 50 camiones que ingresan d\u00eda a d\u00eda\u201d, inform\u00f3.<\/p>\n<p style=\"font-weight: 400; text-align: justify;\">La Intendenta Micaela Bilbao destac\u00f3 la instancia de coordinaci\u00f3n. \u201cPor parte de la comuna quer\u00edamos participar, ya que debido a este problema, desde el s\u00e1bado albergamos a m\u00e1s de 50 camiones donde les dimos un lugar y la posibilidad de que puedan higienizarse y estar bajo techo un poco m\u00e1s c\u00f3modos que arriba del cami\u00f3n. As\u00ed que estoy contenta de que se haya realizado esta reuni\u00f3n y de que podamos trabajar en conjunto para mejorar la ruta que compartimos y donde transitan camiones argentinos y chilenos\u201d.<\/p>\n<p style=\"font-weight: 400; text-align: justify;\">Entre los acuerdos de cooperaci\u00f3n, el representante de Vialidad de Argentina, ingeniero Belisario Montero, se\u00f1al\u00f3 que \u201cel acuerdo que conversamos con Chile es la colaboraci\u00f3n mutua para tratar de tener la ruta nacional 260 desde Lago Blanco hacia el paso internacional Huemules de la mejor manera. El kil\u00f3metro 75 y los \u00faltimos dos kil\u00f3metros antes del paso Huemules son los m\u00e1s complicados, Vialidad Nacional tiene el aporte de maquinaria pesada y Vialidad Chile aportar\u00eda con camiones pesados para transportar suelo, para hacer m\u00e1s r\u00e1pida la adecuada transitabilidad de la ruta\u201d.<\/p>\n<p style=\"font-weight: 400; text-align: justify;\">El jefe provincial de Vialidad, David Monsalve, puntualiz\u00f3 que \u201cante eventos de emergencia como el que estamos viviendo, existe esta posibilidad y nos hemos reunido hoy para lograr este acuerdo de cooperaci\u00f3n, para estabilizar el tramo de Lago Blanco a Balmaceda, que nos asegura el abastecimiento y el tr\u00e1nsito adecuado de los camiones\u201d.<\/p>\n<p style=\"font-weight: 400; text-align: justify;\">En la reuni\u00f3n participaron tambi\u00e9n el director regional de Senapred, Sidi Bravo, y el subprefecto fronterizo de Carabineros Jean Paul Aravena, quienes informaron que el Complejo Fronterizo Huemules est\u00e1 habilitado desde este mi\u00e9rcoles solo para el tr\u00e1nsito de camiones, mientras que veh\u00edculos livianos y doble tracci\u00f3n deben circular por el Paso Coyhaique Alto.<\/p>\n<\/div><\/section><\/div><div  style='height:50px' class='hr hr-invisible   avia-builder-el-6  el_after_av_one_full  el_before_av_social_share '><span class='hr-inner ' ><span class='hr-inner-style'><\/span><\/span><\/div><\/p>\n<div  class='av-social-sharing-box  avia-builder-el-7  el_after_av_hr  el_before_av_hr  '><div class='av-share-box'><h5 class='av-share-link-description av-no-toc '>Compartir esta noticia<\/h5><ul class='av-share-box-list noLightbox'><li class='av-share-link av-social-link-facebook' ><a target=\"_blank\" aria-label=\"Compartir en Facebook\" href='https:\/\/www.facebook.com\/sharer.php?u=https:\/\/radiorevelacionfm.cl\/?p=33533&#038;t=Autoridades%20inspeccionan%20tr%C3%A1nsito%20de%20camiones%20por%20Complejo%20Integrado%20Huemules' aria-hidden='false' data-av_icon='\ue8f3' data-av_iconfont='entypo-fontello' title='' data-avia-related-tooltip='Compartir en Facebook' rel=\"noopener\"><span class='avia_hidden_link_text'>Compartir en Facebook<\/span><\/a><\/li><li class='av-share-link av-social-link-twitter' ><a target=\"_blank\" aria-label=\"Compartir en Twitter\" href='https:\/\/twitter.com\/share?text=Autoridades%20inspeccionan%20tr%C3%A1nsito%20de%20camiones%20por%20Complejo%20Integrado%20Huemules&#038;url=https:\/\/radiorevelacionfm.cl\/?p=33533' aria-hidden='false' data-av_icon='\ue8f1' data-av_iconfont='entypo-fontello' title='' data-avia-related-tooltip='Compartir en Twitter' rel=\"noopener\"><span class='avia_hidden_link_text'>Compartir en Twitter<\/span><\/a><\/li><li class='av-share-link av-social-link-whatsapp' ><a target=\"_blank\" aria-label=\"Compartir en Whatsapp\" href='https:\/\/api.whatsapp.com\/send?text=https:\/\/radiorevelacionfm.cl\/?p=33533' aria-hidden='false' data-av_icon='\uf232' data-av_iconfont='entypo-fontello' title='' data-avia-related-tooltip='Compartir en Whatsapp' rel=\"noopener\"><span class='avia_hidden_link_text'>Compartir en Whatsapp<\/span><\/a><\/li><li class='av-share-link av-social-link-linkedin' ><a target=\"_blank\" aria-label=\"Compartir en LinkedIn\" href='https:\/\/linkedin.com\/shareArticle?mini=true&#038;title=Autoridades%20inspeccionan%20tr%C3%A1nsito%20de%20camiones%20por%20Complejo%20Integrado%20Huemules&#038;url=https:\/\/radiorevelacionfm.cl\/?p=33533' aria-hidden='false' data-av_icon='\ue8fc' data-av_iconfont='entypo-fontello' title='' data-avia-related-tooltip='Compartir en LinkedIn' rel=\"noopener\"><span class='avia_hidden_link_text'>Compartir en LinkedIn<\/span><\/a><\/li><li class='av-share-link av-social-link-mail' ><a  aria-label=\"Compartir por correo\" href='mailto:?subject=Autoridades%20inspeccionan%20tr%C3%A1nsito%20de%20camiones%20por%20Complejo%20Integrado%20Huemules&#038;body=https:\/\/radiorevelacionfm.cl\/?p=33533' aria-hidden='false' data-av_icon='\ue805' data-av_iconfont='entypo-fontello' title='' data-avia-related-tooltip='Compartir por correo'><span class='avia_hidden_link_text'>Compartir por correo<\/span><\/a><\/li><\/ul><\/div><\/div>\n<div  style='height:50px' class='hr hr-invisible   avia-builder-el-8  el_after_av_social_share  el_before_av_comments_list '><span class='hr-inner ' ><span class='hr-inner-style'><\/span><\/span><\/div>\n<div  class='av-buildercomment  av-blog-meta-html-info-disabled av-blog-meta-tag-disabled  '><\/div>\n","protected":false},"excerpt":{"rendered":"","protected":false},"author":1,"featured_media":33534,"comment_status":"open","ping_status":"open","sticky":false,"template":"","format":"standard","meta":{"footnotes":""},"categories":[38],"tags":[],"class_list":["post-33533","post","type-post","status-publish","format-standard","has-post-thumbnail","hentry","category-regional"],"jetpack_featured_media_url":"https:\/\/radiorevelacionfm.cl\/wp-content\/uploads\/2023\/08\/img_0050-1_optimized.jpg","_links":{"self":[{"href":"https:\/\/radiorevelacionfm.cl\/index.php?rest_route=\/wp\/v2\/posts\/33533","targetHints":{"allow":["GET"]}}],"collection":[{"href":"https:\/\/radiorevelacionfm.cl\/index.php?rest_route=\/wp\/v2\/posts"}],"about":[{"href":"https:\/\/radiorevelacionfm.cl\/index.php?rest_route=\/wp\/v2\/types\/post"}],"author":[{"embeddable":true,"href":"https:\/\/radiorevelacionfm.cl\/index.php?rest_route=\/wp\/v2\/users\/1"}],"replies":[{"embeddable":true,"href":"https:\/\/radiorevelacionfm.cl\/index.php?rest_route=%2Fwp%2Fv2%2Fcomments&post=33533"}],"version-history":[{"count":1,"href":"https:\/\/radiorevelacionfm.cl\/index.php?rest_route=\/wp\/v2\/posts\/33533\/revisions"}],"predecessor-version":[{"id":33535,"href":"https:\/\/radiorevelacionfm.cl\/index.php?rest_route=\/wp\/v2\/posts\/33533\/revisions\/33535"}],"wp:featuredmedia":[{"embeddable":true,"href":"https:\/\/radiorevelacionfm.cl\/index.php?rest_route=\/wp\/v2\/media\/33534"}],"wp:attachment":[{"href":"https:\/\/radiorevelacionfm.cl\/index.php?rest_route=%2Fwp%2Fv2%2Fmedia&parent=33533"}],"wp:term":[{"taxonomy":"category","embeddable":true,"href":"https:\/\/radiorevelacionfm.cl\/index.php?rest_route=%2Fwp%2Fv2%2Fcategories&post=33533"},{"taxonomy":"post_tag","embeddable":true,"href":"https:\/\/radiorevelacionfm.cl\/index.php?rest_route=%2Fwp%2Fv2%2Ftags&post=33533"}],"curies":[{"name":"wp","href":"https:\/\/api.w.org\/{rel}","templated":true}]}}