{"id":33516,"date":"2023-08-04T16:09:27","date_gmt":"2023-08-04T19:09:27","guid":{"rendered":"https:\/\/radiorevelacionfm.cl\/?p=33516"},"modified":"2023-08-04T16:09:27","modified_gmt":"2023-08-04T19:09:27","slug":"en-coyhaique-comenzo-la-esterilizacion-de-animales-de-compania","status":"publish","type":"post","link":"https:\/\/radiorevelacionfm.cl\/?p=33516","title":{"rendered":"En Coyhaique comenz\u00f3 la esterilizaci\u00f3n de animales de compa\u00f1\u00eda"},"content":{"rendered":"<div class=\"flex_column av_one_full  flex_column_div av-zero-column-padding first  avia-builder-el-0  el_before_av_one_full  avia-builder-el-first  \" style='border-radius:0px; '><div  class='avia-image-container  av-styling-    avia-builder-el-1  avia-builder-el-no-sibling  avia-align-center '  itemprop=\"image\" itemscope=\"itemscope\" itemtype=\"https:\/\/schema.org\/ImageObject\"  ><div class='avia-image-container-inner'><div class='avia-image-overlay-wrap'><img decoding=\"async\" class='wp-image-33517 avia-img-lazy-loading-not-33517 avia_image' src=\"https:\/\/radiorevelacionfm.cl\/wp-content\/uploads\/2023\/08\/unnamed-18-1-2.jpg\" alt='' title='unnamed (18) (1) (2)' height=\"600\" width=\"800\"  itemprop=\"thumbnailUrl\" srcset=\"https:\/\/radiorevelacionfm.cl\/wp-content\/uploads\/2023\/08\/unnamed-18-1-2.jpg 800w, https:\/\/radiorevelacionfm.cl\/wp-content\/uploads\/2023\/08\/unnamed-18-1-2-300x225.jpg 300w, https:\/\/radiorevelacionfm.cl\/wp-content\/uploads\/2023\/08\/unnamed-18-1-2-768x576.jpg 768w, https:\/\/radiorevelacionfm.cl\/wp-content\/uploads\/2023\/08\/unnamed-18-1-2-705x529.jpg 705w, https:\/\/radiorevelacionfm.cl\/wp-content\/uploads\/2023\/08\/unnamed-18-1-2-450x338.jpg 450w, https:\/\/radiorevelacionfm.cl\/wp-content\/uploads\/2023\/08\/unnamed-18-1-2-600x450.jpg 600w\" sizes=\"(max-width: 800px) 100vw, 800px\" \/><\/div><\/div><\/div><\/div><div class=\"flex_column av_one_full  flex_column_div av-zero-column-padding first  avia-builder-el-2  el_after_av_one_full  el_before_av_one_full  column-top-margin\" style='border-radius:0px; '><section class=\"av_textblock_section \"  itemscope=\"itemscope\" itemtype=\"https:\/\/schema.org\/BlogPosting\" itemprop=\"blogPost\" ><div class='avia_textblock  '   itemprop=\"text\" ><p style=\"text-align: center;\"><strong><span style=\"font-size: 18pt;\">En Coyhaique comenz\u00f3 la esterilizaci\u00f3n de animales de compa\u00f1\u00eda<\/span><\/strong><\/p>\n<div id=\"gtx-trans\" style=\"position: absolute; left: -50px; top: 4.31534px;\">\n<div class=\"gtx-trans-icon\"><\/div>\n<\/div>\n<\/div><\/section><\/div><div class=\"flex_column av_one_full  flex_column_div av-zero-column-padding first  avia-builder-el-4  el_after_av_one_full  el_before_av_hr  column-top-margin\" style='border-radius:0px; '><section class=\"av_textblock_section \"  itemscope=\"itemscope\" itemtype=\"https:\/\/schema.org\/BlogPosting\" itemprop=\"blogPost\" ><div class='avia_textblock  '   itemprop=\"text\" ><p style=\"font-weight: 400; text-align: justify;\">Estos operativos son financiados a trav\u00e9s del Programa de Tenencia Responsable de Mascotas y Animales de Compa\u00f1\u00eda (PTRAC)\u00a0de la Subsecretar\u00eda de Desarrollo Regional y Administrativo (Subdere), y signific\u00f3 una inversi\u00f3n de m\u00e1s $52 millones.<\/p>\n<p style=\"font-weight: 400; text-align: justify;\">En la Sede El Mirador en Coyhaique, Regi\u00f3n de Ays\u00e9n, la semana pasada comenzaron los operativos de esterilizaci\u00f3n de gatos y perros, esto con recursos del Programa de Tenencia Responsable de Mascotas y Animales de Compa\u00f1\u00eda (PTRAC) de la Subsecretar\u00eda de Desarrollo Regional y Administrativo (Subdere), con una inversi\u00f3n de m\u00e1s de $52 millones con los que se llevar\u00e1n a cabo 2.000 procedimientos.<\/p>\n<p style=\"font-weight: 400; text-align: justify;\">El encargado de la Unidad Regional Subdere (URS) de Ays\u00e9n, Guillermo Mart\u00ednez, destac\u00f3 que \u2018\u2019estos operativos se enmarcan dentro de los ejes que estamos fortaleciendo, como es la tenencia responsable de mascotas y animales de compa\u00f1\u00eda. Seguiremos impulsando iniciativas que justamente apunten a este objetivo\u2019\u2019.<\/p>\n<p style=\"font-weight: 400; text-align: justify;\">El objetivo es fomentar y promover la tenencia responsable de animales de compa\u00f1\u00eda a trav\u00e9s de uno de los pilares fundamentales, la esterilizaci\u00f3n, por esto se realizar\u00e1n 2.000 cirug\u00edas, 1.000 en perros y 1.000 en gatos de la comuna de Coyhaique.<\/p>\n<\/div><\/section><\/div><div  style='height:50px' class='hr hr-invisible   avia-builder-el-6  el_after_av_one_full  el_before_av_social_share '><span class='hr-inner ' ><span class='hr-inner-style'><\/span><\/span><\/div><\/p>\n<div  class='av-social-sharing-box  avia-builder-el-7  el_after_av_hr  el_before_av_hr  '><div class='av-share-box'><h5 class='av-share-link-description av-no-toc '>Compartir esta noticia<\/h5><ul class='av-share-box-list noLightbox'><li class='av-share-link av-social-link-facebook' ><a target=\"_blank\" aria-label=\"Compartir en Facebook\" href='https:\/\/www.facebook.com\/sharer.php?u=https:\/\/radiorevelacionfm.cl\/?p=33516&#038;t=En%20Coyhaique%20comenz%C3%B3%20la%20esterilizaci%C3%B3n%20de%20animales%20de%20compa%C3%B1%C3%ADa' aria-hidden='false' data-av_icon='\ue8f3' data-av_iconfont='entypo-fontello' title='' data-avia-related-tooltip='Compartir en Facebook' rel=\"noopener\"><span class='avia_hidden_link_text'>Compartir en Facebook<\/span><\/a><\/li><li class='av-share-link av-social-link-twitter' ><a target=\"_blank\" aria-label=\"Compartir en Twitter\" href='https:\/\/twitter.com\/share?text=En%20Coyhaique%20comenz%C3%B3%20la%20esterilizaci%C3%B3n%20de%20animales%20de%20compa%C3%B1%C3%ADa&#038;url=https:\/\/radiorevelacionfm.cl\/?p=33516' aria-hidden='false' data-av_icon='\ue8f1' data-av_iconfont='entypo-fontello' title='' data-avia-related-tooltip='Compartir en Twitter' rel=\"noopener\"><span class='avia_hidden_link_text'>Compartir en Twitter<\/span><\/a><\/li><li class='av-share-link av-social-link-whatsapp' ><a target=\"_blank\" aria-label=\"Compartir en Whatsapp\" href='https:\/\/api.whatsapp.com\/send?text=https:\/\/radiorevelacionfm.cl\/?p=33516' aria-hidden='false' data-av_icon='\uf232' data-av_iconfont='entypo-fontello' title='' data-avia-related-tooltip='Compartir en Whatsapp' rel=\"noopener\"><span class='avia_hidden_link_text'>Compartir en Whatsapp<\/span><\/a><\/li><li class='av-share-link av-social-link-linkedin' ><a target=\"_blank\" aria-label=\"Compartir en LinkedIn\" href='https:\/\/linkedin.com\/shareArticle?mini=true&#038;title=En%20Coyhaique%20comenz%C3%B3%20la%20esterilizaci%C3%B3n%20de%20animales%20de%20compa%C3%B1%C3%ADa&#038;url=https:\/\/radiorevelacionfm.cl\/?p=33516' aria-hidden='false' data-av_icon='\ue8fc' data-av_iconfont='entypo-fontello' title='' data-avia-related-tooltip='Compartir en LinkedIn' rel=\"noopener\"><span class='avia_hidden_link_text'>Compartir en LinkedIn<\/span><\/a><\/li><li class='av-share-link av-social-link-mail' ><a  aria-label=\"Compartir por correo\" href='mailto:?subject=En%20Coyhaique%20comenz%C3%B3%20la%20esterilizaci%C3%B3n%20de%20animales%20de%20compa%C3%B1%C3%ADa&#038;body=https:\/\/radiorevelacionfm.cl\/?p=33516' aria-hidden='false' data-av_icon='\ue805' data-av_iconfont='entypo-fontello' title='' data-avia-related-tooltip='Compartir por correo'><span class='avia_hidden_link_text'>Compartir por correo<\/span><\/a><\/li><\/ul><\/div><\/div>\n<div  style='height:50px' class='hr hr-invisible   avia-builder-el-8  el_after_av_social_share  el_before_av_comments_list '><span class='hr-inner ' ><span class='hr-inner-style'><\/span><\/span><\/div>\n<div  class='av-buildercomment  av-blog-meta-html-info-disabled av-blog-meta-tag-disabled  '><\/div>\n","protected":false},"excerpt":{"rendered":"","protected":false},"author":1,"featured_media":33517,"comment_status":"open","ping_status":"open","sticky":false,"template":"","format":"standard","meta":{"footnotes":""},"categories":[38],"tags":[],"class_list":["post-33516","post","type-post","status-publish","format-standard","has-post-thumbnail","hentry","category-regional"],"jetpack_featured_media_url":"https:\/\/radiorevelacionfm.cl\/wp-content\/uploads\/2023\/08\/unnamed-18-1-2.jpg","_links":{"self":[{"href":"https:\/\/radiorevelacionfm.cl\/index.php?rest_route=\/wp\/v2\/posts\/33516","targetHints":{"allow":["GET"]}}],"collection":[{"href":"https:\/\/radiorevelacionfm.cl\/index.php?rest_route=\/wp\/v2\/posts"}],"about":[{"href":"https:\/\/radiorevelacionfm.cl\/index.php?rest_route=\/wp\/v2\/types\/post"}],"author":[{"embeddable":true,"href":"https:\/\/radiorevelacionfm.cl\/index.php?rest_route=\/wp\/v2\/users\/1"}],"replies":[{"embeddable":true,"href":"https:\/\/radiorevelacionfm.cl\/index.php?rest_route=%2Fwp%2Fv2%2Fcomments&post=33516"}],"version-history":[{"count":1,"href":"https:\/\/radiorevelacionfm.cl\/index.php?rest_route=\/wp\/v2\/posts\/33516\/revisions"}],"predecessor-version":[{"id":33519,"href":"https:\/\/radiorevelacionfm.cl\/index.php?rest_route=\/wp\/v2\/posts\/33516\/revisions\/33519"}],"wp:featuredmedia":[{"embeddable":true,"href":"https:\/\/radiorevelacionfm.cl\/index.php?rest_route=\/wp\/v2\/media\/33517"}],"wp:attachment":[{"href":"https:\/\/radiorevelacionfm.cl\/index.php?rest_route=%2Fwp%2Fv2%2Fmedia&parent=33516"}],"wp:term":[{"taxonomy":"category","embeddable":true,"href":"https:\/\/radiorevelacionfm.cl\/index.php?rest_route=%2Fwp%2Fv2%2Fcategories&post=33516"},{"taxonomy":"post_tag","embeddable":true,"href":"https:\/\/radiorevelacionfm.cl\/index.php?rest_route=%2Fwp%2Fv2%2Ftags&post=33516"}],"curies":[{"name":"wp","href":"https:\/\/api.w.org\/{rel}","templated":true}]}}