{"id":33513,"date":"2023-08-02T14:05:21","date_gmt":"2023-08-02T17:05:21","guid":{"rendered":"https:\/\/radiorevelacionfm.cl\/?p=33513"},"modified":"2023-08-02T14:08:08","modified_gmt":"2023-08-02T17:08:08","slug":"geologo-yoal-diaz-asume-como-nuevo-seremi-del-medio-ambiente-de-aysen","status":"publish","type":"post","link":"https:\/\/radiorevelacionfm.cl\/?p=33513","title":{"rendered":"Ge\u00f3logo Yoal D\u00edaz asume como nuevo seremi del Medio Ambiente de la regi\u00f3n de Ays\u00e9n"},"content":{"rendered":"<div class=\"flex_column av_one_full  flex_column_div av-zero-column-padding first  avia-builder-el-0  el_before_av_one_full  avia-builder-el-first  \" style='border-radius:0px; '><div  class='avia-image-container  av-styling-    avia-builder-el-1  avia-builder-el-no-sibling  avia-align-center '  itemprop=\"image\" itemscope=\"itemscope\" itemtype=\"https:\/\/schema.org\/ImageObject\"  ><div class='avia-image-container-inner'><div class='avia-image-overlay-wrap'><img decoding=\"async\" class='wp-image-33514 avia-img-lazy-loading-not-33514 avia_image' src=\"https:\/\/radiorevelacionfm.cl\/wp-content\/uploads\/2023\/08\/IMG-6825-1-1.jpg\" alt='' title='IMG-6825 (1) (1)' height=\"600\" width=\"826\"  itemprop=\"thumbnailUrl\" srcset=\"https:\/\/radiorevelacionfm.cl\/wp-content\/uploads\/2023\/08\/IMG-6825-1-1.jpg 826w, https:\/\/radiorevelacionfm.cl\/wp-content\/uploads\/2023\/08\/IMG-6825-1-1-300x218.jpg 300w, https:\/\/radiorevelacionfm.cl\/wp-content\/uploads\/2023\/08\/IMG-6825-1-1-768x558.jpg 768w, https:\/\/radiorevelacionfm.cl\/wp-content\/uploads\/2023\/08\/IMG-6825-1-1-705x512.jpg 705w, https:\/\/radiorevelacionfm.cl\/wp-content\/uploads\/2023\/08\/IMG-6825-1-1-450x327.jpg 450w, https:\/\/radiorevelacionfm.cl\/wp-content\/uploads\/2023\/08\/IMG-6825-1-1-600x436.jpg 600w\" sizes=\"(max-width: 826px) 100vw, 826px\" \/><\/div><\/div><\/div><\/div>\n<div class=\"flex_column av_one_full  flex_column_div av-zero-column-padding first  avia-builder-el-2  el_after_av_one_full  el_before_av_one_full  column-top-margin\" style='border-radius:0px; '><section class=\"av_textblock_section \"  itemscope=\"itemscope\" itemtype=\"https:\/\/schema.org\/BlogPosting\" itemprop=\"blogPost\" ><div class='avia_textblock  '   itemprop=\"text\" ><p style=\"text-align: center;\"><strong><span style=\"font-size: 18pt;\">Ge\u00f3logo Yoal D\u00edaz asume como nuevo seremi del Medio Ambiente de la regi\u00f3n de Ays\u00e9n<\/span><\/strong><\/p>\n<div id=\"gtx-trans\" style=\"position: absolute; left: -50px; top: 4.31534px;\">\n<div class=\"gtx-trans-icon\"><\/div>\n<\/div>\n<\/div><\/section><\/div><div class=\"flex_column av_one_full  flex_column_div av-zero-column-padding first  avia-builder-el-4  el_after_av_one_full  el_before_av_hr  column-top-margin\" style='border-radius:0px; '><section class=\"av_textblock_section \"  itemscope=\"itemscope\" itemtype=\"https:\/\/schema.org\/BlogPosting\" itemprop=\"blogPost\" ><div class='avia_textblock  '   itemprop=\"text\" ><p style=\"font-weight: 400; text-align: justify;\">La Delegaci\u00f3n Presidencial Regional de Ays\u00e9n anunci\u00f3 este mi\u00e9rcoles la ratificaci\u00f3n y comienzo inmediato de funciones del ge\u00f3logo, Yoal D\u00edaz, como el nuevo representante de la cartera del Medio Ambiente en la Regi\u00f3n de Ays\u00e9n.<\/p>\n<p style=\"font-weight: 400; text-align: justify;\">El delegado presidencial, Rodrigo Araya, indic\u00f3 que el nuevo seremi es un profesional con experiencia y conocimiento del territorio, a lo que se suma su experiencia en la administraci\u00f3n p\u00fablica. \u201cPor lo tanto tiene todas las capacidades y habilidades para asumir esta Seremi que es relevante en varios aspectos del desarrollo de la regi\u00f3n. Esperamos que sea un gran aporte a nuestro Gabinete\u201d, se\u00f1al\u00f3 el delegado.<\/p>\n<p style=\"font-weight: 400; text-align: justify;\">Desde el ministerio del Medio Ambiente, el Subsecretario Max Proa\u00f1o dio la bienvenida a la nueva autoridad destacando que \u201cestamos muy contentos de que Yoal D\u00edaz se integre al equipo en la Seremi del Medio Ambiente de Ays\u00e9n. Yoal es ge\u00f3logo de profesi\u00f3n y se ha dedicado a difundir temas ambientales, por lo que creemos que es una persona que tiene todas las aptitudes profesionales para desempe\u00f1arse en este rol, adem\u00e1s de capacidades de liderazgo que requiere el equipo de Ays\u00e9n\u201d.<\/p>\n<p style=\"font-weight: 400; text-align: justify;\">El profesional que hasta entonces se desempe\u00f1aba como jefe del Departamento Provincial de Educaci\u00f3n de la regi\u00f3n de Ays\u00e9n, asume el nuevo desaf\u00edo desde una perspectiva comunitaria y con un enfoque educacional. El mi\u00e9rcoles 02, durante su presentaci\u00f3n ante el delegado presidencial, coment\u00f3 que siente deseos de aportar a las necesidades de la biodiversidad de la regi\u00f3n. \u201cY tambi\u00e9n de las comunidades. Hay urgencias y situaciones importantes que debemos ir priorizando con el equipo. Desde el d\u00eda uno me pongo a disposici\u00f3n del trabajo para llegar con una respuesta inmediata y necesaria en todo el territorio de la regi\u00f3n de Ays\u00e9n\u201d, expres\u00f3 el seremi.<\/p>\n<p style=\"font-weight: 400; text-align: justify;\">El militante de Convergencia Social es ge\u00f3logo de la universidad de Concepci\u00f3n y miembro de LAIGEO Chile (International Geoscience Education Organisation Latinoam\u00e9rica). Se ha dedicado al trabajo en Ciencias de la Tierra y la Educaci\u00f3n, vinculando el universo escolar con la academia. Destacan en su trayectoria la docencia en la Universidad Cat\u00f3lica de Concepci\u00f3n y Universidad Andr\u00e9s Bello,\u00a0 su formaci\u00f3n en la Academia de Acci\u00f3n Clim\u00e1tica y su rol como encargado provincial medio ambiente y cambio clim\u00e1tico, en la Seremi de Educaci\u00f3n de Ays\u00e9n.<\/p>\n<\/div><\/section><\/div><\/p>\n<div  style='height:50px' class='hr hr-invisible   avia-builder-el-6  el_after_av_one_full  el_before_av_social_share '><span class='hr-inner ' ><span class='hr-inner-style'><\/span><\/span><\/div>\n<div  class='av-social-sharing-box  avia-builder-el-7  el_after_av_hr  el_before_av_hr  '><div class='av-share-box'><h5 class='av-share-link-description av-no-toc '>Compartir esta noticia<\/h5><ul class='av-share-box-list noLightbox'><li class='av-share-link av-social-link-facebook' ><a target=\"_blank\" aria-label=\"Compartir en Facebook\" href='https:\/\/www.facebook.com\/sharer.php?u=https:\/\/radiorevelacionfm.cl\/?p=33513&#038;t=Ge%C3%B3logo%20Yoal%20D%C3%ADaz%20asume%20como%20nuevo%20seremi%20del%20Medio%20Ambiente%20de%20la%20regi%C3%B3n%20de%20Ays%C3%A9n' aria-hidden='false' data-av_icon='\ue8f3' data-av_iconfont='entypo-fontello' title='' data-avia-related-tooltip='Compartir en Facebook' rel=\"noopener\"><span class='avia_hidden_link_text'>Compartir en Facebook<\/span><\/a><\/li><li class='av-share-link av-social-link-twitter' ><a target=\"_blank\" aria-label=\"Compartir en Twitter\" href='https:\/\/twitter.com\/share?text=Ge%C3%B3logo%20Yoal%20D%C3%ADaz%20asume%20como%20nuevo%20seremi%20del%20Medio%20Ambiente%20de%20la%20regi%C3%B3n%20de%20Ays%C3%A9n&#038;url=https:\/\/radiorevelacionfm.cl\/?p=33513' aria-hidden='false' data-av_icon='\ue8f1' data-av_iconfont='entypo-fontello' title='' data-avia-related-tooltip='Compartir en Twitter' rel=\"noopener\"><span class='avia_hidden_link_text'>Compartir en Twitter<\/span><\/a><\/li><li class='av-share-link av-social-link-whatsapp' ><a target=\"_blank\" aria-label=\"Compartir en Whatsapp\" href='https:\/\/api.whatsapp.com\/send?text=https:\/\/radiorevelacionfm.cl\/?p=33513' aria-hidden='false' data-av_icon='\uf232' data-av_iconfont='entypo-fontello' title='' data-avia-related-tooltip='Compartir en Whatsapp' rel=\"noopener\"><span class='avia_hidden_link_text'>Compartir en Whatsapp<\/span><\/a><\/li><li class='av-share-link av-social-link-linkedin' ><a target=\"_blank\" aria-label=\"Compartir en LinkedIn\" href='https:\/\/linkedin.com\/shareArticle?mini=true&#038;title=Ge%C3%B3logo%20Yoal%20D%C3%ADaz%20asume%20como%20nuevo%20seremi%20del%20Medio%20Ambiente%20de%20la%20regi%C3%B3n%20de%20Ays%C3%A9n&#038;url=https:\/\/radiorevelacionfm.cl\/?p=33513' aria-hidden='false' data-av_icon='\ue8fc' data-av_iconfont='entypo-fontello' title='' data-avia-related-tooltip='Compartir en LinkedIn' rel=\"noopener\"><span class='avia_hidden_link_text'>Compartir en LinkedIn<\/span><\/a><\/li><li class='av-share-link av-social-link-mail' ><a  aria-label=\"Compartir por correo\" href='mailto:?subject=Ge%C3%B3logo%20Yoal%20D%C3%ADaz%20asume%20como%20nuevo%20seremi%20del%20Medio%20Ambiente%20de%20la%20regi%C3%B3n%20de%20Ays%C3%A9n&#038;body=https:\/\/radiorevelacionfm.cl\/?p=33513' aria-hidden='false' data-av_icon='\ue805' data-av_iconfont='entypo-fontello' title='' data-avia-related-tooltip='Compartir por correo'><span class='avia_hidden_link_text'>Compartir por correo<\/span><\/a><\/li><\/ul><\/div><\/div>\n<div  style='height:50px' class='hr hr-invisible   avia-builder-el-8  el_after_av_social_share  el_before_av_comments_list '><span class='hr-inner ' ><span class='hr-inner-style'><\/span><\/span><\/div>\n<div  class='av-buildercomment  av-blog-meta-html-info-disabled av-blog-meta-tag-disabled  '><\/div>\n","protected":false},"excerpt":{"rendered":"","protected":false},"author":1,"featured_media":33514,"comment_status":"open","ping_status":"open","sticky":false,"template":"","format":"standard","meta":{"footnotes":""},"categories":[39],"tags":[],"class_list":["post-33513","post","type-post","status-publish","format-standard","has-post-thumbnail","hentry","category-medio-ambiente"],"jetpack_featured_media_url":"https:\/\/radiorevelacionfm.cl\/wp-content\/uploads\/2023\/08\/IMG-6825-1-1.jpg","_links":{"self":[{"href":"https:\/\/radiorevelacionfm.cl\/index.php?rest_route=\/wp\/v2\/posts\/33513","targetHints":{"allow":["GET"]}}],"collection":[{"href":"https:\/\/radiorevelacionfm.cl\/index.php?rest_route=\/wp\/v2\/posts"}],"about":[{"href":"https:\/\/radiorevelacionfm.cl\/index.php?rest_route=\/wp\/v2\/types\/post"}],"author":[{"embeddable":true,"href":"https:\/\/radiorevelacionfm.cl\/index.php?rest_route=\/wp\/v2\/users\/1"}],"replies":[{"embeddable":true,"href":"https:\/\/radiorevelacionfm.cl\/index.php?rest_route=%2Fwp%2Fv2%2Fcomments&post=33513"}],"version-history":[{"count":2,"href":"https:\/\/radiorevelacionfm.cl\/index.php?rest_route=\/wp\/v2\/posts\/33513\/revisions"}],"predecessor-version":[{"id":33520,"href":"https:\/\/radiorevelacionfm.cl\/index.php?rest_route=\/wp\/v2\/posts\/33513\/revisions\/33520"}],"wp:featuredmedia":[{"embeddable":true,"href":"https:\/\/radiorevelacionfm.cl\/index.php?rest_route=\/wp\/v2\/media\/33514"}],"wp:attachment":[{"href":"https:\/\/radiorevelacionfm.cl\/index.php?rest_route=%2Fwp%2Fv2%2Fmedia&parent=33513"}],"wp:term":[{"taxonomy":"category","embeddable":true,"href":"https:\/\/radiorevelacionfm.cl\/index.php?rest_route=%2Fwp%2Fv2%2Fcategories&post=33513"},{"taxonomy":"post_tag","embeddable":true,"href":"https:\/\/radiorevelacionfm.cl\/index.php?rest_route=%2Fwp%2Fv2%2Ftags&post=33513"}],"curies":[{"name":"wp","href":"https:\/\/api.w.org\/{rel}","templated":true}]}}