{"id":33510,"date":"2023-08-02T19:20:46","date_gmt":"2023-08-02T22:20:46","guid":{"rendered":"https:\/\/radiorevelacionfm.cl\/?p=33510"},"modified":"2023-08-02T19:20:46","modified_gmt":"2023-08-02T22:20:46","slug":"servicio-de-registro-civil-e-identificacion-cumplio-139-anos-al-servicio-de-la-gente","status":"publish","type":"post","link":"https:\/\/radiorevelacionfm.cl\/?p=33510","title":{"rendered":"Servicio de Registro Civil e Identificaci\u00f3n cumpli\u00f3 139 a\u00f1os al servicio de la gente"},"content":{"rendered":"<div class=\"flex_column av_one_full  flex_column_div av-zero-column-padding first  avia-builder-el-0  el_before_av_one_full  avia-builder-el-first  \" style='border-radius:0px; '><div  class='avia-image-container  av-styling-    avia-builder-el-1  avia-builder-el-no-sibling  avia-align-center '  itemprop=\"image\" itemscope=\"itemscope\" itemtype=\"https:\/\/schema.org\/ImageObject\"  ><div class='avia-image-container-inner'><div class='avia-image-overlay-wrap'><img decoding=\"async\" class='wp-image-33511 avia-img-lazy-loading-not-33511 avia_image' src=\"https:\/\/radiorevelacionfm.cl\/wp-content\/uploads\/2023\/08\/registro-2-1-1.jpg\" alt='' title='registro 2 (1) (1)' height=\"600\" width=\"800\"  itemprop=\"thumbnailUrl\" srcset=\"https:\/\/radiorevelacionfm.cl\/wp-content\/uploads\/2023\/08\/registro-2-1-1.jpg 800w, https:\/\/radiorevelacionfm.cl\/wp-content\/uploads\/2023\/08\/registro-2-1-1-300x225.jpg 300w, https:\/\/radiorevelacionfm.cl\/wp-content\/uploads\/2023\/08\/registro-2-1-1-768x576.jpg 768w, https:\/\/radiorevelacionfm.cl\/wp-content\/uploads\/2023\/08\/registro-2-1-1-705x529.jpg 705w, https:\/\/radiorevelacionfm.cl\/wp-content\/uploads\/2023\/08\/registro-2-1-1-450x338.jpg 450w, https:\/\/radiorevelacionfm.cl\/wp-content\/uploads\/2023\/08\/registro-2-1-1-600x450.jpg 600w\" sizes=\"(max-width: 800px) 100vw, 800px\" \/><\/div><\/div><\/div><\/div><div class=\"flex_column av_one_full  flex_column_div av-zero-column-padding first  avia-builder-el-2  el_after_av_one_full  el_before_av_one_full  column-top-margin\" style='border-radius:0px; '><section class=\"av_textblock_section \"  itemscope=\"itemscope\" itemtype=\"https:\/\/schema.org\/BlogPosting\" itemprop=\"blogPost\" ><div class='avia_textblock  '   itemprop=\"text\" ><p style=\"text-align: center;\"><strong><span style=\"font-size: 18pt;\">Servicio de Registro Civil e Identificaci\u00f3n cumpli\u00f3 139 a\u00f1os al servicio de la gente<\/span><\/strong><\/p>\n<div id=\"gtx-trans\" style=\"position: absolute; left: -50px; top: 4.31534px;\">\n<div class=\"gtx-trans-icon\"><\/div>\n<\/div>\n<\/div><\/section><\/div><div class=\"flex_column av_one_full  flex_column_div av-zero-column-padding first  avia-builder-el-4  el_after_av_one_full  el_before_av_hr  column-top-margin\" style='border-radius:0px; '><section class=\"av_textblock_section \"  itemscope=\"itemscope\" itemtype=\"https:\/\/schema.org\/BlogPosting\" itemprop=\"blogPost\" ><div class='avia_textblock  '   itemprop=\"text\" ><p style=\"text-align: justify;\">Recientemente el Servicio de Registro Civil e Identificaci\u00f3n celebr\u00f3 sus 139 a\u00f1os de vida, siendo una de las instituciones p\u00fablicas de mayor arraigo y tradici\u00f3n en nuestro pa\u00eds, servicio que a nivel regional cuenta con 19 oficinas y la direcci\u00f3n regional, las que a trav\u00e9s de sus 53 funcionarios brindan a diario atenci\u00f3n a los m\u00e1s de 100 mil habitantes de nuestra regi\u00f3n.<\/p>\n<p style=\"text-align: justify;\">Cabe mencionar que para resaltar este nuevo aniversario se realiz\u00f3 una sencilla ceremonia para homenajear a los funcionarios por a\u00f1os de servicio, instancia en que se destac\u00f3 por sus 20 a\u00f1os a los funcionarios Luis Torres y Germ\u00e1n Quiroz, mientras que, por 30 a\u00f1os a Juan Vera, Ver\u00f3nica Bastidas, Juan Carlos Soto y Cristina Silva, mientras que por 35 a\u00f1os fue reconocido el funcionario Juan Carlos P\u00e9rez.<\/p>\n<p style=\"text-align: justify;\">Con 30 a\u00f1os de servicio en el Registro Civil, el funcionario Juan Carlos Soto se refiri\u00f3 a sus inicios, indicando que \u201cingres\u00e9 al SRCEI el 3 de marzo 1993 como auxiliar ch\u00f3fer donde realic\u00e9 esas labores por cerca de 6 a\u00f1os, posteriormente se abri\u00f3 un concurso para administrativo donde tuve la posibilidad de pasar a este estamento, \u00e1rea en la que trabaj\u00e9 por mucho tiempo realizando labores en la unidad de terreno, ya sea concurriendo al Servicio M\u00e9dico Legal a toma de impresiones dactilares, entre otras, as\u00ed han sido muchas las labores realizadas en el correr del tiempo que me han llevado hoy d\u00eda a estar a cargo de la Unidad de Veh\u00edculos Motorizados. Pareciera que fue ayer que ingres\u00e9 a este querido servicio, estoy muy orgulloso de pertenecer a esta instituci\u00f3n, donde he conocido grandes personas como son mis compa\u00f1eros de trabajo que hoy ya se han ido a retiro, como los que a\u00fan est\u00e1n. Este reconocimiento a la trayectoria me hace seguir por la misma senda con la experiencia ya ganada, para enfrentar los nuevos desaf\u00edos que tendremos como servicio para dar respuestas y atender con mayor eficiencia y eficacia a nuestros usuarios\u201d.<\/p>\n<p style=\"text-align: justify;\">El Seremi de Justicia y DD.HH Samuel Navarro se refiri\u00f3 al aniversario de este importante servicio se\u00f1alando que \u201cagradecemos el trabajo y compromiso de cada uno de los trabajadores y trabajadoras del Servicio de Registro Civil e Identificaci\u00f3n quienes realizan una importante labor en beneficio de todos los habitantes de nuestra regi\u00f3n, as\u00ed tambi\u00e9n felicitar a quienes fueron reconocidos por sus a\u00f1os de servicio e incentivarlos a continuar con la dedicaci\u00f3n y entrega con que a diario se desempe\u00f1an por los habitantes de Ays\u00e9n\u201d.<\/p>\n<p style=\"text-align: justify;\">Por su parte, el Director Regional (S) Cristian Carrasco, destac\u00f3 los avances que ha tenido el servicio indicando que \u201cnos encontramos en pleno proceso de modernizaci\u00f3n del servicio, el que tiene como objetivo facilitar nuestro trabajo diario a trav\u00e9s de la simplificaci\u00f3n de los procesos operacionales lo que impactar\u00e1 beneficiosamente en la calidad de vida de todas las personas que integran nuestra instituci\u00f3n, ahora entre las medidas implementadas se encuentran potenciar la interoperabilidad entre instituciones tanto p\u00fablicas como privadas, fortalecimiento de nuestros canales de atenci\u00f3n no presenciales, robustecer nuestra oferta de servicios digitales, mejoramiento del sistema de agendamiento en l\u00ednea para tr\u00e1mites como c\u00e9dulas de identidad, pasaporte, matrimonio, acuerdo uni\u00f3n civil, rectificaciones, posesiones efectivas, as\u00ed como tambi\u00e9n acciones tendientes a mejorar los ambientes y espacios laborales, capacitaciones en materia de g\u00e9nero y la renovaci\u00f3n de 16 civilm\u00f3viles, entre otras\u201d.<\/p>\n<p style=\"text-align: justify;\">Finalmente, cabe mencionar que el Servicio de Registro Civil e Identificaci\u00f3n nace con la promulgaci\u00f3n de las leyes laicas hace 139 a\u00f1os, creado para llevar por duplicado el Registro de Nacimientos, de Matrimonios y el de Defunciones. Con el tiempo son m\u00faltiples las tareas encomendadas, estando a cargo de documentos trascendentales como la c\u00e9dula de identidad y el pasaporte.<\/p>\n<\/div><\/section><\/div><div  style='height:50px' class='hr hr-invisible   avia-builder-el-6  el_after_av_one_full  el_before_av_social_share '><span class='hr-inner ' ><span class='hr-inner-style'><\/span><\/span><\/div><\/p>\n<div  class='av-social-sharing-box  avia-builder-el-7  el_after_av_hr  el_before_av_hr  '><div class='av-share-box'><h5 class='av-share-link-description av-no-toc '>Compartir esta noticia<\/h5><ul class='av-share-box-list noLightbox'><li class='av-share-link av-social-link-facebook' ><a target=\"_blank\" aria-label=\"Compartir en Facebook\" href='https:\/\/www.facebook.com\/sharer.php?u=https:\/\/radiorevelacionfm.cl\/?p=33510&#038;t=Servicio%20de%20Registro%20Civil%20e%20Identificaci%C3%B3n%20cumpli%C3%B3%20139%20a%C3%B1os%20al%20servicio%20de%20la%20gente' aria-hidden='false' data-av_icon='\ue8f3' data-av_iconfont='entypo-fontello' title='' data-avia-related-tooltip='Compartir en Facebook' rel=\"noopener\"><span class='avia_hidden_link_text'>Compartir en Facebook<\/span><\/a><\/li><li class='av-share-link av-social-link-twitter' ><a target=\"_blank\" aria-label=\"Compartir en Twitter\" href='https:\/\/twitter.com\/share?text=Servicio%20de%20Registro%20Civil%20e%20Identificaci%C3%B3n%20cumpli%C3%B3%20139%20a%C3%B1os%20al%20servicio%20de%20la%20gente&#038;url=https:\/\/radiorevelacionfm.cl\/?p=33510' aria-hidden='false' data-av_icon='\ue8f1' data-av_iconfont='entypo-fontello' title='' data-avia-related-tooltip='Compartir en Twitter' rel=\"noopener\"><span class='avia_hidden_link_text'>Compartir en Twitter<\/span><\/a><\/li><li class='av-share-link av-social-link-whatsapp' ><a target=\"_blank\" aria-label=\"Compartir en Whatsapp\" href='https:\/\/api.whatsapp.com\/send?text=https:\/\/radiorevelacionfm.cl\/?p=33510' aria-hidden='false' data-av_icon='\uf232' data-av_iconfont='entypo-fontello' title='' data-avia-related-tooltip='Compartir en Whatsapp' rel=\"noopener\"><span class='avia_hidden_link_text'>Compartir en Whatsapp<\/span><\/a><\/li><li class='av-share-link av-social-link-linkedin' ><a target=\"_blank\" aria-label=\"Compartir en LinkedIn\" href='https:\/\/linkedin.com\/shareArticle?mini=true&#038;title=Servicio%20de%20Registro%20Civil%20e%20Identificaci%C3%B3n%20cumpli%C3%B3%20139%20a%C3%B1os%20al%20servicio%20de%20la%20gente&#038;url=https:\/\/radiorevelacionfm.cl\/?p=33510' aria-hidden='false' data-av_icon='\ue8fc' data-av_iconfont='entypo-fontello' title='' data-avia-related-tooltip='Compartir en LinkedIn' rel=\"noopener\"><span class='avia_hidden_link_text'>Compartir en LinkedIn<\/span><\/a><\/li><li class='av-share-link av-social-link-mail' ><a  aria-label=\"Compartir por correo\" href='mailto:?subject=Servicio%20de%20Registro%20Civil%20e%20Identificaci%C3%B3n%20cumpli%C3%B3%20139%20a%C3%B1os%20al%20servicio%20de%20la%20gente&#038;body=https:\/\/radiorevelacionfm.cl\/?p=33510' aria-hidden='false' data-av_icon='\ue805' data-av_iconfont='entypo-fontello' title='' data-avia-related-tooltip='Compartir por correo'><span class='avia_hidden_link_text'>Compartir por correo<\/span><\/a><\/li><\/ul><\/div><\/div>\n<div  style='height:50px' class='hr hr-invisible   avia-builder-el-8  el_after_av_social_share  el_before_av_comments_list '><span class='hr-inner ' ><span class='hr-inner-style'><\/span><\/span><\/div>\n<div  class='av-buildercomment  av-blog-meta-html-info-disabled av-blog-meta-tag-disabled  '><\/div>\n","protected":false},"excerpt":{"rendered":"","protected":false},"author":1,"featured_media":33511,"comment_status":"open","ping_status":"open","sticky":false,"template":"","format":"standard","meta":{"footnotes":""},"categories":[38],"tags":[],"class_list":["post-33510","post","type-post","status-publish","format-standard","has-post-thumbnail","hentry","category-regional"],"jetpack_featured_media_url":"https:\/\/radiorevelacionfm.cl\/wp-content\/uploads\/2023\/08\/registro-2-1-1.jpg","_links":{"self":[{"href":"https:\/\/radiorevelacionfm.cl\/index.php?rest_route=\/wp\/v2\/posts\/33510","targetHints":{"allow":["GET"]}}],"collection":[{"href":"https:\/\/radiorevelacionfm.cl\/index.php?rest_route=\/wp\/v2\/posts"}],"about":[{"href":"https:\/\/radiorevelacionfm.cl\/index.php?rest_route=\/wp\/v2\/types\/post"}],"author":[{"embeddable":true,"href":"https:\/\/radiorevelacionfm.cl\/index.php?rest_route=\/wp\/v2\/users\/1"}],"replies":[{"embeddable":true,"href":"https:\/\/radiorevelacionfm.cl\/index.php?rest_route=%2Fwp%2Fv2%2Fcomments&post=33510"}],"version-history":[{"count":1,"href":"https:\/\/radiorevelacionfm.cl\/index.php?rest_route=\/wp\/v2\/posts\/33510\/revisions"}],"predecessor-version":[{"id":33512,"href":"https:\/\/radiorevelacionfm.cl\/index.php?rest_route=\/wp\/v2\/posts\/33510\/revisions\/33512"}],"wp:featuredmedia":[{"embeddable":true,"href":"https:\/\/radiorevelacionfm.cl\/index.php?rest_route=\/wp\/v2\/media\/33511"}],"wp:attachment":[{"href":"https:\/\/radiorevelacionfm.cl\/index.php?rest_route=%2Fwp%2Fv2%2Fmedia&parent=33510"}],"wp:term":[{"taxonomy":"category","embeddable":true,"href":"https:\/\/radiorevelacionfm.cl\/index.php?rest_route=%2Fwp%2Fv2%2Fcategories&post=33510"},{"taxonomy":"post_tag","embeddable":true,"href":"https:\/\/radiorevelacionfm.cl\/index.php?rest_route=%2Fwp%2Fv2%2Ftags&post=33510"}],"curies":[{"name":"wp","href":"https:\/\/api.w.org\/{rel}","templated":true}]}}