{"id":33506,"date":"2023-08-03T13:30:36","date_gmt":"2023-08-03T16:30:36","guid":{"rendered":"https:\/\/radiorevelacionfm.cl\/?p=33506"},"modified":"2023-08-03T14:02:56","modified_gmt":"2023-08-03T17:02:56","slug":"dictaran-cursos-de-arbitraje-y-formacion-de-tecnicos-en-guaitecas","status":"publish","type":"post","link":"https:\/\/radiorevelacionfm.cl\/?p=33506","title":{"rendered":"En Guaitecas\u00a0dictar\u00e1n cursos de arbitraje y formaci\u00f3n de t\u00e9cnicos para el f\u00fatbol amateur"},"content":{"rendered":"<div class=\"flex_column av_one_full  flex_column_div av-zero-column-padding first  avia-builder-el-0  el_before_av_one_full  avia-builder-el-first  \" style='border-radius:0px; '><div  class='avia-image-container  av-styling-    avia-builder-el-1  avia-builder-el-no-sibling  avia-align-center '  itemprop=\"image\" itemscope=\"itemscope\" itemtype=\"https:\/\/schema.org\/ImageObject\"  ><div class='avia-image-container-inner'><div class='avia-image-overlay-wrap'><img decoding=\"async\" class='wp-image-33507 avia-img-lazy-loading-not-33507 avia_image' src=\"https:\/\/radiorevelacionfm.cl\/wp-content\/uploads\/2023\/08\/Arbitro-1-1.jpg\" alt='' title='Arbitro (1) (1)' height=\"600\" width=\"877\"  itemprop=\"thumbnailUrl\" srcset=\"https:\/\/radiorevelacionfm.cl\/wp-content\/uploads\/2023\/08\/Arbitro-1-1.jpg 877w, https:\/\/radiorevelacionfm.cl\/wp-content\/uploads\/2023\/08\/Arbitro-1-1-300x205.jpg 300w, https:\/\/radiorevelacionfm.cl\/wp-content\/uploads\/2023\/08\/Arbitro-1-1-768x525.jpg 768w, https:\/\/radiorevelacionfm.cl\/wp-content\/uploads\/2023\/08\/Arbitro-1-1-705x482.jpg 705w, https:\/\/radiorevelacionfm.cl\/wp-content\/uploads\/2023\/08\/Arbitro-1-1-450x308.jpg 450w, https:\/\/radiorevelacionfm.cl\/wp-content\/uploads\/2023\/08\/Arbitro-1-1-600x410.jpg 600w\" sizes=\"(max-width: 877px) 100vw, 877px\" \/><\/div><\/div><\/div><\/div>\n<div class=\"flex_column av_one_full  flex_column_div av-zero-column-padding first  avia-builder-el-2  el_after_av_one_full  el_before_av_one_full  column-top-margin\" style='border-radius:0px; '><section class=\"av_textblock_section \"  itemscope=\"itemscope\" itemtype=\"https:\/\/schema.org\/BlogPosting\" itemprop=\"blogPost\" ><div class='avia_textblock  '   itemprop=\"text\" ><p style=\"text-align: center;\"><strong><span style=\"font-size: 18pt;\">En Guaitecas\u00a0dictar\u00e1n cursos de arbitraje y formaci\u00f3n de t\u00e9cnicos para el f\u00fatbol amateur<\/span><\/strong><\/p>\n<div id=\"gtx-trans\" style=\"position: absolute; left: -50px; top: 4.31534px;\">\n<div class=\"gtx-trans-icon\"><\/div>\n<\/div>\n<\/div><\/section><\/div><div class=\"flex_column av_one_full  flex_column_div av-zero-column-padding first  avia-builder-el-4  el_after_av_one_full  el_before_av_hr  column-top-margin\" style='border-radius:0px; '><section class=\"av_textblock_section \"  itemscope=\"itemscope\" itemtype=\"https:\/\/schema.org\/BlogPosting\" itemprop=\"blogPost\" ><div class='avia_textblock  '   itemprop=\"text\" ><p style=\"text-align: justify;\">Con la colaboraci\u00f3n de la Municipalidad de Guaitecas, el Club Deportivo Municipal desarrollar\u00e1 en la comuna un proyecto de formaci\u00f3n asociado al arbitraje y a la formaci\u00f3n de t\u00e9cnicos para el f\u00fatbol amateur.<\/p>\n<p style=\"text-align: justify;\">Se trata de una iniciativa que la organizaci\u00f3n de trabajadoras y trabajadores de la Municipalidad de Guaitecas postul\u00f3 al fondo del 8% del FNDR 2023 del Gobierno Regional y se adjudicaron para colaborar en un aspecto que sent\u00edan deficitario en la comuna, que es contar con personas calificadas en el \u00e1mbito del arbitraje y en la formaci\u00f3n de ni\u00f1os y j\u00f3venes deportistas, como explic\u00f3 Juan Bravo, presidente del Club Deportivo Municipal de Guaitecas.<\/p>\n<p style=\"text-align: justify;\">\u201cEs una necesidad que tiene el deporte en la comuna, debido a que, por ejemplo, en el f\u00fatbol local, arbitran personas que son jugadores y queremos tener personas capacitadas que se dedique al arbitraje y con relaci\u00f3n a la capacitaci\u00f3n para monitores t\u00e9cnicos, es una excelente oportunidad, pues \u00a0haciendo dos m\u00f3dulos, el INAF los certifica y pueden ser directores t\u00e9cnicos se cualquier equipo amateur\u201d, dijo el dirigente deportivo, quien a\u00f1adi\u00f3 que el proyecto que se adjudicaron en el Gobierno Regional asciende a los 10 millones de pesos.<\/p>\n<p style=\"text-align: justify;\">Las capacitaciones estar\u00e1n a cargo del Instituto Nacional del F\u00fatbol, INAF, como se\u00f1al\u00f3 Mauro Andrade, encargado de la Unidad de Deportes de la Municipalidad de Guaitecas, quien valor\u00f3 este aporte de la organizaci\u00f3n de funcionarias y funcionarios del municipio, quienes quisieron colaborar en un \u00e1mbito en el que se est\u00e1 al debe en la comuna, como es la formaci\u00f3n de monitores o entrenadores, as\u00ed como de \u00e1rbitros de f\u00fatbol.<\/p>\n<p style=\"text-align: justify;\">Por ello, a\u00f1adi\u00f3 Andrade, el municipio dispuso de su infraestructura deportiva y otros espacios para el desarrollo de estas actividades formativas.<\/p>\n<p style=\"text-align: justify;\">\u201cEl INAF va a venir a realizar dos cursos en la comuna de Guaitecas abiertos a la comunidad. Un curso es de formaci\u00f3n deportiva para ni\u00f1os y j\u00f3venes y el otro es de formaci\u00f3n de \u00e1rbitros nivel uno, ambos de car\u00e1cter amateur. Estas capacitaciones se van a realizar bajo la modalidad online y presencial y para las actividades presenciales se van a utilizar los recintos deportivos que posee la comuna, como el estadio y el gimnasio y lo m\u00e1s probable es que se utilice tambi\u00e9n el centro cultural y la sala de concejo\u201d, indic\u00f3 el encargado de la Unidad de Deportes de la Municipalidad de Guaitecas.<\/p>\n<p style=\"text-align: justify;\">Por otro lado, Mauro Andrade destac\u00f3 que sea una entidad reconocida como el Instituto Nacional del F\u00fatbol que se traslade a la comuna a desarrollar estas capacitaciones.<\/p>\n<p style=\"text-align: justify;\">\u201cEl INAF es el Instituto Nacional del F\u00fatbol y es la entidad m\u00e1s grande a nivel nacional que tiene relaci\u00f3n con la preparaci\u00f3n, formaci\u00f3n y arbitraje y no es menor tener a una instituci\u00f3n de esta envergadura en la comuna, que vengan ac\u00e1 y est\u00e9n interesados en apoyarnos y la verdad es que estamos muy contentos y ansiosos porque esto comience\u201d, indic\u00f3.<\/p>\n<p style=\"text-align: justify;\">Los dos cursos que se ofrecer\u00e1n como parte de este proyecto tienen cupos para 30 personas y en cada uno de ellos debe haber a lo menos 10 mujeres.<\/p>\n<p style=\"text-align: justify;\">En torno a las inscripciones, seg\u00fan se inform\u00f3, van a estar abiertas durante esta semana, para iniciar las actividades formativas desde la segunda semana de agosto y terminar con las actividades presenciales a fines del mes que reci\u00e9n comienza.<\/p>\n<p>Curso inicia el 10 de agosto 2023, inscripciones y m\u00e1s informaci\u00f3n +56 9 65139094<\/p>\n<\/div><\/section><\/div><\/p>\n<div  style='height:50px' class='hr hr-invisible   avia-builder-el-6  el_after_av_one_full  el_before_av_social_share '><span class='hr-inner ' ><span class='hr-inner-style'><\/span><\/span><\/div>\n<div  class='av-social-sharing-box  avia-builder-el-7  el_after_av_hr  el_before_av_hr  '><div class='av-share-box'><h5 class='av-share-link-description av-no-toc '>Compartir esta noticia<\/h5><ul class='av-share-box-list noLightbox'><li class='av-share-link av-social-link-facebook' ><a target=\"_blank\" aria-label=\"Compartir en Facebook\" href='https:\/\/www.facebook.com\/sharer.php?u=https:\/\/radiorevelacionfm.cl\/?p=33506&#038;t=En%20Guaitecas%C2%A0dictar%C3%A1n%20cursos%20de%20arbitraje%20y%20formaci%C3%B3n%20de%20t%C3%A9cnicos%20para%20el%20f%C3%BAtbol%20amateur' aria-hidden='false' data-av_icon='\ue8f3' data-av_iconfont='entypo-fontello' title='' data-avia-related-tooltip='Compartir en Facebook' rel=\"noopener\"><span class='avia_hidden_link_text'>Compartir en Facebook<\/span><\/a><\/li><li class='av-share-link av-social-link-twitter' ><a target=\"_blank\" aria-label=\"Compartir en Twitter\" href='https:\/\/twitter.com\/share?text=En%20Guaitecas%C2%A0dictar%C3%A1n%20cursos%20de%20arbitraje%20y%20formaci%C3%B3n%20de%20t%C3%A9cnicos%20para%20el%20f%C3%BAtbol%20amateur&#038;url=https:\/\/radiorevelacionfm.cl\/?p=33506' aria-hidden='false' data-av_icon='\ue8f1' data-av_iconfont='entypo-fontello' title='' data-avia-related-tooltip='Compartir en Twitter' rel=\"noopener\"><span class='avia_hidden_link_text'>Compartir en Twitter<\/span><\/a><\/li><li class='av-share-link av-social-link-whatsapp' ><a target=\"_blank\" aria-label=\"Compartir en Whatsapp\" href='https:\/\/api.whatsapp.com\/send?text=https:\/\/radiorevelacionfm.cl\/?p=33506' aria-hidden='false' data-av_icon='\uf232' data-av_iconfont='entypo-fontello' title='' data-avia-related-tooltip='Compartir en Whatsapp' rel=\"noopener\"><span class='avia_hidden_link_text'>Compartir en Whatsapp<\/span><\/a><\/li><li class='av-share-link av-social-link-linkedin' ><a target=\"_blank\" aria-label=\"Compartir en LinkedIn\" href='https:\/\/linkedin.com\/shareArticle?mini=true&#038;title=En%20Guaitecas%C2%A0dictar%C3%A1n%20cursos%20de%20arbitraje%20y%20formaci%C3%B3n%20de%20t%C3%A9cnicos%20para%20el%20f%C3%BAtbol%20amateur&#038;url=https:\/\/radiorevelacionfm.cl\/?p=33506' aria-hidden='false' data-av_icon='\ue8fc' data-av_iconfont='entypo-fontello' title='' data-avia-related-tooltip='Compartir en LinkedIn' rel=\"noopener\"><span class='avia_hidden_link_text'>Compartir en LinkedIn<\/span><\/a><\/li><li class='av-share-link av-social-link-mail' ><a  aria-label=\"Compartir por correo\" href='mailto:?subject=En%20Guaitecas%C2%A0dictar%C3%A1n%20cursos%20de%20arbitraje%20y%20formaci%C3%B3n%20de%20t%C3%A9cnicos%20para%20el%20f%C3%BAtbol%20amateur&#038;body=https:\/\/radiorevelacionfm.cl\/?p=33506' aria-hidden='false' data-av_icon='\ue805' data-av_iconfont='entypo-fontello' title='' data-avia-related-tooltip='Compartir por correo'><span class='avia_hidden_link_text'>Compartir por correo<\/span><\/a><\/li><\/ul><\/div><\/div>\n<div  style='height:50px' class='hr hr-invisible   avia-builder-el-8  el_after_av_social_share  el_before_av_comments_list '><span class='hr-inner ' ><span class='hr-inner-style'><\/span><\/span><\/div>\n<div  class='av-buildercomment  av-blog-meta-html-info-disabled av-blog-meta-tag-disabled  '><\/div>\n","protected":false},"excerpt":{"rendered":"","protected":false},"author":1,"featured_media":33507,"comment_status":"open","ping_status":"open","sticky":false,"template":"","format":"standard","meta":{"footnotes":""},"categories":[38],"tags":[],"class_list":["post-33506","post","type-post","status-publish","format-standard","has-post-thumbnail","hentry","category-regional"],"jetpack_featured_media_url":"https:\/\/radiorevelacionfm.cl\/wp-content\/uploads\/2023\/08\/Arbitro-1-1.jpg","_links":{"self":[{"href":"https:\/\/radiorevelacionfm.cl\/index.php?rest_route=\/wp\/v2\/posts\/33506","targetHints":{"allow":["GET"]}}],"collection":[{"href":"https:\/\/radiorevelacionfm.cl\/index.php?rest_route=\/wp\/v2\/posts"}],"about":[{"href":"https:\/\/radiorevelacionfm.cl\/index.php?rest_route=\/wp\/v2\/types\/post"}],"author":[{"embeddable":true,"href":"https:\/\/radiorevelacionfm.cl\/index.php?rest_route=\/wp\/v2\/users\/1"}],"replies":[{"embeddable":true,"href":"https:\/\/radiorevelacionfm.cl\/index.php?rest_route=%2Fwp%2Fv2%2Fcomments&post=33506"}],"version-history":[{"count":4,"href":"https:\/\/radiorevelacionfm.cl\/index.php?rest_route=\/wp\/v2\/posts\/33506\/revisions"}],"predecessor-version":[{"id":33573,"href":"https:\/\/radiorevelacionfm.cl\/index.php?rest_route=\/wp\/v2\/posts\/33506\/revisions\/33573"}],"wp:featuredmedia":[{"embeddable":true,"href":"https:\/\/radiorevelacionfm.cl\/index.php?rest_route=\/wp\/v2\/media\/33507"}],"wp:attachment":[{"href":"https:\/\/radiorevelacionfm.cl\/index.php?rest_route=%2Fwp%2Fv2%2Fmedia&parent=33506"}],"wp:term":[{"taxonomy":"category","embeddable":true,"href":"https:\/\/radiorevelacionfm.cl\/index.php?rest_route=%2Fwp%2Fv2%2Fcategories&post=33506"},{"taxonomy":"post_tag","embeddable":true,"href":"https:\/\/radiorevelacionfm.cl\/index.php?rest_route=%2Fwp%2Fv2%2Ftags&post=33506"}],"curies":[{"name":"wp","href":"https:\/\/api.w.org\/{rel}","templated":true}]}}