{"id":33501,"date":"2023-08-01T22:36:47","date_gmt":"2023-08-02T01:36:47","guid":{"rendered":"https:\/\/radiorevelacionfm.cl\/?p=33501"},"modified":"2023-08-01T22:36:47","modified_gmt":"2023-08-02T01:36:47","slug":"claudio-montecinos-asumio-como-nuevo-director-regional-de-sernatur","status":"publish","type":"post","link":"https:\/\/radiorevelacionfm.cl\/?p=33501","title":{"rendered":"Claudio Montecinos asumi\u00f3 como nuevo director regional de Sernatur"},"content":{"rendered":"<div class=\"flex_column av_one_full  flex_column_div av-zero-column-padding first  avia-builder-el-0  el_before_av_one_full  avia-builder-el-first  \" style='border-radius:0px; '><div  class='avia-image-container  av-styling-    avia-builder-el-1  avia-builder-el-no-sibling  avia-align-center '  itemprop=\"image\" itemscope=\"itemscope\" itemtype=\"https:\/\/schema.org\/ImageObject\"  ><div class='avia-image-container-inner'><div class='avia-image-overlay-wrap'><img decoding=\"async\" class='wp-image-33502 avia-img-lazy-loading-not-33502 avia_image' src=\"https:\/\/radiorevelacionfm.cl\/wp-content\/uploads\/2023\/08\/Sernatur-2023-08-01.jpeg\" alt='' title='Sernatur 2023-08-01' height=\"600\" width=\"901\"  itemprop=\"thumbnailUrl\" srcset=\"https:\/\/radiorevelacionfm.cl\/wp-content\/uploads\/2023\/08\/Sernatur-2023-08-01.jpeg 901w, https:\/\/radiorevelacionfm.cl\/wp-content\/uploads\/2023\/08\/Sernatur-2023-08-01-300x200.jpeg 300w, https:\/\/radiorevelacionfm.cl\/wp-content\/uploads\/2023\/08\/Sernatur-2023-08-01-768x511.jpeg 768w, https:\/\/radiorevelacionfm.cl\/wp-content\/uploads\/2023\/08\/Sernatur-2023-08-01-705x469.jpeg 705w, https:\/\/radiorevelacionfm.cl\/wp-content\/uploads\/2023\/08\/Sernatur-2023-08-01-450x300.jpeg 450w, https:\/\/radiorevelacionfm.cl\/wp-content\/uploads\/2023\/08\/Sernatur-2023-08-01-600x400.jpeg 600w\" sizes=\"(max-width: 901px) 100vw, 901px\" \/><\/div><\/div><\/div><\/div>\n<div class=\"flex_column av_one_full  flex_column_div av-zero-column-padding first  avia-builder-el-2  el_after_av_one_full  el_before_av_one_full  column-top-margin\" style='border-radius:0px; '><section class=\"av_textblock_section \"  itemscope=\"itemscope\" itemtype=\"https:\/\/schema.org\/BlogPosting\" itemprop=\"blogPost\" ><div class='avia_textblock  '   itemprop=\"text\" ><p style=\"font-weight: 400; text-align: center;\"><span style=\"font-size: 18pt;\"><strong>Claudio Montecinos <\/strong><strong>asumi\u00f3 como nuevo director regional de Sernatur<\/strong><\/span><\/p>\n<div id=\"gtx-trans\" style=\"position: absolute; left: -50px; top: 4.31534px;\">\n<div class=\"gtx-trans-icon\"><\/div>\n<\/div>\n<\/div><\/section><\/div><div class=\"flex_column av_one_full  flex_column_div av-zero-column-padding first  avia-builder-el-4  el_after_av_one_full  el_before_av_hr  column-top-margin\" style='border-radius:0px; '><section class=\"av_textblock_section \"  itemscope=\"itemscope\" itemtype=\"https:\/\/schema.org\/BlogPosting\" itemprop=\"blogPost\" ><div class='avia_textblock  '   itemprop=\"text\" ><p style=\"font-weight: 400; text-align: justify;\">El Delegado Presidencial Regional, Rodrigo Araya, acompa\u00f1ado por el seremi de Econom\u00eda, Felipe Rojas, present\u00f3 este martes al nuevo director regional del Servicio Nacional de Turismo (Sernatur), ingeniero comercial con Magister en Econom\u00eda y Gesti\u00f3n Regional, Claudio Montecinos Angulo.<\/p>\n<p style=\"font-weight: 400; text-align: justify;\">El nombramiento se produce luego de que finalizara el proceso de selecci\u00f3n del sistema de Alta Direcci\u00f3n P\u00fablica, para este servicio del Ministerio de Econom\u00eda, encargado de promover y difundir el desarrollo del turismo en Chile.<\/p>\n<p style=\"font-weight: 400; text-align: justify;\">En este sentido, Rodrigo Araya expres\u00f3 que el rol del nuevo directivo es impulsar, a trav\u00e9s de pol\u00edticas y programas de gobierno, destinos y atractivos tur\u00edsticos, para contribuir al desarrollo econ\u00f3mico, social y cultural regional.<\/p>\n<p style=\"font-weight: 400; text-align: justify;\">\u201cEl turismo es un sector productivo tremendamente relevante en la Estrategia Regional de Desarrollo desde hace mucho tiempo y, por lo tanto, necesitamos una muy buena coordinaci\u00f3n entre las instituciones p\u00fablicas y el mundo privado que se relaciona con este sector productivo. (Claudio Montecinos) Es una persona que conoce muy bien la regi\u00f3n, y los actores relacionados con el mundo productivo lo conocen, por tanto, pueden dar fe de que tiene competencias suficientes para asumir este rol, por lo que vamos a trabajar en conjunto para avanzar y asumir todos los desaf\u00edos que tenemos por delante, que son muchos en nuestra regi\u00f3n\u201d, recalc\u00f3.<\/p>\n<p style=\"font-weight: 400; text-align: justify;\">Claudio Montecinos coincidi\u00f3 en que \u201cmi compromiso es conducir y liderar las distintas acciones que va a desarrollar el Gobierno junto con el Gobierno Regional, los municipios, con gremios y empresarios del sector turismo, comunidades y localidades, para potenciar y desarrollar una actividad econ\u00f3mica tan relevante como el turismo en nuestra regi\u00f3n. Mi convicci\u00f3n es que el desarrollo del turismo va a encadenar una serie de acciones en pos del desarrollo econ\u00f3mico y que va a entregar beneficios a nuestra comunidad, a nuestra gente. Por lo tanto, el compromiso es trabajar de manera muy coordinada y colaborativa con el Gobierno, el Gobierno Regional, los municipios y el sector privado para cumplir con estos grandes desaf\u00edos\u201d.<\/p>\n<p style=\"font-weight: 400; text-align: justify;\">El seremi Felipe Rojas a\u00f1adi\u00f3 que la agenda de trabajo inmediata est\u00e1 orientada a fortalecer la temporada tur\u00edstica 2023-2024.<\/p>\n<p style=\"font-weight: 400; text-align: justify;\">\u201cEn general, para los gremios y para el sector turismo, es un gran desaf\u00edo contar con un nuevo director de Sernatur a nivel regional en general. Claudio Montecinos es un excelente profesional, con experiencia en el sector p\u00fablico, en fomento productivo, por lo que ser\u00e1 un gran aporte para el sector\u201d, precis\u00f3.<\/p>\n<p style=\"font-weight: 400; text-align: justify;\">Territorio rico en naturaleza y aventura, Ays\u00e9n ofrece una amplia diversidad de servicios vinculados a sus caracter\u00edsticos paisajes y climas, especialmente valorados tras la pandemia. Es la regi\u00f3n m\u00e1s rica en aguas dulces de Chile y una de las m\u00e1s puras del planeta, siendo la tercera extensi\u00f3n m\u00e1s grande de hielos continentales del mundo, emplazados en Campo de Hielo Norte y Sur; adem\u00e1s, la mitad del territorio corresponde a \u00c1reas Silvestres Protegidas, como parte de los atractivos que se promueven en\u00a0<a href=\"http:\/\/www.aysenpatagonia.cl\/\" data-saferedirecturl=\"https:\/\/www.google.com\/url?q=http:\/\/www.aysenpatagonia.cl&amp;source=gmail&amp;ust=1691012786262000&amp;usg=AOvVaw1FSSiF0UobTJV0L5I6TgVX\">www.aysenpatagonia.cl<\/a>\u00a0y que se trabajar\u00e1 por promover a trav\u00e9s de la gesti\u00f3n de Sernatur.<\/p>\n<\/div><\/section><\/div><\/p>\n<div  style='height:50px' class='hr hr-invisible   avia-builder-el-6  el_after_av_one_full  el_before_av_social_share '><span class='hr-inner ' ><span class='hr-inner-style'><\/span><\/span><\/div>\n<div  class='av-social-sharing-box  avia-builder-el-7  el_after_av_hr  el_before_av_hr  '><div class='av-share-box'><h5 class='av-share-link-description av-no-toc '>Compartir esta noticia<\/h5><ul class='av-share-box-list noLightbox'><li class='av-share-link av-social-link-facebook' ><a target=\"_blank\" aria-label=\"Compartir en Facebook\" href='https:\/\/www.facebook.com\/sharer.php?u=https:\/\/radiorevelacionfm.cl\/?p=33501&#038;t=Claudio%20Montecinos%20asumi%C3%B3%20como%20nuevo%20director%20regional%20de%20Sernatur' aria-hidden='false' data-av_icon='\ue8f3' data-av_iconfont='entypo-fontello' title='' data-avia-related-tooltip='Compartir en Facebook' rel=\"noopener\"><span class='avia_hidden_link_text'>Compartir en Facebook<\/span><\/a><\/li><li class='av-share-link av-social-link-twitter' ><a target=\"_blank\" aria-label=\"Compartir en Twitter\" href='https:\/\/twitter.com\/share?text=Claudio%20Montecinos%20asumi%C3%B3%20como%20nuevo%20director%20regional%20de%20Sernatur&#038;url=https:\/\/radiorevelacionfm.cl\/?p=33501' aria-hidden='false' data-av_icon='\ue8f1' data-av_iconfont='entypo-fontello' title='' data-avia-related-tooltip='Compartir en Twitter' rel=\"noopener\"><span class='avia_hidden_link_text'>Compartir en Twitter<\/span><\/a><\/li><li class='av-share-link av-social-link-whatsapp' ><a target=\"_blank\" aria-label=\"Compartir en Whatsapp\" href='https:\/\/api.whatsapp.com\/send?text=https:\/\/radiorevelacionfm.cl\/?p=33501' aria-hidden='false' data-av_icon='\uf232' data-av_iconfont='entypo-fontello' title='' data-avia-related-tooltip='Compartir en Whatsapp' rel=\"noopener\"><span class='avia_hidden_link_text'>Compartir en Whatsapp<\/span><\/a><\/li><li class='av-share-link av-social-link-linkedin' ><a target=\"_blank\" aria-label=\"Compartir en LinkedIn\" href='https:\/\/linkedin.com\/shareArticle?mini=true&#038;title=Claudio%20Montecinos%20asumi%C3%B3%20como%20nuevo%20director%20regional%20de%20Sernatur&#038;url=https:\/\/radiorevelacionfm.cl\/?p=33501' aria-hidden='false' data-av_icon='\ue8fc' data-av_iconfont='entypo-fontello' title='' data-avia-related-tooltip='Compartir en LinkedIn' rel=\"noopener\"><span class='avia_hidden_link_text'>Compartir en LinkedIn<\/span><\/a><\/li><li class='av-share-link av-social-link-mail' ><a  aria-label=\"Compartir por correo\" href='mailto:?subject=Claudio%20Montecinos%20asumi%C3%B3%20como%20nuevo%20director%20regional%20de%20Sernatur&#038;body=https:\/\/radiorevelacionfm.cl\/?p=33501' aria-hidden='false' data-av_icon='\ue805' data-av_iconfont='entypo-fontello' title='' data-avia-related-tooltip='Compartir por correo'><span class='avia_hidden_link_text'>Compartir por correo<\/span><\/a><\/li><\/ul><\/div><\/div>\n<div  style='height:50px' class='hr hr-invisible   avia-builder-el-8  el_after_av_social_share  el_before_av_comments_list '><span class='hr-inner ' ><span class='hr-inner-style'><\/span><\/span><\/div>\n<div  class='av-buildercomment  av-blog-meta-html-info-disabled av-blog-meta-tag-disabled  '><\/div>\n","protected":false},"excerpt":{"rendered":"","protected":false},"author":1,"featured_media":33502,"comment_status":"open","ping_status":"open","sticky":false,"template":"","format":"standard","meta":{"footnotes":""},"categories":[54],"tags":[],"class_list":["post-33501","post","type-post","status-publish","format-standard","has-post-thumbnail","hentry","category-turismo"],"jetpack_featured_media_url":"https:\/\/radiorevelacionfm.cl\/wp-content\/uploads\/2023\/08\/Sernatur-2023-08-01.jpeg","_links":{"self":[{"href":"https:\/\/radiorevelacionfm.cl\/index.php?rest_route=\/wp\/v2\/posts\/33501","targetHints":{"allow":["GET"]}}],"collection":[{"href":"https:\/\/radiorevelacionfm.cl\/index.php?rest_route=\/wp\/v2\/posts"}],"about":[{"href":"https:\/\/radiorevelacionfm.cl\/index.php?rest_route=\/wp\/v2\/types\/post"}],"author":[{"embeddable":true,"href":"https:\/\/radiorevelacionfm.cl\/index.php?rest_route=\/wp\/v2\/users\/1"}],"replies":[{"embeddable":true,"href":"https:\/\/radiorevelacionfm.cl\/index.php?rest_route=%2Fwp%2Fv2%2Fcomments&post=33501"}],"version-history":[{"count":2,"href":"https:\/\/radiorevelacionfm.cl\/index.php?rest_route=\/wp\/v2\/posts\/33501\/revisions"}],"predecessor-version":[{"id":33509,"href":"https:\/\/radiorevelacionfm.cl\/index.php?rest_route=\/wp\/v2\/posts\/33501\/revisions\/33509"}],"wp:featuredmedia":[{"embeddable":true,"href":"https:\/\/radiorevelacionfm.cl\/index.php?rest_route=\/wp\/v2\/media\/33502"}],"wp:attachment":[{"href":"https:\/\/radiorevelacionfm.cl\/index.php?rest_route=%2Fwp%2Fv2%2Fmedia&parent=33501"}],"wp:term":[{"taxonomy":"category","embeddable":true,"href":"https:\/\/radiorevelacionfm.cl\/index.php?rest_route=%2Fwp%2Fv2%2Fcategories&post=33501"},{"taxonomy":"post_tag","embeddable":true,"href":"https:\/\/radiorevelacionfm.cl\/index.php?rest_route=%2Fwp%2Fv2%2Ftags&post=33501"}],"curies":[{"name":"wp","href":"https:\/\/api.w.org\/{rel}","templated":true}]}}