{"id":33498,"date":"2023-08-02T15:58:10","date_gmt":"2023-08-02T18:58:10","guid":{"rendered":"https:\/\/radiorevelacionfm.cl\/?p=33498"},"modified":"2023-08-02T15:58:10","modified_gmt":"2023-08-02T18:58:10","slug":"encuentro-regional-de-consejos-escolares-resalto-su-rol-como-espacio-de-participacion-para-la-reactivacion-educativa","status":"publish","type":"post","link":"https:\/\/radiorevelacionfm.cl\/?p=33498","title":{"rendered":"Encuentro regional de Consejos Escolares resalt\u00f3 su rol como espacio de participaci\u00f3n para la Reactivaci\u00f3n Educativa"},"content":{"rendered":"<div class=\"flex_column av_one_full  flex_column_div av-zero-column-padding first  avia-builder-el-0  el_before_av_one_full  avia-builder-el-first  \" style='border-radius:0px; '><div  class='avia-image-container  av-styling-    avia-builder-el-1  avia-builder-el-no-sibling  avia-align-center '  itemprop=\"image\" itemscope=\"itemscope\" itemtype=\"https:\/\/schema.org\/ImageObject\"  ><div class='avia-image-container-inner'><div class='avia-image-overlay-wrap'><img decoding=\"async\" class='wp-image-33499 avia-img-lazy-loading-not-33499 avia_image' src=\"https:\/\/radiorevelacionfm.cl\/wp-content\/uploads\/2023\/08\/consejo-escolar-03-1-1_optimized.jpg\" alt='' title='consejo-escolar-03-(1)-(1)_optimized' height=\"600\" width=\"800\"  itemprop=\"thumbnailUrl\" srcset=\"https:\/\/radiorevelacionfm.cl\/wp-content\/uploads\/2023\/08\/consejo-escolar-03-1-1_optimized.jpg 800w, https:\/\/radiorevelacionfm.cl\/wp-content\/uploads\/2023\/08\/consejo-escolar-03-1-1_optimized-300x225.jpg 300w, https:\/\/radiorevelacionfm.cl\/wp-content\/uploads\/2023\/08\/consejo-escolar-03-1-1_optimized-768x576.jpg 768w, https:\/\/radiorevelacionfm.cl\/wp-content\/uploads\/2023\/08\/consejo-escolar-03-1-1_optimized-705x529.jpg 705w, https:\/\/radiorevelacionfm.cl\/wp-content\/uploads\/2023\/08\/consejo-escolar-03-1-1_optimized-450x338.jpg 450w, https:\/\/radiorevelacionfm.cl\/wp-content\/uploads\/2023\/08\/consejo-escolar-03-1-1_optimized-600x450.jpg 600w\" sizes=\"(max-width: 800px) 100vw, 800px\" \/><\/div><\/div><\/div><\/div><div class=\"flex_column av_one_full  flex_column_div av-zero-column-padding first  avia-builder-el-2  el_after_av_one_full  el_before_av_one_full  column-top-margin\" style='border-radius:0px; '><section class=\"av_textblock_section \"  itemscope=\"itemscope\" itemtype=\"https:\/\/schema.org\/BlogPosting\" itemprop=\"blogPost\" ><div class='avia_textblock  '   itemprop=\"text\" ><p style=\"text-align: center;\"><strong><span style=\"font-size: 18pt;\">Encuentro regional de Consejos Escolares resalt\u00f3 su rol como espacio de participaci\u00f3n para la Reactivaci\u00f3n Educativa<\/span><\/strong><\/p>\n<div id=\"gtx-trans\" style=\"position: absolute; left: -50px; top: 4.31534px;\">\n<div class=\"gtx-trans-icon\"><\/div>\n<\/div>\n<\/div><\/section><\/div><div class=\"flex_column av_one_full  flex_column_div av-zero-column-padding first  avia-builder-el-4  el_after_av_one_full  el_before_av_hr  column-top-margin\" style='border-radius:0px; '><section class=\"av_textblock_section \"  itemscope=\"itemscope\" itemtype=\"https:\/\/schema.org\/BlogPosting\" itemprop=\"blogPost\" ><div class='avia_textblock  '   itemprop=\"text\" ><p class=\"v1MsoNormal\" style=\"text-align: justify;\">Con la presencia de 70 personas, representantes de los distintos estamentos de la comunidad educativa de colegios y jardines infantiles de Coyhaique, Ays\u00e9n y R\u00edo Ib\u00e1\u00f1ez se desarroll\u00f3 este martes 1 de Agosto una Jornada Regional de Consejos Escolares con el objetivo de potenciar la participaci\u00f3n de las comunidades escolares en el desarrollo del Plan de Reactivaci\u00f3n Educativa.<\/p>\n<p class=\"v1MsoNormal\" style=\"text-align: justify;\">El encuentro fue inaugurado por la Seremi Isabel Garrido Casassa y el Jefe del Departamento Provincial de Educaci\u00f3n Coyhaique Yoal D\u00edaz Reyes y estuvieron presentes el Director Ejecutivo del SLEP Ays\u00e9n Sebasti\u00e1n Gonz\u00e1lez y la Directora Regional de la Superintendencia de Educaci\u00f3n Escolar Pamela Adriazola.<\/p>\n<p class=\"v1MsoNormal\" style=\"text-align: justify;\">Fue relatora de la jornada la Encargada Nacional de la Unidad de Participaci\u00f3n y Formaci\u00f3n Ciudadana de la Divisi\u00f3n General de Educaci\u00f3n (DEG) del Ministerio de Educaci\u00f3n Natalia S\u00e1nchez, quien expuso y desarroll\u00f3 en modalidad de taller las orientaciones metodol\u00f3gicas, documentos normativos y recursos t\u00e9cnicos y materiales disponibles necesarios para fortalecer el rol fundamental que tienen en el marco de la Reactivaci\u00f3n Educativa integral los Consejos Escolares.<\/p>\n<p class=\"v1MsoNormal\" style=\"text-align: justify;\">La Seremi Isabel Garrido destac\u00f3 la importancia de esta jornada y el rol de los consejos escolares en el marco de la reactivaci\u00f3n educativa que impulsa el Ministerio de Educaci\u00f3n y el gobierno del Presidente Gabriel Boric.<\/p>\n<p class=\"v1MsoNormal\" style=\"text-align: justify;\">\u201cEstamos hoy con integrantes de Consejos Escolares de colegios de distintas comunas capacit\u00e1ndolos en la normativa que regula a estas instituciones representativas de los distintos estamentos de la comunidad educativa. En el actual escenario de reactivaci\u00f3n de aprendizajes el rol del Consejo Escolar, as\u00ed como el de los Consejos Parvularios, se vuelve fundamental. El consejo escolar es el espacio de participaci\u00f3n democr\u00e1tica que es central en el proceso de reactivaci\u00f3n educativa donde todas las voces son esenciales. La participaci\u00f3n democr\u00e1tica es formativa, tiene un valor esencial en s\u00ed misma; nos ense\u00f1a habilidades para convivir en comunidad y permite tomar mejores decisiones porque cuando consultamos a los dem\u00e1s las decisiones son m\u00e1s atingentes a las distintas realidades y nos permiten impulsar una mejora y una reactivaci\u00f3n educativa efectivas\u201d.<\/p>\n<p class=\"v1MsoNormal\" style=\"text-align: justify;\">Por su parte, la relatora Natalia S\u00e1nchez indic\u00f3 que \u201cHoy estamos reflexionando con los consejos escolares de la Regi\u00f3n de Ays\u00e9n sobre el rol y el potencial de acciones que tienen. El actual marco legal le permite a los consejos escolares potenciar su rol como un espacio de escucha para la toma de decisiones consultando a todos.\u00a0 En el marco de la Reactivaci\u00f3n Educativa el Consejo Escolar puede incidir en temas contingentes como la convivencia escolar y\u00a0 la democratizaci\u00f3n\u201d.<\/p>\n<p class=\"v1MsoNormal\" style=\"text-align: justify;\">En su exposici\u00f3n la profesional del Mineduc enfatiz\u00f3 que la incorporaci\u00f3n en la toma de decisiones de quienes integran la comunidad educativa les permite expresar sus intereses, deseos y preocupaciones, haci\u00e9ndoles partes del dise\u00f1o, implementaci\u00f3n y evaluaci\u00f3n de dichas acciones que atienden expectativas o problemas colectivos.<\/p>\n<p class=\"v1MsoNormal\" style=\"text-align: justify;\">\u201cLa participaci\u00f3n incidente impacta en la apropiaci\u00f3n y legitimidad de esas acciones en los \u00e1mbitos, formativos, de bienestar y convivencia y en el resguardo de las trayectorias educativas, es decir, en el quehacer cotidiano de toda instituci\u00f3n educativa y sus instrumentos de gesti\u00f3n\u201d.<\/p>\n<p class=\"v1MsoNormal\" style=\"text-align: justify;\"><b>Positiva evaluaci\u00f3n de participantes<\/b><\/p>\n<p class=\"v1MsoNormal\" style=\"text-align: justify;\">Marcelo L\u00f3pez, Presidente del Centro de Padres y Apoderados del Liceo San Felipe Benicio de Coyhaique afirm\u00f3 que \u201cAgradecemos la invitaci\u00f3n de la seremi de Educaci\u00f3n a participar de este espacio que esperamos se repita. Queremos como padres ser consultados sobre los temas del colegio donde estudian nuestros hijos\/as y entregar nuestra opini\u00f3n, con mayor raz\u00f3n hoy en d\u00eda que vivimos muchas situaciones complejas\u201d.<\/p>\n<p class=\"v1MsoNormal\" style=\"text-align: justify;\">Tom\u00e1s Godoy Presidente del Centro General de Alumnos del Colegio Alborada de Coyhaique manifest\u00f3 que \u201cParticipar de esta jornada hoy significa mucho porque vemos que se abren instancias de conversaci\u00f3n donde se incluyen a todos los representantes del colegio y permite establecer una conversaci\u00f3n directa de frente entre estudiantes, profesores, padres y apoderados y directivos. Me siento contento estar ac\u00e1 acompa\u00f1ado de mi profesora y del representante de los padres de mi colegio porque queremos mostrar que somos una comunidad escolar unida. Por mi parte estoy feliz de mostrar mi visi\u00f3n y compartir la experiencia de lo que vivido en mi colegio as\u00ed que lo considero una tremenda instancia\u201d.<\/p>\n<\/div><\/section><\/div><div  style='height:50px' class='hr hr-invisible   avia-builder-el-6  el_after_av_one_full  el_before_av_social_share '><span class='hr-inner ' ><span class='hr-inner-style'><\/span><\/span><\/div><\/p>\n<div  class='av-social-sharing-box  avia-builder-el-7  el_after_av_hr  el_before_av_hr  '><div class='av-share-box'><h5 class='av-share-link-description av-no-toc '>Compartir esta noticia<\/h5><ul class='av-share-box-list noLightbox'><li class='av-share-link av-social-link-facebook' ><a target=\"_blank\" aria-label=\"Compartir en Facebook\" href='https:\/\/www.facebook.com\/sharer.php?u=https:\/\/radiorevelacionfm.cl\/?p=33498&#038;t=Encuentro%20regional%20de%20Consejos%20Escolares%20resalt%C3%B3%20su%20rol%20como%20espacio%20de%20participaci%C3%B3n%20para%20la%20Reactivaci%C3%B3n%20Educativa' aria-hidden='false' data-av_icon='\ue8f3' data-av_iconfont='entypo-fontello' title='' data-avia-related-tooltip='Compartir en Facebook' rel=\"noopener\"><span class='avia_hidden_link_text'>Compartir en Facebook<\/span><\/a><\/li><li class='av-share-link av-social-link-twitter' ><a target=\"_blank\" aria-label=\"Compartir en Twitter\" href='https:\/\/twitter.com\/share?text=Encuentro%20regional%20de%20Consejos%20Escolares%20resalt%C3%B3%20su%20rol%20como%20espacio%20de%20participaci%C3%B3n%20para%20la%20Reactivaci%C3%B3n%20Educativa&#038;url=https:\/\/radiorevelacionfm.cl\/?p=33498' aria-hidden='false' data-av_icon='\ue8f1' data-av_iconfont='entypo-fontello' title='' data-avia-related-tooltip='Compartir en Twitter' rel=\"noopener\"><span class='avia_hidden_link_text'>Compartir en Twitter<\/span><\/a><\/li><li class='av-share-link av-social-link-whatsapp' ><a target=\"_blank\" aria-label=\"Compartir en Whatsapp\" href='https:\/\/api.whatsapp.com\/send?text=https:\/\/radiorevelacionfm.cl\/?p=33498' aria-hidden='false' data-av_icon='\uf232' data-av_iconfont='entypo-fontello' title='' data-avia-related-tooltip='Compartir en Whatsapp' rel=\"noopener\"><span class='avia_hidden_link_text'>Compartir en Whatsapp<\/span><\/a><\/li><li class='av-share-link av-social-link-linkedin' ><a target=\"_blank\" aria-label=\"Compartir en LinkedIn\" href='https:\/\/linkedin.com\/shareArticle?mini=true&#038;title=Encuentro%20regional%20de%20Consejos%20Escolares%20resalt%C3%B3%20su%20rol%20como%20espacio%20de%20participaci%C3%B3n%20para%20la%20Reactivaci%C3%B3n%20Educativa&#038;url=https:\/\/radiorevelacionfm.cl\/?p=33498' aria-hidden='false' data-av_icon='\ue8fc' data-av_iconfont='entypo-fontello' title='' data-avia-related-tooltip='Compartir en LinkedIn' rel=\"noopener\"><span class='avia_hidden_link_text'>Compartir en LinkedIn<\/span><\/a><\/li><li class='av-share-link av-social-link-mail' ><a  aria-label=\"Compartir por correo\" href='mailto:?subject=Encuentro%20regional%20de%20Consejos%20Escolares%20resalt%C3%B3%20su%20rol%20como%20espacio%20de%20participaci%C3%B3n%20para%20la%20Reactivaci%C3%B3n%20Educativa&#038;body=https:\/\/radiorevelacionfm.cl\/?p=33498' aria-hidden='false' data-av_icon='\ue805' data-av_iconfont='entypo-fontello' title='' data-avia-related-tooltip='Compartir por correo'><span class='avia_hidden_link_text'>Compartir por correo<\/span><\/a><\/li><\/ul><\/div><\/div>\n<div  style='height:50px' class='hr hr-invisible   avia-builder-el-8  el_after_av_social_share  el_before_av_comments_list '><span class='hr-inner ' ><span class='hr-inner-style'><\/span><\/span><\/div>\n<div  class='av-buildercomment  av-blog-meta-html-info-disabled av-blog-meta-tag-disabled  '><\/div>\n","protected":false},"excerpt":{"rendered":"","protected":false},"author":1,"featured_media":33499,"comment_status":"open","ping_status":"open","sticky":false,"template":"","format":"standard","meta":{"footnotes":""},"categories":[49],"tags":[],"class_list":["post-33498","post","type-post","status-publish","format-standard","has-post-thumbnail","hentry","category-educacion"],"jetpack_featured_media_url":"https:\/\/radiorevelacionfm.cl\/wp-content\/uploads\/2023\/08\/consejo-escolar-03-1-1_optimized.jpg","_links":{"self":[{"href":"https:\/\/radiorevelacionfm.cl\/index.php?rest_route=\/wp\/v2\/posts\/33498","targetHints":{"allow":["GET"]}}],"collection":[{"href":"https:\/\/radiorevelacionfm.cl\/index.php?rest_route=\/wp\/v2\/posts"}],"about":[{"href":"https:\/\/radiorevelacionfm.cl\/index.php?rest_route=\/wp\/v2\/types\/post"}],"author":[{"embeddable":true,"href":"https:\/\/radiorevelacionfm.cl\/index.php?rest_route=\/wp\/v2\/users\/1"}],"replies":[{"embeddable":true,"href":"https:\/\/radiorevelacionfm.cl\/index.php?rest_route=%2Fwp%2Fv2%2Fcomments&post=33498"}],"version-history":[{"count":1,"href":"https:\/\/radiorevelacionfm.cl\/index.php?rest_route=\/wp\/v2\/posts\/33498\/revisions"}],"predecessor-version":[{"id":33500,"href":"https:\/\/radiorevelacionfm.cl\/index.php?rest_route=\/wp\/v2\/posts\/33498\/revisions\/33500"}],"wp:featuredmedia":[{"embeddable":true,"href":"https:\/\/radiorevelacionfm.cl\/index.php?rest_route=\/wp\/v2\/media\/33499"}],"wp:attachment":[{"href":"https:\/\/radiorevelacionfm.cl\/index.php?rest_route=%2Fwp%2Fv2%2Fmedia&parent=33498"}],"wp:term":[{"taxonomy":"category","embeddable":true,"href":"https:\/\/radiorevelacionfm.cl\/index.php?rest_route=%2Fwp%2Fv2%2Fcategories&post=33498"},{"taxonomy":"post_tag","embeddable":true,"href":"https:\/\/radiorevelacionfm.cl\/index.php?rest_route=%2Fwp%2Fv2%2Ftags&post=33498"}],"curies":[{"name":"wp","href":"https:\/\/api.w.org\/{rel}","templated":true}]}}