{"id":33495,"date":"2023-08-02T11:27:42","date_gmt":"2023-08-02T14:27:42","guid":{"rendered":"https:\/\/radiorevelacionfm.cl\/?p=33495"},"modified":"2023-08-02T11:27:42","modified_gmt":"2023-08-02T14:27:42","slug":"junta-de-vecinos-de-chile-chico-logra-mejorar-su-sede-gracias-al-fondo-social-presidente-de-la-republica","status":"publish","type":"post","link":"https:\/\/radiorevelacionfm.cl\/?p=33495","title":{"rendered":"Junta de vecinos de Chile Chico logra mejorar su sede gracias al Fondo Social Presidente de la Rep\u00fablica"},"content":{"rendered":"<div class=\"flex_column av_one_full  flex_column_div av-zero-column-padding first  avia-builder-el-0  el_before_av_one_full  avia-builder-el-first  \" style='border-radius:0px; '><div  class='avia-image-container  av-styling-    avia-builder-el-1  avia-builder-el-no-sibling  avia-align-center '  itemprop=\"image\" itemscope=\"itemscope\" itemtype=\"https:\/\/schema.org\/ImageObject\"  ><div class='avia-image-container-inner'><div class='avia-image-overlay-wrap'><img decoding=\"async\" class='wp-image-33496 avia-img-lazy-loading-not-33496 avia_image' src=\"https:\/\/radiorevelacionfm.cl\/wp-content\/uploads\/2023\/08\/pxl_20230728_212816303-1_optimized-1.jpg\" alt='' title='pxl_20230728_212816303-(1)_optimized (1)' height=\"600\" width=\"1067\"  itemprop=\"thumbnailUrl\" srcset=\"https:\/\/radiorevelacionfm.cl\/wp-content\/uploads\/2023\/08\/pxl_20230728_212816303-1_optimized-1.jpg 1067w, https:\/\/radiorevelacionfm.cl\/wp-content\/uploads\/2023\/08\/pxl_20230728_212816303-1_optimized-1-300x169.jpg 300w, https:\/\/radiorevelacionfm.cl\/wp-content\/uploads\/2023\/08\/pxl_20230728_212816303-1_optimized-1-1030x579.jpg 1030w, https:\/\/radiorevelacionfm.cl\/wp-content\/uploads\/2023\/08\/pxl_20230728_212816303-1_optimized-1-768x432.jpg 768w, https:\/\/radiorevelacionfm.cl\/wp-content\/uploads\/2023\/08\/pxl_20230728_212816303-1_optimized-1-705x396.jpg 705w, https:\/\/radiorevelacionfm.cl\/wp-content\/uploads\/2023\/08\/pxl_20230728_212816303-1_optimized-1-450x253.jpg 450w, https:\/\/radiorevelacionfm.cl\/wp-content\/uploads\/2023\/08\/pxl_20230728_212816303-1_optimized-1-600x337.jpg 600w\" sizes=\"(max-width: 1067px) 100vw, 1067px\" \/><\/div><\/div><\/div><\/div><div class=\"flex_column av_one_full  flex_column_div av-zero-column-padding first  avia-builder-el-2  el_after_av_one_full  el_before_av_one_full  column-top-margin\" style='border-radius:0px; '><section class=\"av_textblock_section \"  itemscope=\"itemscope\" itemtype=\"https:\/\/schema.org\/BlogPosting\" itemprop=\"blogPost\" ><div class='avia_textblock  '   itemprop=\"text\" ><p style=\"text-align: center;\"><span style=\"font-size: 18pt;\"><strong>Junta de vecinos de Chile Chico logra mejorar su sede gracias al Fondo Social Presidente de la Rep\u00fablica<\/strong><\/span><\/p>\n<div id=\"gtx-trans\" style=\"position: absolute; left: -50px; top: 4.31534px;\">\n<div class=\"gtx-trans-icon\"><\/div>\n<\/div>\n<\/div><\/section><\/div><div class=\"flex_column av_one_full  flex_column_div av-zero-column-padding first  avia-builder-el-4  el_after_av_one_full  el_before_av_hr  column-top-margin\" style='border-radius:0px; '><section class=\"av_textblock_section \"  itemscope=\"itemscope\" itemtype=\"https:\/\/schema.org\/BlogPosting\" itemprop=\"blogPost\" ><div class='avia_textblock  '   itemprop=\"text\" ><p style=\"text-align: justify;\">Subiendo por la calle Hern\u00e1n Trizano de Chile Chico, un sector antiguo de la ciudad, se encuentra la sede de la Junta de Vecinos n\u00b03. Hasta hace pocos meses su sitio estaba atestado de ramas y basura que personas desconocidas iban a botar al lugar o llevadas por perros. Ahora la situaci\u00f3n es diametralmente opuesta gracias al otorgamiento y ejecuci\u00f3n del Fondo Social Presidente de la Rep\u00fablica que permiti\u00f3 realizar un cierre perimetral de alto est\u00e1ndar, impidiendo que se haga un mal uso del lugar.<\/p>\n<p style=\"text-align: justify;\">Este proyecto se postul\u00f3 por parte de la Delegaci\u00f3n Presidencial Provincial de General Carrera, en la l\u00ednea de financiamiento nacional del Fondo Social Presidente de la Rep\u00fablica, es decir, compiti\u00f3 con cientos de otras iniciativas a lo largo de Chile y fue elegida por su impacto positivo en la comunidad.<\/p>\n<p style=\"text-align: justify;\">Desde la organizaci\u00f3n social se sorprenden y comentan que el sitio se ve m\u00e1s grande, con lo que ya van surgiendo ideas de c\u00f3mo aprovecharlo y ponerlo en valor para la comunidad, por ejemplo, generando un sector deportivo para la comunidad. A su vez, destacan el interior de la sede que tiene una mejor iluminaci\u00f3n, junto a un circuito el\u00e9ctrico m\u00e1s moderno.<\/p>\n<p style=\"text-align: justify;\">Una de las dirigentas\u00a0 de la Junta de Vecinos n\u00b03 es Mirta Donoso, secretaria y l\u00edder de la agrupaci\u00f3n, que el d\u00eda de la recepci\u00f3n de obras comentaba que \u201chay un tremendo cambio, sobre todo la luminaria de adentro de la sede, m\u00e1s el cierre perimetral que se realiz\u00f3, que lamentablemente (el anterior) estaba todo malo. Ya era pr\u00e1cticamente un basural. Lo que nosotros ten\u00edamos aqu\u00ed en este sitio\u201d a lo que agreg\u00f3 \u201cnosotros tuvimos la oportunidad de postular y postulamos, gracias a Dios sali\u00f3 todo beneficio para para nosotros mismos como junta de vecinos y para los vecinos del sector, que es lo principal\u201d.<\/p>\n<p style=\"text-align: justify;\">Por su parte el DPP de General Carrera, Crist\u00f3bal Barcel\u00f3 sostuvo que estaba satisfecho con la entrega del fondo de $14.997.512 y el resultado obtenido, relevando de esta instancia que \u201cfinalmente viene a cambiar y a impactar de manera positiva en toda la comunidad. Este tipo de instancias e iniciativa son las que finalmente traen mejores resultados, mejor calidad de vida para todas las personas ac\u00e1 en nuestra comunidad\u201d a lo que agreg\u00f3 \u201cEsperamos tambi\u00e9n nosotros seguir trabajando con el Fondo Social Presidente de la Rep\u00fablica para apoyar a las comunidades, para seguir fortaleciendo los roles sociales de los dirigentes, de las organizaciones, que finalmente es el foco principal que nosotros tenemos en la b\u00fasqueda de los derechos sociales, de acuerdo al mandato de nuestro Presidente Gabriel Boric\u201d, cerr\u00f3 la m\u00e1xima autoridad provincial.<\/p>\n<p style=\"text-align: justify;\">De esta manera finaliza un proceso que inici\u00f3 en 2022 con la postulaci\u00f3n y adjudicaci\u00f3n del Fondo Social Presidente de la Rep\u00fablica, que busca justamente fortalecer las organizaciones sociales sin fines de lucro.<\/p>\n<\/div><\/section><\/div><div  style='height:50px' class='hr hr-invisible   avia-builder-el-6  el_after_av_one_full  el_before_av_social_share '><span class='hr-inner ' ><span class='hr-inner-style'><\/span><\/span><\/div><\/p>\n<div  class='av-social-sharing-box  avia-builder-el-7  el_after_av_hr  el_before_av_hr  '><div class='av-share-box'><h5 class='av-share-link-description av-no-toc '>Compartir esta noticia<\/h5><ul class='av-share-box-list noLightbox'><li class='av-share-link av-social-link-facebook' ><a target=\"_blank\" aria-label=\"Compartir en Facebook\" href='https:\/\/www.facebook.com\/sharer.php?u=https:\/\/radiorevelacionfm.cl\/?p=33495&#038;t=Junta%20de%20vecinos%20de%20Chile%20Chico%20logra%20mejorar%20su%20sede%20gracias%20al%20Fondo%20Social%20Presidente%20de%20la%20Rep%C3%BAblica' aria-hidden='false' data-av_icon='\ue8f3' data-av_iconfont='entypo-fontello' title='' data-avia-related-tooltip='Compartir en Facebook' rel=\"noopener\"><span class='avia_hidden_link_text'>Compartir en Facebook<\/span><\/a><\/li><li class='av-share-link av-social-link-twitter' ><a target=\"_blank\" aria-label=\"Compartir en Twitter\" href='https:\/\/twitter.com\/share?text=Junta%20de%20vecinos%20de%20Chile%20Chico%20logra%20mejorar%20su%20sede%20gracias%20al%20Fondo%20Social%20Presidente%20de%20la%20Rep%C3%BAblica&#038;url=https:\/\/radiorevelacionfm.cl\/?p=33495' aria-hidden='false' data-av_icon='\ue8f1' data-av_iconfont='entypo-fontello' title='' data-avia-related-tooltip='Compartir en Twitter' rel=\"noopener\"><span class='avia_hidden_link_text'>Compartir en Twitter<\/span><\/a><\/li><li class='av-share-link av-social-link-whatsapp' ><a target=\"_blank\" aria-label=\"Compartir en Whatsapp\" href='https:\/\/api.whatsapp.com\/send?text=https:\/\/radiorevelacionfm.cl\/?p=33495' aria-hidden='false' data-av_icon='\uf232' data-av_iconfont='entypo-fontello' title='' data-avia-related-tooltip='Compartir en Whatsapp' rel=\"noopener\"><span class='avia_hidden_link_text'>Compartir en Whatsapp<\/span><\/a><\/li><li class='av-share-link av-social-link-linkedin' ><a target=\"_blank\" aria-label=\"Compartir en LinkedIn\" href='https:\/\/linkedin.com\/shareArticle?mini=true&#038;title=Junta%20de%20vecinos%20de%20Chile%20Chico%20logra%20mejorar%20su%20sede%20gracias%20al%20Fondo%20Social%20Presidente%20de%20la%20Rep%C3%BAblica&#038;url=https:\/\/radiorevelacionfm.cl\/?p=33495' aria-hidden='false' data-av_icon='\ue8fc' data-av_iconfont='entypo-fontello' title='' data-avia-related-tooltip='Compartir en LinkedIn' rel=\"noopener\"><span class='avia_hidden_link_text'>Compartir en LinkedIn<\/span><\/a><\/li><li class='av-share-link av-social-link-mail' ><a  aria-label=\"Compartir por correo\" href='mailto:?subject=Junta%20de%20vecinos%20de%20Chile%20Chico%20logra%20mejorar%20su%20sede%20gracias%20al%20Fondo%20Social%20Presidente%20de%20la%20Rep%C3%BAblica&#038;body=https:\/\/radiorevelacionfm.cl\/?p=33495' aria-hidden='false' data-av_icon='\ue805' data-av_iconfont='entypo-fontello' title='' data-avia-related-tooltip='Compartir por correo'><span class='avia_hidden_link_text'>Compartir por correo<\/span><\/a><\/li><\/ul><\/div><\/div>\n<div  style='height:50px' class='hr hr-invisible   avia-builder-el-8  el_after_av_social_share  el_before_av_comments_list '><span class='hr-inner ' ><span class='hr-inner-style'><\/span><\/span><\/div>\n<div  class='av-buildercomment  av-blog-meta-html-info-disabled av-blog-meta-tag-disabled  '><\/div>\n","protected":false},"excerpt":{"rendered":"","protected":false},"author":1,"featured_media":33496,"comment_status":"open","ping_status":"open","sticky":false,"template":"","format":"standard","meta":{"footnotes":""},"categories":[38],"tags":[],"class_list":["post-33495","post","type-post","status-publish","format-standard","has-post-thumbnail","hentry","category-regional"],"jetpack_featured_media_url":"https:\/\/radiorevelacionfm.cl\/wp-content\/uploads\/2023\/08\/pxl_20230728_212816303-1_optimized-1.jpg","_links":{"self":[{"href":"https:\/\/radiorevelacionfm.cl\/index.php?rest_route=\/wp\/v2\/posts\/33495","targetHints":{"allow":["GET"]}}],"collection":[{"href":"https:\/\/radiorevelacionfm.cl\/index.php?rest_route=\/wp\/v2\/posts"}],"about":[{"href":"https:\/\/radiorevelacionfm.cl\/index.php?rest_route=\/wp\/v2\/types\/post"}],"author":[{"embeddable":true,"href":"https:\/\/radiorevelacionfm.cl\/index.php?rest_route=\/wp\/v2\/users\/1"}],"replies":[{"embeddable":true,"href":"https:\/\/radiorevelacionfm.cl\/index.php?rest_route=%2Fwp%2Fv2%2Fcomments&post=33495"}],"version-history":[{"count":1,"href":"https:\/\/radiorevelacionfm.cl\/index.php?rest_route=\/wp\/v2\/posts\/33495\/revisions"}],"predecessor-version":[{"id":33497,"href":"https:\/\/radiorevelacionfm.cl\/index.php?rest_route=\/wp\/v2\/posts\/33495\/revisions\/33497"}],"wp:featuredmedia":[{"embeddable":true,"href":"https:\/\/radiorevelacionfm.cl\/index.php?rest_route=\/wp\/v2\/media\/33496"}],"wp:attachment":[{"href":"https:\/\/radiorevelacionfm.cl\/index.php?rest_route=%2Fwp%2Fv2%2Fmedia&parent=33495"}],"wp:term":[{"taxonomy":"category","embeddable":true,"href":"https:\/\/radiorevelacionfm.cl\/index.php?rest_route=%2Fwp%2Fv2%2Fcategories&post=33495"},{"taxonomy":"post_tag","embeddable":true,"href":"https:\/\/radiorevelacionfm.cl\/index.php?rest_route=%2Fwp%2Fv2%2Ftags&post=33495"}],"curies":[{"name":"wp","href":"https:\/\/api.w.org\/{rel}","templated":true}]}}