{"id":33492,"date":"2023-08-02T18:08:02","date_gmt":"2023-08-02T21:08:02","guid":{"rendered":"https:\/\/radiorevelacionfm.cl\/?p=33492"},"modified":"2023-08-02T18:08:02","modified_gmt":"2023-08-02T21:08:02","slug":"jardines-amigos-de-la-lactancia-materna-139-unidades-educativas-de-la-junji-se-encuentran-en-proceso-de-certificacion","status":"publish","type":"post","link":"https:\/\/radiorevelacionfm.cl\/?p=33492","title":{"rendered":"Jardines Amigos de la Lactancia Materna: 139 unidades educativas de la JUNJI se encuentran en proceso de certificaci\u00f3n"},"content":{"rendered":"<div class=\"flex_column av_one_full  flex_column_div av-zero-column-padding first  avia-builder-el-0  el_before_av_one_full  avia-builder-el-first  \" style='border-radius:0px; '><div  class='avia-image-container  av-styling-    avia-builder-el-1  avia-builder-el-no-sibling  avia-align-center '  itemprop=\"image\" itemscope=\"itemscope\" itemtype=\"https:\/\/schema.org\/ImageObject\"  ><div class='avia-image-container-inner'><div class='avia-image-overlay-wrap'><img decoding=\"async\" class='wp-image-33493 avia-img-lazy-loading-not-33493 avia_image' src=\"https:\/\/radiorevelacionfm.cl\/wp-content\/uploads\/2023\/08\/img_4544-1_optimized.jpg\" alt='' title='img_4544-(1)_optimized' height=\"600\" width=\"900\"  itemprop=\"thumbnailUrl\" srcset=\"https:\/\/radiorevelacionfm.cl\/wp-content\/uploads\/2023\/08\/img_4544-1_optimized.jpg 900w, https:\/\/radiorevelacionfm.cl\/wp-content\/uploads\/2023\/08\/img_4544-1_optimized-300x200.jpg 300w, https:\/\/radiorevelacionfm.cl\/wp-content\/uploads\/2023\/08\/img_4544-1_optimized-768x512.jpg 768w, https:\/\/radiorevelacionfm.cl\/wp-content\/uploads\/2023\/08\/img_4544-1_optimized-705x470.jpg 705w, https:\/\/radiorevelacionfm.cl\/wp-content\/uploads\/2023\/08\/img_4544-1_optimized-450x300.jpg 450w, https:\/\/radiorevelacionfm.cl\/wp-content\/uploads\/2023\/08\/img_4544-1_optimized-600x400.jpg 600w\" sizes=\"(max-width: 900px) 100vw, 900px\" \/><\/div><\/div><\/div><\/div><div class=\"flex_column av_one_full  flex_column_div av-zero-column-padding first  avia-builder-el-2  el_after_av_one_full  el_before_av_one_full  column-top-margin\" style='border-radius:0px; '><section class=\"av_textblock_section \"  itemscope=\"itemscope\" itemtype=\"https:\/\/schema.org\/BlogPosting\" itemprop=\"blogPost\" ><div class='avia_textblock  '   itemprop=\"text\" ><p style=\"text-align: center;\"><span style=\"font-size: 18pt;\"><strong>Jardines Amigos de la Lactancia Materna: 139 unidades educativas de la JUNJI se encuentran en proceso de certificaci\u00f3n<\/strong><\/span><\/p>\n<div id=\"gtx-trans\" style=\"position: absolute; left: -50px; top: 4.31534px;\">\n<div class=\"gtx-trans-icon\"><\/div>\n<\/div>\n<\/div><\/section><\/div><div class=\"flex_column av_one_full  flex_column_div av-zero-column-padding first  avia-builder-el-4  el_after_av_one_full  el_before_av_hr  column-top-margin\" style='border-radius:0px; '><section class=\"av_textblock_section \"  itemscope=\"itemscope\" itemtype=\"https:\/\/schema.org\/BlogPosting\" itemprop=\"blogPost\" ><div class='avia_textblock  '   itemprop=\"text\" ><p style=\"text-align: justify;\"><em>Desde el 1 al 7 de agosto, en Chile se conmemora la Semana de la Lactancia Materna, periodo en que se potencia la importancia y beneficios que tiene el amamantar para las madres y sus hijas e hijos. Jard\u00edn Infantil Kau-Kalem de Coyhaique es uno de ellos. <\/em><\/p>\n<p style=\"text-align: justify;\">Un d\u00eda como hoy, pero en 1990, se firm\u00f3 la Declaraci\u00f3n de Innocenti, cuyo objetivo era generar consciencia para que se permitiera amamantar a ni\u00f1os y ni\u00f1as de forma exclusiva durante sus primeros seis meses de vida. A partir de este hito, cada a\u00f1o celebramos la Semana Mundial de la Lactancia Materna (SMLM).<\/p>\n<p style=\"text-align: justify;\">Para la OMS, \u201cla lactancia materna es una de las formas m\u00e1s eficaces de garantizar la salud y la supervivencia de los ni\u00f1os. Sin embargo, menos de la mitad de los lactantes se alimentan exclusivamente con leche materna\u201d.<\/p>\n<p style=\"text-align: justify;\">Haci\u00e9ndose cargo de esta situaci\u00f3n, la Junta Nacional de Jardines Infantiles (Junji), sigue promoviendo y apoyando la continuidad de la lactancia materna, permitiendo el amamantamiento en la unidad educativa, as\u00ed como la extracci\u00f3n de la leche en el jard\u00edn infantil y la recepci\u00f3n de la leche materna extra\u00edda.<\/p>\n<p style=\"text-align: justify;\">La certificaci\u00f3n Jard\u00edn Infantil Amigo de la Lactancia Materna, m\u00e1s conocida como JIALMA, destaca este compromiso por la promoci\u00f3n y mantenci\u00f3n de la lactancia materna. El modelo de certificaci\u00f3n se inici\u00f3 el a\u00f1o 2005 junto con el Ministerio de Salud y Fundaci\u00f3n Integra. Durante estos a\u00f1os, se han certificado alrededor de 500 salas cuna y jardines infantiles de la Junji a nivel nacional.<\/p>\n<p style=\"text-align: justify;\">Para resaltar este trabajo intersectorial, la vicepresidenta ejecutiva de la Junji, Daniela Trivi\u00f1o, junto con el SEREMI de Salud de la Regi\u00f3n Metropolitana, Gonzalo Soto, y la directora regional metropolitana de Junji, M\u00f3nica Morales, participaron en la certificaci\u00f3n del jard\u00edn infantil \u201c<em>Margot Loyola<\/em>\u201d de Maip\u00fa, el primer establecimiento educativo de Junji en recibir la certificaci\u00f3n tras la pandemia, \u00e9poca en que el proceso se vio interrumpido. Actualmente, otras 138 unidades educativas se encuentran avanzando para ser JIALMA.<\/p>\n<p style=\"text-align: justify;\">Para la m\u00e1xima autoridad de Junji, esta nueva certificaci\u00f3n viene a reafirmar <em>\u201cnuestro compromiso con la lactancia materna. Como instituci\u00f3n contamos con una sala de amamantamiento en cada una de nuestras unidades educativas para las familias y\/o funcionarias que lo requieren. Este indispensable espacio tambi\u00e9n lo estamos acondicionando en nuestras oficinas nacionales y regionales\u201d. <\/em><\/p>\n<p style=\"text-align: justify;\"><strong><u>Facilitar la lactancia materna en espacios de trabajo<\/u><\/strong><\/p>\n<p style=\"text-align: justify;\">Anualmente la Alianza Mundial pro Lactancia Materna plantea el lema que acompa\u00f1ar\u00e1 esta celebraci\u00f3n. El de este 2023 es:\u00a0Facilitar la Lactancia Materna: marcando la diferencia para las madres y padres que trabajan.\u00a0De esta manera, se insta a los gobiernos, sistemas de salud, empleadores y sociedades en su conjunto a comprometerse activamente por generar y mantener entornos favorables a la lactancia materna en la vida laboral. Para el SEREMI de Salud de la Regi\u00f3n Metropolitana, Gonzalo Soto Brandt, <em>\u201cse requiere de compromiso por parte de las empresas, instituciones y establecimientos para mantener la lactancia materna tras los primeros 6 meses de vida del lactante. En ese sentido, hacemos un llamado a generar espacios para que sus trabajadoras y trabajadores puedan alimentar a sus hijas e hijos con leche materna, tan beneficiosa y necesaria para nuestros ni\u00f1os y ni\u00f1as\u201d.<\/em><\/p>\n<p style=\"text-align: justify;\">En esta l\u00ednea, en 2022 se inaugur\u00f3 la sala de amamantamiento en el piso 6 de Morand\u00e9 226, Santiago centro, donde se encuentran las oficinas de la Direcci\u00f3n Nacional de la Junji, a fin de propiciar condiciones adecuadas principalmente para la extracci\u00f3n de la leche materna. As\u00ed tambi\u00e9n otras tres direcciones regionales ya cuentan con estos espacios en sus dependencias: Antofagasta, Atacama, Los R\u00edos y Metropolitana.<\/p>\n<p style=\"text-align: justify;\"><u>Beneficios de la lactancia materna<\/u><\/p>\n<ul style=\"text-align: justify;\">\n<li>Los ni\u00f1os y ni\u00f1as que reciben lactancia exclusiva tienen sistemas inmunol\u00f3gicos m\u00e1s fuertes. Adem\u00e1s, reciben una protecci\u00f3n extra contra la desnutrici\u00f3n, las infecciones respiratorias agudas y la diarrea.<\/li>\n<li>Entrega una nutrici\u00f3n \u00f3ptima al beb\u00e9.<\/li>\n<li>Tambi\u00e9n contribuye a la salud materna. Las mujeres que han amamantado son menos susceptibles a desarrollar c\u00e1ncer de pecho y ovarios, y tienen menos tendencia a padecer osteoporosis.<\/li>\n<li>Fortalece las relaciones entre las mam\u00e1s y sus beb\u00e9s. Es una expresi\u00f3n de amor y protecci\u00f3n.<\/li>\n<li>La leche materna siempre est\u00e1 lista y a tiempo, por lo que no requiere manipulaci\u00f3n.<\/li>\n<li>Le ahorra a la familia el tiempo y el dinero que se utilizar\u00e1 en la compra de leche de f\u00f3rmula, mamaderas y combustible.<\/li>\n<li>Es ecol\u00f3gica ya que s\u00f3lo utiliza recursos renovables y no produce desechos que contaminan el ambiente.<\/li>\n<\/ul>\n<\/div><\/section><\/div><div  style='height:50px' class='hr hr-invisible   avia-builder-el-6  el_after_av_one_full  el_before_av_social_share '><span class='hr-inner ' ><span class='hr-inner-style'><\/span><\/span><\/div><\/p>\n<div  class='av-social-sharing-box  avia-builder-el-7  el_after_av_hr  el_before_av_hr  '><div class='av-share-box'><h5 class='av-share-link-description av-no-toc '>Compartir esta noticia<\/h5><ul class='av-share-box-list noLightbox'><li class='av-share-link av-social-link-facebook' ><a target=\"_blank\" aria-label=\"Compartir en Facebook\" href='https:\/\/www.facebook.com\/sharer.php?u=https:\/\/radiorevelacionfm.cl\/?p=33492&#038;t=Jardines%20Amigos%20de%20la%20Lactancia%20Materna%3A%20139%20unidades%20educativas%20de%20la%20JUNJI%20se%20encuentran%20en%20proceso%20de%20certificaci%C3%B3n' aria-hidden='false' data-av_icon='\ue8f3' data-av_iconfont='entypo-fontello' title='' data-avia-related-tooltip='Compartir en Facebook' rel=\"noopener\"><span class='avia_hidden_link_text'>Compartir en Facebook<\/span><\/a><\/li><li class='av-share-link av-social-link-twitter' ><a target=\"_blank\" aria-label=\"Compartir en Twitter\" href='https:\/\/twitter.com\/share?text=Jardines%20Amigos%20de%20la%20Lactancia%20Materna%3A%20139%20unidades%20educativas%20de%20la%20JUNJI%20se%20encuentran%20en%20proceso%20de%20certificaci%C3%B3n&#038;url=https:\/\/radiorevelacionfm.cl\/?p=33492' aria-hidden='false' data-av_icon='\ue8f1' data-av_iconfont='entypo-fontello' title='' data-avia-related-tooltip='Compartir en Twitter' rel=\"noopener\"><span class='avia_hidden_link_text'>Compartir en Twitter<\/span><\/a><\/li><li class='av-share-link av-social-link-whatsapp' ><a target=\"_blank\" aria-label=\"Compartir en Whatsapp\" href='https:\/\/api.whatsapp.com\/send?text=https:\/\/radiorevelacionfm.cl\/?p=33492' aria-hidden='false' data-av_icon='\uf232' data-av_iconfont='entypo-fontello' title='' data-avia-related-tooltip='Compartir en Whatsapp' rel=\"noopener\"><span class='avia_hidden_link_text'>Compartir en Whatsapp<\/span><\/a><\/li><li class='av-share-link av-social-link-linkedin' ><a target=\"_blank\" aria-label=\"Compartir en LinkedIn\" href='https:\/\/linkedin.com\/shareArticle?mini=true&#038;title=Jardines%20Amigos%20de%20la%20Lactancia%20Materna%3A%20139%20unidades%20educativas%20de%20la%20JUNJI%20se%20encuentran%20en%20proceso%20de%20certificaci%C3%B3n&#038;url=https:\/\/radiorevelacionfm.cl\/?p=33492' aria-hidden='false' data-av_icon='\ue8fc' data-av_iconfont='entypo-fontello' title='' data-avia-related-tooltip='Compartir en LinkedIn' rel=\"noopener\"><span class='avia_hidden_link_text'>Compartir en LinkedIn<\/span><\/a><\/li><li class='av-share-link av-social-link-mail' ><a  aria-label=\"Compartir por correo\" href='mailto:?subject=Jardines%20Amigos%20de%20la%20Lactancia%20Materna%3A%20139%20unidades%20educativas%20de%20la%20JUNJI%20se%20encuentran%20en%20proceso%20de%20certificaci%C3%B3n&#038;body=https:\/\/radiorevelacionfm.cl\/?p=33492' aria-hidden='false' data-av_icon='\ue805' data-av_iconfont='entypo-fontello' title='' data-avia-related-tooltip='Compartir por correo'><span class='avia_hidden_link_text'>Compartir por correo<\/span><\/a><\/li><\/ul><\/div><\/div>\n<div  style='height:50px' class='hr hr-invisible   avia-builder-el-8  el_after_av_social_share  el_before_av_comments_list '><span class='hr-inner ' ><span class='hr-inner-style'><\/span><\/span><\/div>\n<div  class='av-buildercomment  av-blog-meta-html-info-disabled av-blog-meta-tag-disabled  '><\/div>\n","protected":false},"excerpt":{"rendered":"","protected":false},"author":1,"featured_media":33493,"comment_status":"open","ping_status":"open","sticky":false,"template":"","format":"standard","meta":{"footnotes":""},"categories":[49],"tags":[],"class_list":["post-33492","post","type-post","status-publish","format-standard","has-post-thumbnail","hentry","category-educacion"],"jetpack_featured_media_url":"https:\/\/radiorevelacionfm.cl\/wp-content\/uploads\/2023\/08\/img_4544-1_optimized.jpg","_links":{"self":[{"href":"https:\/\/radiorevelacionfm.cl\/index.php?rest_route=\/wp\/v2\/posts\/33492","targetHints":{"allow":["GET"]}}],"collection":[{"href":"https:\/\/radiorevelacionfm.cl\/index.php?rest_route=\/wp\/v2\/posts"}],"about":[{"href":"https:\/\/radiorevelacionfm.cl\/index.php?rest_route=\/wp\/v2\/types\/post"}],"author":[{"embeddable":true,"href":"https:\/\/radiorevelacionfm.cl\/index.php?rest_route=\/wp\/v2\/users\/1"}],"replies":[{"embeddable":true,"href":"https:\/\/radiorevelacionfm.cl\/index.php?rest_route=%2Fwp%2Fv2%2Fcomments&post=33492"}],"version-history":[{"count":1,"href":"https:\/\/radiorevelacionfm.cl\/index.php?rest_route=\/wp\/v2\/posts\/33492\/revisions"}],"predecessor-version":[{"id":33494,"href":"https:\/\/radiorevelacionfm.cl\/index.php?rest_route=\/wp\/v2\/posts\/33492\/revisions\/33494"}],"wp:featuredmedia":[{"embeddable":true,"href":"https:\/\/radiorevelacionfm.cl\/index.php?rest_route=\/wp\/v2\/media\/33493"}],"wp:attachment":[{"href":"https:\/\/radiorevelacionfm.cl\/index.php?rest_route=%2Fwp%2Fv2%2Fmedia&parent=33492"}],"wp:term":[{"taxonomy":"category","embeddable":true,"href":"https:\/\/radiorevelacionfm.cl\/index.php?rest_route=%2Fwp%2Fv2%2Fcategories&post=33492"},{"taxonomy":"post_tag","embeddable":true,"href":"https:\/\/radiorevelacionfm.cl\/index.php?rest_route=%2Fwp%2Fv2%2Ftags&post=33492"}],"curies":[{"name":"wp","href":"https:\/\/api.w.org\/{rel}","templated":true}]}}