{"id":33486,"date":"2023-08-01T18:44:29","date_gmt":"2023-08-01T21:44:29","guid":{"rendered":"https:\/\/radiorevelacionfm.cl\/?p=33486"},"modified":"2023-08-01T18:44:29","modified_gmt":"2023-08-01T21:44:29","slug":"jovenes-de-aysen-participan-en-festival-de-talentos-juventudes-bajo-cero","status":"publish","type":"post","link":"https:\/\/radiorevelacionfm.cl\/?p=33486","title":{"rendered":"J\u00f3venes de Ays\u00e9n participan en festival de talentos \u00abJuventudes Bajo Cero\u00bb"},"content":{"rendered":"<div class=\"flex_column av_one_full  flex_column_div av-zero-column-padding first  avia-builder-el-0  el_before_av_one_full  avia-builder-el-first  \" style='border-radius:0px; '><div  class='avia-image-container  av-styling-    avia-builder-el-1  avia-builder-el-no-sibling  avia-align-center '  itemprop=\"image\" itemscope=\"itemscope\" itemtype=\"https:\/\/schema.org\/ImageObject\"  ><div class='avia-image-container-inner'><div class='avia-image-overlay-wrap'><img decoding=\"async\" class='wp-image-33487 avia-img-lazy-loading-not-33487 avia_image' src=\"https:\/\/radiorevelacionfm.cl\/wp-content\/uploads\/2023\/08\/Foto-2-6-1-2.jpg\" alt='' title='Foto 2 (6) (1) (2)' height=\"600\" width=\"1067\"  itemprop=\"thumbnailUrl\" srcset=\"https:\/\/radiorevelacionfm.cl\/wp-content\/uploads\/2023\/08\/Foto-2-6-1-2.jpg 1067w, https:\/\/radiorevelacionfm.cl\/wp-content\/uploads\/2023\/08\/Foto-2-6-1-2-300x169.jpg 300w, https:\/\/radiorevelacionfm.cl\/wp-content\/uploads\/2023\/08\/Foto-2-6-1-2-1030x579.jpg 1030w, https:\/\/radiorevelacionfm.cl\/wp-content\/uploads\/2023\/08\/Foto-2-6-1-2-768x432.jpg 768w, https:\/\/radiorevelacionfm.cl\/wp-content\/uploads\/2023\/08\/Foto-2-6-1-2-705x396.jpg 705w, https:\/\/radiorevelacionfm.cl\/wp-content\/uploads\/2023\/08\/Foto-2-6-1-2-450x253.jpg 450w, https:\/\/radiorevelacionfm.cl\/wp-content\/uploads\/2023\/08\/Foto-2-6-1-2-600x337.jpg 600w\" sizes=\"(max-width: 1067px) 100vw, 1067px\" \/><\/div><\/div><\/div><\/div><div class=\"flex_column av_one_full  flex_column_div av-zero-column-padding first  avia-builder-el-2  el_after_av_one_full  el_before_av_one_full  column-top-margin\" style='border-radius:0px; '><section class=\"av_textblock_section \"  itemscope=\"itemscope\" itemtype=\"https:\/\/schema.org\/BlogPosting\" itemprop=\"blogPost\" ><div class='avia_textblock  '   itemprop=\"text\" ><p style=\"text-align: center;\"><strong><span style=\"font-size: 18pt;\">J\u00f3venes de Ays\u00e9n participan en festival de talentos \u00abJuventudes Bajo Cero\u00bb<\/span><\/strong><\/p>\n<div id=\"gtx-trans\" style=\"position: absolute; left: -50px; top: 4.31534px;\">\n<div class=\"gtx-trans-icon\"><\/div>\n<\/div>\n<\/div><\/section><\/div><div class=\"flex_column av_one_full  flex_column_div av-zero-column-padding first  avia-builder-el-4  el_after_av_one_full  el_before_av_hr  column-top-margin\" style='border-radius:0px; '><section class=\"av_textblock_section \"  itemscope=\"itemscope\" itemtype=\"https:\/\/schema.org\/BlogPosting\" itemprop=\"blogPost\" ><div class='avia_textblock  '   itemprop=\"text\" ><p style=\"text-align: justify;\">En el marco del desarrollo del programa Compromiso Joven, instancia que tiene por objetivo aumentar la participaci\u00f3n de las juventudes en proyectos comunitarios, impulsando la relaci\u00f3n de estos con el territorio a trav\u00e9s de acciones que busquen mejorar las condiciones de su comunidad, el Instituto Nacional de la Juventud, junto a la Oficina de Asuntos Juveniles de la Ilustre Municipalidad de Ays\u00e9n, llevaron a cabo el Festival de Talentos <em>Juventudes Bajo Cero<\/em>.<\/p>\n<p style=\"text-align: justify;\">En la Casa de la Cultura de Puerto Ays\u00e9n se dieron cita distintos grupos art\u00edsticos, quienes mostraron a la comunidad presente sus diferentes talentos. En la oportunidad tambi\u00e9n se present\u00f3 el Diagn\u00f3stico Participativo, trabajo desarrollado con establecimientos educacionales y agrupaciones juveniles, quienes identificaron tem\u00e1ticas prioritarias y caracterizaron a la poblaci\u00f3n juvenil de la comuna.<\/p>\n<p style=\"text-align: justify;\">\u201cEl trabajo que hemos venido desarrollando de forma articulada con la Ilustre Municipalidad de Ays\u00e9n ha permitido ir dando respuesta a diversos elementos que hemos recogido en la aplicaci\u00f3n del diagn\u00f3stico participativo de juventudes, donde se expresa la necesidad de talleres recreacionales, espacios de dispersi\u00f3n y encuentro, por lo que generar estas instancias en donde conviven diversas formas de expresiones art\u00edsticas y culturales se convierte en una tarea fundamental. Al mismo tiempo, esta jornada nos permiti\u00f3 continuar nutriendo el diagn\u00f3stico, para posteriormente procesar la informaci\u00f3n y transformarla en un Plan de Acci\u00f3n Municipal de Juventud, que permita desarrollar de forma estrat\u00e9gica el quehacer en materia de juventudes\u201d, explic\u00f3 el Director Regional de INJUV Ays\u00e9n, Camilo Trivi\u00f1o Urtubia.<\/p>\n<p style=\"text-align: justify;\">\u201cEstamos muy contentos por el resultado obtenido, el trabajo colaborativo entre la Oficina de Asuntos juveniles e INJUV permitieron culminar con una jornada significativa para las juventudes,\u00a0 donde se generaron espacios para diversos tipos de muestras art\u00edsticas. Es de suma importancia llevar a cabo estas instancias, ya que permiten fortalecer y promover las buenas relaciones interpersonales, ya que estas son parte crucial de la interacci\u00f3n y la convivencia diaria entre las personas\u201d, indic\u00f3 el Encargado de la Oficina de Asuntos Juveniles, de la Ilustre Municipalidad de Ays\u00e9n, Fernando Torrealba.<\/p>\n<p style=\"text-align: justify;\">Mat\u00edas Vel\u00e1squez, joven productor y cantante, destac\u00f3 la actividad que se llev\u00f3 a cabo en su comuna y sostuvo que \u201cfue una muy grata experiencia, hubo un buen recibimiento, se agradece enormemente la preparaci\u00f3n. Fue una excelente instancia para darnos \u00a0a conocer como artistas y llegar\u00a0 a m\u00e1s audiencia. Me gusta ser identificado como Carpe y estas actividades ayudan bastante, puesto que as\u00ed logramos expandirnos art\u00edsticamente y ser identificados en la comunidad regional\u201d.<\/p>\n<p style=\"text-align: justify;\">En tanto, la joven artista Nataly Leiva, <em>Monn Nabi, <\/em>se\u00f1al\u00f3 que\u00a0 \u201cme pareci\u00f3 una oportunidad bonita y \u00fanica para mostrar y compartir lo que a uno le gusta hacer y as\u00ed crecer en lo art\u00edstico. Me gustar\u00eda mucho que se realizar\u00e1n m\u00e1s actividades de este \u00e1mbito, ya que son oportunidades para m\u00e1s personas. La idea es que no solo inviten a bandas, es importante que haya una mayor visualizaci\u00f3n a j\u00f3venes artistas que realizan presentaciones individuales. Es importante tambi\u00e9n que se realicen competencias con el objetivo de poner en valor a las y los artistas j\u00f3venes que se presentan en las distintas actividades que se realizan en la comuna y tambi\u00e9n invitar a m\u00e1s j\u00f3venes a participar pero en Ays\u00e9n\u201d.<\/p>\n<p style=\"text-align: justify;\">Es importante destacar que el programa Compromiso Joven comprende diferentes hitos en el plazo de dos a\u00f1os; Diagn\u00f3stico Local Juvenil, Plan de Acci\u00f3n Municipal de Juventud (PAMJUV), Encuentro de Juventudes, Formaci\u00f3n de Agentes de Cambio, entre otras acciones que esperan cambiar la mirada juvenil en las comunas donde se desarrolla la iniciativa.<\/p>\n<\/div><\/section><\/div><div  style='height:50px' class='hr hr-invisible   avia-builder-el-6  el_after_av_one_full  el_before_av_social_share '><span class='hr-inner ' ><span class='hr-inner-style'><\/span><\/span><\/div><\/p>\n<div  class='av-social-sharing-box  avia-builder-el-7  el_after_av_hr  el_before_av_hr  '><div class='av-share-box'><h5 class='av-share-link-description av-no-toc '>Compartir esta noticia<\/h5><ul class='av-share-box-list noLightbox'><li class='av-share-link av-social-link-facebook' ><a target=\"_blank\" aria-label=\"Compartir en Facebook\" href='https:\/\/www.facebook.com\/sharer.php?u=https:\/\/radiorevelacionfm.cl\/?p=33486&#038;t=J%C3%B3venes%20de%20Ays%C3%A9n%20participan%20en%20festival%20de%20talentos%20%C2%ABJuventudes%20Bajo%20Cero%C2%BB' aria-hidden='false' data-av_icon='\ue8f3' data-av_iconfont='entypo-fontello' title='' data-avia-related-tooltip='Compartir en Facebook' rel=\"noopener\"><span class='avia_hidden_link_text'>Compartir en Facebook<\/span><\/a><\/li><li class='av-share-link av-social-link-twitter' ><a target=\"_blank\" aria-label=\"Compartir en Twitter\" href='https:\/\/twitter.com\/share?text=J%C3%B3venes%20de%20Ays%C3%A9n%20participan%20en%20festival%20de%20talentos%20%C2%ABJuventudes%20Bajo%20Cero%C2%BB&#038;url=https:\/\/radiorevelacionfm.cl\/?p=33486' aria-hidden='false' data-av_icon='\ue8f1' data-av_iconfont='entypo-fontello' title='' data-avia-related-tooltip='Compartir en Twitter' rel=\"noopener\"><span class='avia_hidden_link_text'>Compartir en Twitter<\/span><\/a><\/li><li class='av-share-link av-social-link-whatsapp' ><a target=\"_blank\" aria-label=\"Compartir en Whatsapp\" href='https:\/\/api.whatsapp.com\/send?text=https:\/\/radiorevelacionfm.cl\/?p=33486' aria-hidden='false' data-av_icon='\uf232' data-av_iconfont='entypo-fontello' title='' data-avia-related-tooltip='Compartir en Whatsapp' rel=\"noopener\"><span class='avia_hidden_link_text'>Compartir en Whatsapp<\/span><\/a><\/li><li class='av-share-link av-social-link-linkedin' ><a target=\"_blank\" aria-label=\"Compartir en LinkedIn\" href='https:\/\/linkedin.com\/shareArticle?mini=true&#038;title=J%C3%B3venes%20de%20Ays%C3%A9n%20participan%20en%20festival%20de%20talentos%20%C2%ABJuventudes%20Bajo%20Cero%C2%BB&#038;url=https:\/\/radiorevelacionfm.cl\/?p=33486' aria-hidden='false' data-av_icon='\ue8fc' data-av_iconfont='entypo-fontello' title='' data-avia-related-tooltip='Compartir en LinkedIn' rel=\"noopener\"><span class='avia_hidden_link_text'>Compartir en LinkedIn<\/span><\/a><\/li><li class='av-share-link av-social-link-mail' ><a  aria-label=\"Compartir por correo\" href='mailto:?subject=J%C3%B3venes%20de%20Ays%C3%A9n%20participan%20en%20festival%20de%20talentos%20%C2%ABJuventudes%20Bajo%20Cero%C2%BB&#038;body=https:\/\/radiorevelacionfm.cl\/?p=33486' aria-hidden='false' data-av_icon='\ue805' data-av_iconfont='entypo-fontello' title='' data-avia-related-tooltip='Compartir por correo'><span class='avia_hidden_link_text'>Compartir por correo<\/span><\/a><\/li><\/ul><\/div><\/div>\n<div  style='height:50px' class='hr hr-invisible   avia-builder-el-8  el_after_av_social_share  el_before_av_comments_list '><span class='hr-inner ' ><span class='hr-inner-style'><\/span><\/span><\/div>\n<div  class='av-buildercomment  av-blog-meta-html-info-disabled av-blog-meta-tag-disabled  '><\/div>\n","protected":false},"excerpt":{"rendered":"","protected":false},"author":1,"featured_media":33487,"comment_status":"open","ping_status":"open","sticky":false,"template":"","format":"standard","meta":{"footnotes":""},"categories":[38],"tags":[],"class_list":["post-33486","post","type-post","status-publish","format-standard","has-post-thumbnail","hentry","category-regional"],"jetpack_featured_media_url":"https:\/\/radiorevelacionfm.cl\/wp-content\/uploads\/2023\/08\/Foto-2-6-1-2.jpg","_links":{"self":[{"href":"https:\/\/radiorevelacionfm.cl\/index.php?rest_route=\/wp\/v2\/posts\/33486","targetHints":{"allow":["GET"]}}],"collection":[{"href":"https:\/\/radiorevelacionfm.cl\/index.php?rest_route=\/wp\/v2\/posts"}],"about":[{"href":"https:\/\/radiorevelacionfm.cl\/index.php?rest_route=\/wp\/v2\/types\/post"}],"author":[{"embeddable":true,"href":"https:\/\/radiorevelacionfm.cl\/index.php?rest_route=\/wp\/v2\/users\/1"}],"replies":[{"embeddable":true,"href":"https:\/\/radiorevelacionfm.cl\/index.php?rest_route=%2Fwp%2Fv2%2Fcomments&post=33486"}],"version-history":[{"count":1,"href":"https:\/\/radiorevelacionfm.cl\/index.php?rest_route=\/wp\/v2\/posts\/33486\/revisions"}],"predecessor-version":[{"id":33488,"href":"https:\/\/radiorevelacionfm.cl\/index.php?rest_route=\/wp\/v2\/posts\/33486\/revisions\/33488"}],"wp:featuredmedia":[{"embeddable":true,"href":"https:\/\/radiorevelacionfm.cl\/index.php?rest_route=\/wp\/v2\/media\/33487"}],"wp:attachment":[{"href":"https:\/\/radiorevelacionfm.cl\/index.php?rest_route=%2Fwp%2Fv2%2Fmedia&parent=33486"}],"wp:term":[{"taxonomy":"category","embeddable":true,"href":"https:\/\/radiorevelacionfm.cl\/index.php?rest_route=%2Fwp%2Fv2%2Fcategories&post=33486"},{"taxonomy":"post_tag","embeddable":true,"href":"https:\/\/radiorevelacionfm.cl\/index.php?rest_route=%2Fwp%2Fv2%2Ftags&post=33486"}],"curies":[{"name":"wp","href":"https:\/\/api.w.org\/{rel}","templated":true}]}}