{"id":33483,"date":"2023-08-02T10:53:24","date_gmt":"2023-08-02T13:53:24","guid":{"rendered":"https:\/\/radiorevelacionfm.cl\/?p=33483"},"modified":"2023-08-02T10:53:24","modified_gmt":"2023-08-02T13:53:24","slug":"escuela-gabriela-mistral-de-puerto-aysen-se-adjudico-por-primera-vez-fondo-de-proteccion-ambiental","status":"publish","type":"post","link":"https:\/\/radiorevelacionfm.cl\/?p=33483","title":{"rendered":"Escuela Gabriela Mistral de Puerto Ays\u00e9n se adjudic\u00f3 por primera vez Fondo de Protecci\u00f3n Ambiental"},"content":{"rendered":"<div class=\"flex_column av_one_full  flex_column_div av-zero-column-padding first  avia-builder-el-0  el_before_av_one_full  avia-builder-el-first  \" style='border-radius:0px; '><div  class='avia-image-container  av-styling-    avia-builder-el-1  avia-builder-el-no-sibling  avia-align-center '  itemprop=\"image\" itemscope=\"itemscope\" itemtype=\"https:\/\/schema.org\/ImageObject\"  ><div class='avia-image-container-inner'><div class='avia-image-overlay-wrap'><img decoding=\"async\" class='wp-image-33484 avia-img-lazy-loading-not-33484 avia_image' src=\"https:\/\/radiorevelacionfm.cl\/wp-content\/uploads\/2023\/08\/364677035_6613370125376505_5278965357626319176_n-1-1.jpg\" alt='' title='364677035_6613370125376505_5278965357626319176_n (1) (1)' height=\"600\" width=\"1066\"  itemprop=\"thumbnailUrl\" srcset=\"https:\/\/radiorevelacionfm.cl\/wp-content\/uploads\/2023\/08\/364677035_6613370125376505_5278965357626319176_n-1-1.jpg 1066w, https:\/\/radiorevelacionfm.cl\/wp-content\/uploads\/2023\/08\/364677035_6613370125376505_5278965357626319176_n-1-1-300x169.jpg 300w, https:\/\/radiorevelacionfm.cl\/wp-content\/uploads\/2023\/08\/364677035_6613370125376505_5278965357626319176_n-1-1-1030x580.jpg 1030w, https:\/\/radiorevelacionfm.cl\/wp-content\/uploads\/2023\/08\/364677035_6613370125376505_5278965357626319176_n-1-1-768x432.jpg 768w, https:\/\/radiorevelacionfm.cl\/wp-content\/uploads\/2023\/08\/364677035_6613370125376505_5278965357626319176_n-1-1-705x397.jpg 705w, https:\/\/radiorevelacionfm.cl\/wp-content\/uploads\/2023\/08\/364677035_6613370125376505_5278965357626319176_n-1-1-450x253.jpg 450w, https:\/\/radiorevelacionfm.cl\/wp-content\/uploads\/2023\/08\/364677035_6613370125376505_5278965357626319176_n-1-1-600x338.jpg 600w\" sizes=\"(max-width: 1066px) 100vw, 1066px\" \/><\/div><\/div><\/div><\/div><div class=\"flex_column av_one_full  flex_column_div av-zero-column-padding first  avia-builder-el-2  el_after_av_one_full  el_before_av_one_full  column-top-margin\" style='border-radius:0px; '><section class=\"av_textblock_section \"  itemscope=\"itemscope\" itemtype=\"https:\/\/schema.org\/BlogPosting\" itemprop=\"blogPost\" ><div class='avia_textblock  '   itemprop=\"text\" ><p style=\"text-align: center;\"><span style=\"font-size: 18pt;\"><strong>Escuela Gabriela Mistral de Puerto Ays\u00e9n se adjudic\u00f3 por primera vez Fondo de Protecci\u00f3n Ambiental<\/strong><\/span><\/p>\n<div id=\"gtx-trans\" style=\"position: absolute; left: -50px; top: 4.31534px;\">\n<div class=\"gtx-trans-icon\"><\/div>\n<\/div>\n<\/div><\/section><\/div><div class=\"flex_column av_one_full  flex_column_div av-zero-column-padding first  avia-builder-el-4  el_after_av_one_full  el_before_av_hr  column-top-margin\" style='border-radius:0px; '><section class=\"av_textblock_section \"  itemscope=\"itemscope\" itemtype=\"https:\/\/schema.org\/BlogPosting\" itemprop=\"blogPost\" ><div class='avia_textblock  '   itemprop=\"text\" ><p style=\"text-align: justify;\">Felices y orgullosos se mostraron en la comunidad educativa de la escuela Gabriela Mistral en Puerto Ays\u00e9n, tras la adjudicaci\u00f3n del Fondo de Protecci\u00f3n Ambiental (FPA) 2023, perteneciente al Ministerio del Medio Ambiente.<\/p>\n<p style=\"text-align: justify;\">El proyecto denominado \u201cLombriciando Vamos Avanzando V3\u201d, enmarcado en el concurso de Escuelas Sustentables, fue postulado a trav\u00e9s del Centro General de Padres y Apoderados del establecimiento, y permitir\u00e1 continuar generando conciencia en las y los estudiantes respecto a la relevancia del medio ambiente, y la importancia de tomar acciones en pos de la naturaleza.<\/p>\n<p style=\"text-align: justify;\">\u201cSin lugar a dudas, es un proyecto que ven\u00edamos trabajando desde hace mucho tiempo y que gracias a Dios hoy podemos concretar, es un proyecto que va a beneficiar a toda la comunidad educativa porque nuestra intenci\u00f3n es continuar con el trabajo de desarrollo sustentable que venimos trabajando, a trav\u00e9s de la educaci\u00f3n ambiental, tem\u00e1tica de cambio clim\u00e1tico, la correcta utilizaci\u00f3n de los residuos org\u00e1nicos, entre muchas otras\u201d, indic\u00f3 Andr\u00e9s Andrade, docente a cargo de la iniciativa desde la escuela municipalizada.<\/p>\n<p style=\"text-align: justify;\">Todo ello, a partir de diversas instancias planificadas desde el hito de lanzamiento -que tuvo lugar este lunes en la Biblioteca de la escuela-, hasta fin de a\u00f1o, que incorpora salidas educativas, charlas, capacitaciones y conversatorio, para culminar con la implementaci\u00f3n de un invernadero y estaciones de compostaje y vermicompostaje dispuestas en la escuela. \u201cTodo esto, por supuesto, dar\u00e1 otro tinte al establecimiento. Para que todos esos residuos los logremos transformar en abono, en sustrato, para los cultivos que vamos a tener dentro del invernadero\u201d, agreg\u00f3 el docente.<\/p>\n<p style=\"text-align: justify;\">Sobre la importancia de contar con redes aliadas en pos de potenciar el sello medio ambiental de la Gabriela Mistral, el profesor explic\u00f3 que \u201cdesde el principio han estado, siempre nos est\u00e1n apoyando en este tipo de iniciativas, en que tendremos capacitaci\u00f3n de cultivo en invernadero, utilizaci\u00f3n de productos, yerbas medicinales con las que podremos realizar algunas tinturas madres, capacitaci\u00f3n sobre la cosmovisi\u00f3n mapuche y su legado. Las salidas educativas vienen a complementar este proyecto, para lograr el aprendizaje por parte de nuestros estudiantes\u201d.<\/p>\n<p style=\"text-align: justify;\"><strong>Promoviendo educaci\u00f3n ambiental <\/strong><\/p>\n<p style=\"text-align: justify;\">A trav\u00e9s de los proyectos FPA, la escuela Gabriela Mistral ha generado un impacto positivo en su territorio, involucrando la participaci\u00f3n de la comunidad y contribuyendo a mejorar la calidad de vida de las personas.<\/p>\n<p style=\"text-align: justify;\">\u201cLa verdad es que desde hace mucho tiempo venimos dando importantes pasitos en torno al \u00e1mbito medioambiental a trav\u00e9s, por ejemplo, de la instalaci\u00f3n de un punto limpio, que no solamente considera a la comunidad educativa, sino a la comunidad de Ays\u00e9n en general. Esto, entre muchas otras acciones en conjunto a nuestros alumnos y alumnas\u201d, manifest\u00f3 la directora (S) del establecimiento aysenino, Silvana D\u00edaz.<\/p>\n<p style=\"text-align: justify;\">\u201cEste proyecto nos va a permitir seguir avanzando, ya que tiene mucha relaci\u00f3n respecto a los sellos de este establecimiento y poder generar as\u00ed una conciencia en torno a un futuro mejor para todos, especialmente para nuestras futuras generaciones. Felices por este camino que estamos recorriendo del sello verde que queremos implementar, sobre la sostenibilidad, la educaci\u00f3n ambiental como pilar, as\u00ed que este es un paso m\u00e1s en este objetivo que es lo que caracteriza como escuela\u201d, enfatiz\u00f3 la directiva.<\/p>\n<p style=\"text-align: justify;\">El Fondo de Protecci\u00f3n Ambiental es el primer fondo concursable de car\u00e1cter nacional con que cuenta el Estado de Chile. Fue creado en 1994 para financiar total o parcialmente proyectos o actividades orientados a la protecci\u00f3n o reparaci\u00f3n del medio ambiente, el desarrollo sustentable, la preservaci\u00f3n de la naturaleza o la conservaci\u00f3n del patrimonio ambiental.<\/p>\n<\/div><\/section><\/div><div  style='height:50px' class='hr hr-invisible   avia-builder-el-6  el_after_av_one_full  el_before_av_social_share '><span class='hr-inner ' ><span class='hr-inner-style'><\/span><\/span><\/div><\/p>\n<div  class='av-social-sharing-box  avia-builder-el-7  el_after_av_hr  el_before_av_hr  '><div class='av-share-box'><h5 class='av-share-link-description av-no-toc '>Compartir esta noticia<\/h5><ul class='av-share-box-list noLightbox'><li class='av-share-link av-social-link-facebook' ><a target=\"_blank\" aria-label=\"Compartir en Facebook\" href='https:\/\/www.facebook.com\/sharer.php?u=https:\/\/radiorevelacionfm.cl\/?p=33483&#038;t=Escuela%20Gabriela%20Mistral%20de%20Puerto%20Ays%C3%A9n%20se%20adjudic%C3%B3%20por%20primera%20vez%20Fondo%20de%20Protecci%C3%B3n%20Ambiental' aria-hidden='false' data-av_icon='\ue8f3' data-av_iconfont='entypo-fontello' title='' data-avia-related-tooltip='Compartir en Facebook' rel=\"noopener\"><span class='avia_hidden_link_text'>Compartir en Facebook<\/span><\/a><\/li><li class='av-share-link av-social-link-twitter' ><a target=\"_blank\" aria-label=\"Compartir en Twitter\" href='https:\/\/twitter.com\/share?text=Escuela%20Gabriela%20Mistral%20de%20Puerto%20Ays%C3%A9n%20se%20adjudic%C3%B3%20por%20primera%20vez%20Fondo%20de%20Protecci%C3%B3n%20Ambiental&#038;url=https:\/\/radiorevelacionfm.cl\/?p=33483' aria-hidden='false' data-av_icon='\ue8f1' data-av_iconfont='entypo-fontello' title='' data-avia-related-tooltip='Compartir en Twitter' rel=\"noopener\"><span class='avia_hidden_link_text'>Compartir en Twitter<\/span><\/a><\/li><li class='av-share-link av-social-link-whatsapp' ><a target=\"_blank\" aria-label=\"Compartir en Whatsapp\" href='https:\/\/api.whatsapp.com\/send?text=https:\/\/radiorevelacionfm.cl\/?p=33483' aria-hidden='false' data-av_icon='\uf232' data-av_iconfont='entypo-fontello' title='' data-avia-related-tooltip='Compartir en Whatsapp' rel=\"noopener\"><span class='avia_hidden_link_text'>Compartir en Whatsapp<\/span><\/a><\/li><li class='av-share-link av-social-link-linkedin' ><a target=\"_blank\" aria-label=\"Compartir en LinkedIn\" href='https:\/\/linkedin.com\/shareArticle?mini=true&#038;title=Escuela%20Gabriela%20Mistral%20de%20Puerto%20Ays%C3%A9n%20se%20adjudic%C3%B3%20por%20primera%20vez%20Fondo%20de%20Protecci%C3%B3n%20Ambiental&#038;url=https:\/\/radiorevelacionfm.cl\/?p=33483' aria-hidden='false' data-av_icon='\ue8fc' data-av_iconfont='entypo-fontello' title='' data-avia-related-tooltip='Compartir en LinkedIn' rel=\"noopener\"><span class='avia_hidden_link_text'>Compartir en LinkedIn<\/span><\/a><\/li><li class='av-share-link av-social-link-mail' ><a  aria-label=\"Compartir por correo\" href='mailto:?subject=Escuela%20Gabriela%20Mistral%20de%20Puerto%20Ays%C3%A9n%20se%20adjudic%C3%B3%20por%20primera%20vez%20Fondo%20de%20Protecci%C3%B3n%20Ambiental&#038;body=https:\/\/radiorevelacionfm.cl\/?p=33483' aria-hidden='false' data-av_icon='\ue805' data-av_iconfont='entypo-fontello' title='' data-avia-related-tooltip='Compartir por correo'><span class='avia_hidden_link_text'>Compartir por correo<\/span><\/a><\/li><\/ul><\/div><\/div>\n<div  style='height:50px' class='hr hr-invisible   avia-builder-el-8  el_after_av_social_share  el_before_av_comments_list '><span class='hr-inner ' ><span class='hr-inner-style'><\/span><\/span><\/div>\n<div  class='av-buildercomment  av-blog-meta-html-info-disabled av-blog-meta-tag-disabled  '><\/div>\n","protected":false},"excerpt":{"rendered":"","protected":false},"author":1,"featured_media":33484,"comment_status":"open","ping_status":"open","sticky":false,"template":"","format":"standard","meta":{"footnotes":""},"categories":[38],"tags":[],"class_list":["post-33483","post","type-post","status-publish","format-standard","has-post-thumbnail","hentry","category-regional"],"jetpack_featured_media_url":"https:\/\/radiorevelacionfm.cl\/wp-content\/uploads\/2023\/08\/364677035_6613370125376505_5278965357626319176_n-1-1.jpg","_links":{"self":[{"href":"https:\/\/radiorevelacionfm.cl\/index.php?rest_route=\/wp\/v2\/posts\/33483","targetHints":{"allow":["GET"]}}],"collection":[{"href":"https:\/\/radiorevelacionfm.cl\/index.php?rest_route=\/wp\/v2\/posts"}],"about":[{"href":"https:\/\/radiorevelacionfm.cl\/index.php?rest_route=\/wp\/v2\/types\/post"}],"author":[{"embeddable":true,"href":"https:\/\/radiorevelacionfm.cl\/index.php?rest_route=\/wp\/v2\/users\/1"}],"replies":[{"embeddable":true,"href":"https:\/\/radiorevelacionfm.cl\/index.php?rest_route=%2Fwp%2Fv2%2Fcomments&post=33483"}],"version-history":[{"count":1,"href":"https:\/\/radiorevelacionfm.cl\/index.php?rest_route=\/wp\/v2\/posts\/33483\/revisions"}],"predecessor-version":[{"id":33485,"href":"https:\/\/radiorevelacionfm.cl\/index.php?rest_route=\/wp\/v2\/posts\/33483\/revisions\/33485"}],"wp:featuredmedia":[{"embeddable":true,"href":"https:\/\/radiorevelacionfm.cl\/index.php?rest_route=\/wp\/v2\/media\/33484"}],"wp:attachment":[{"href":"https:\/\/radiorevelacionfm.cl\/index.php?rest_route=%2Fwp%2Fv2%2Fmedia&parent=33483"}],"wp:term":[{"taxonomy":"category","embeddable":true,"href":"https:\/\/radiorevelacionfm.cl\/index.php?rest_route=%2Fwp%2Fv2%2Fcategories&post=33483"},{"taxonomy":"post_tag","embeddable":true,"href":"https:\/\/radiorevelacionfm.cl\/index.php?rest_route=%2Fwp%2Fv2%2Ftags&post=33483"}],"curies":[{"name":"wp","href":"https:\/\/api.w.org\/{rel}","templated":true}]}}