{"id":33474,"date":"2023-08-01T15:30:54","date_gmt":"2023-08-01T18:30:54","guid":{"rendered":"https:\/\/radiorevelacionfm.cl\/?p=33474"},"modified":"2023-08-01T15:30:54","modified_gmt":"2023-08-01T18:30:54","slug":"ministro-se-abre-a-estudiar-asignacion-de-zona-para-asistentes-de-la-educacion-con-miras-a-la-ley-de-presupuesto-2024","status":"publish","type":"post","link":"https:\/\/radiorevelacionfm.cl\/?p=33474","title":{"rendered":"Ministro se abre a estudiar asignaci\u00f3n de zona para asistentes de la educaci\u00f3n con miras a la ley de presupuesto 2024"},"content":{"rendered":"<div class=\"flex_column av_one_full  flex_column_div av-zero-column-padding first  avia-builder-el-0  el_before_av_one_full  avia-builder-el-first  \" style='border-radius:0px; '><div  class='avia-image-container  av-styling-    avia-builder-el-1  avia-builder-el-no-sibling  avia-align-center '  itemprop=\"image\" itemscope=\"itemscope\" itemtype=\"https:\/\/schema.org\/ImageObject\"  ><div class='avia-image-container-inner'><div class='avia-image-overlay-wrap'><img decoding=\"async\" class='wp-image-33475 avia-img-lazy-loading-not-33475 avia_image' src=\"https:\/\/radiorevelacionfm.cl\/wp-content\/uploads\/2023\/08\/FOTO-REUNION-MINISTRO-DE-EDUCACION-1-1.jpg\" alt='' title='FOTO REUNI\u00d3N MINISTRO DE EDUCACI\u00d3N (1) (1)' height=\"600\" width=\"800\"  itemprop=\"thumbnailUrl\" srcset=\"https:\/\/radiorevelacionfm.cl\/wp-content\/uploads\/2023\/08\/FOTO-REUNION-MINISTRO-DE-EDUCACION-1-1.jpg 800w, https:\/\/radiorevelacionfm.cl\/wp-content\/uploads\/2023\/08\/FOTO-REUNION-MINISTRO-DE-EDUCACION-1-1-300x225.jpg 300w, https:\/\/radiorevelacionfm.cl\/wp-content\/uploads\/2023\/08\/FOTO-REUNION-MINISTRO-DE-EDUCACION-1-1-768x576.jpg 768w, https:\/\/radiorevelacionfm.cl\/wp-content\/uploads\/2023\/08\/FOTO-REUNION-MINISTRO-DE-EDUCACION-1-1-705x529.jpg 705w, https:\/\/radiorevelacionfm.cl\/wp-content\/uploads\/2023\/08\/FOTO-REUNION-MINISTRO-DE-EDUCACION-1-1-450x338.jpg 450w, https:\/\/radiorevelacionfm.cl\/wp-content\/uploads\/2023\/08\/FOTO-REUNION-MINISTRO-DE-EDUCACION-1-1-600x450.jpg 600w\" sizes=\"(max-width: 800px) 100vw, 800px\" \/><\/div><\/div><\/div><\/div><div class=\"flex_column av_one_full  flex_column_div av-zero-column-padding first  avia-builder-el-2  el_after_av_one_full  el_before_av_one_full  column-top-margin\" style='border-radius:0px; '><section class=\"av_textblock_section \"  itemscope=\"itemscope\" itemtype=\"https:\/\/schema.org\/BlogPosting\" itemprop=\"blogPost\" ><div class='avia_textblock  '   itemprop=\"text\" ><p style=\"text-align: center;\"><span style=\"font-size: 18pt;\"><b><span lang=\"ES\">Ministro se abre a estudiar asignaci\u00f3n de zona para asistentes de la educaci\u00f3n con miras a la ley de presupuesto 2024<\/span><\/b><\/span><\/p>\n<div id=\"gtx-trans\" style=\"position: absolute; left: -50px; top: 4.31534px;\">\n<div class=\"gtx-trans-icon\"><\/div>\n<\/div>\n<\/div><\/section><\/div><div class=\"flex_column av_one_full  flex_column_div av-zero-column-padding first  avia-builder-el-4  el_after_av_one_full  el_before_av_hr  column-top-margin\" style='border-radius:0px; '><section class=\"av_textblock_section \"  itemscope=\"itemscope\" itemtype=\"https:\/\/schema.org\/BlogPosting\" itemprop=\"blogPost\" ><div class='avia_textblock  '   itemprop=\"text\" ><p style=\"font-weight: 400; text-align: justify;\">Los dirigentes de los asistentes de la educaci\u00f3n se trasladaron hasta Santiago para sostener dos reuniones que podr\u00edan ser claves para destrabar su petici\u00f3n para acceder a la asignaci\u00f3n de zona desde el pr\u00f3ximo a\u00f1o. Gracias a gestiones de los diputados\u00a0Miguel \u00c1ngel Calisto y Marcia Raphael, se reunieron con el Ministro de Hacienda,\u00a0Mario Marcel, y el Ministro de Educaci\u00f3n,\u00a0Marco Antonio \u00c1vila.<\/p>\n<p style=\"font-weight: 400; text-align: justify;\">Fue este \u00faltimo quien se abri\u00f3 a la posibilidad de avanzar en esta materia, confirmando la realizaci\u00f3n de un informe que podr\u00eda sentar las bases para una propuesta con miras a la ley de presupuesto 2024.<\/p>\n<p style=\"font-weight: 400; text-align: justify;\">Seg\u00fan el Ministro de Educaci\u00f3n,\u00a0Marco Antonio \u00c1vila, \u201ccuando se promulga el estatuto de los asistentes de la educaci\u00f3n hace seis a\u00f1os atr\u00e1s, hab\u00eda un compromiso importante del ejecutivo de ese entonces de poder tener un informe asociado a asignaciones especiales. Esa tarea no fue asumida en su minuto, por lo tanto, mi compromiso es poder hacer las exploraciones correspondientes y mirar cual es la factibilidad de ir avanzando en algunas soluciones\u201d.<\/p>\n<p style=\"font-weight: 400; text-align: justify;\">\u201cEs importante que cada una de las medidas que impulsamos sean siempre con responsabilidad fiscal, pero a la vez tambi\u00e9n considerando las reales necesidades de los asistentes de la educaci\u00f3n, quienes est\u00e1n permanentemente a trav\u00e9s de las dirigencias haci\u00e9ndonos ver cu\u00e1les son esas necesidades. Cuenten con la voluntad pol\u00edtica de este ministerio para poder explorar distintas soluciones, ya dimos el primer paso que es sentarnos a conversar\u201d, indic\u00f3.<\/p>\n<p style=\"font-weight: 400; text-align: justify;\">El diputado\u00a0Miguel \u00c1ngel Calisto\u00a0asegur\u00f3 que \u201cen las reuniones se nos inform\u00f3 cuales son los procedimientos para que los asistentes de la educaci\u00f3n puedan acceder a la asignaci\u00f3n de zona. Para nosotros es fundamental esta se\u00f1al que se ha dado hoy, por eso quiero destacar al Ministro de Educaci\u00f3n, quien ha tomado la posta, iniciado un trabajo serio y responsable, poniendo n\u00fameros sobre la mesa, dando una se\u00f1al pol\u00edtica previa al inicio de la discusi\u00f3n de la ley de presupuesto\u201d.<\/p>\n<p style=\"font-weight: 400; text-align: justify;\">\u201cNo podemos permitir que una vez m\u00e1s se genere esta injusticia y tengamos funcionarios p\u00fablicos con condiciones distintas. Nosotros vamos a seguir respaldando a los asistentes de la educaci\u00f3n en este inicio de las conversaciones. Esperamos tener una pr\u00f3xima reuni\u00f3n en diez d\u00edas m\u00e1s y esperamos ir viendo el avance en estas gestiones\u201d, indic\u00f3.<\/p>\n<p style=\"font-weight: 400; text-align: justify;\">Por su parte,\u00a0Marcia Raphael, asegur\u00f3 que \u201cvemos la voluntad pol\u00edtica del Ministro para ir avanzando para reconocerles a los asistentes de la educaci\u00f3n la asignaci\u00f3n de zona una vez que sean funcionarios p\u00fablicos desde el pr\u00f3ximo a\u00f1o. Le pedimos que comencemos a trabajar en una propuesta, aunque sea progresiva, para que en diez a\u00f1os m\u00e1s no digamos que tenemos una deuda hist\u00f3rica con esto trabajadores\u201d.<\/p>\n<p style=\"font-weight: 400; text-align: justify;\">Juan Mayorga, Presidente de la Asociaci\u00f3n de Funcionarios Asistentes de la Educaci\u00f3n Coyhaique,\u00a0afirm\u00f3 que \u201cnos vamos no cien por ciento conforme, pero si con alguna esperanza, porque pol\u00edticamente el Ministro por lo menos se comprometi\u00f3 a hacer un estudio para ir avanzando en nuestra demanda.<\/p>\n<p style=\"text-align: justify;\"><span style=\"font-weight: 400;\">Finalmente, el dirigente se\u00f1al\u00f3 que \u201csentimos que la asignaci\u00f3n de zona nos pertenece, porque vamos a ser parte de todo el aparataje fiscal. El Ministro al menos mostr\u00f3 mucha voluntad de hacer un estudio y el 10 de agosto nos volveremos a juntar para ver avances\u201d.\u00a0 \u00a0\u00a0<\/span><\/p>\n<\/div><\/section><\/div><div  style='height:50px' class='hr hr-invisible   avia-builder-el-6  el_after_av_one_full  el_before_av_social_share '><span class='hr-inner ' ><span class='hr-inner-style'><\/span><\/span><\/div><\/p>\n<div  class='av-social-sharing-box  avia-builder-el-7  el_after_av_hr  el_before_av_hr  '><div class='av-share-box'><h5 class='av-share-link-description av-no-toc '>Compartir esta noticia<\/h5><ul class='av-share-box-list noLightbox'><li class='av-share-link av-social-link-facebook' ><a target=\"_blank\" aria-label=\"Compartir en Facebook\" href='https:\/\/www.facebook.com\/sharer.php?u=https:\/\/radiorevelacionfm.cl\/?p=33474&#038;t=Ministro%20se%20abre%20a%20estudiar%20asignaci%C3%B3n%20de%20zona%20para%20asistentes%20de%20la%20educaci%C3%B3n%20con%20miras%20a%20la%20ley%20de%20presupuesto%202024' aria-hidden='false' data-av_icon='\ue8f3' data-av_iconfont='entypo-fontello' title='' data-avia-related-tooltip='Compartir en Facebook' rel=\"noopener\"><span class='avia_hidden_link_text'>Compartir en Facebook<\/span><\/a><\/li><li class='av-share-link av-social-link-twitter' ><a target=\"_blank\" aria-label=\"Compartir en Twitter\" href='https:\/\/twitter.com\/share?text=Ministro%20se%20abre%20a%20estudiar%20asignaci%C3%B3n%20de%20zona%20para%20asistentes%20de%20la%20educaci%C3%B3n%20con%20miras%20a%20la%20ley%20de%20presupuesto%202024&#038;url=https:\/\/radiorevelacionfm.cl\/?p=33474' aria-hidden='false' data-av_icon='\ue8f1' data-av_iconfont='entypo-fontello' title='' data-avia-related-tooltip='Compartir en Twitter' rel=\"noopener\"><span class='avia_hidden_link_text'>Compartir en Twitter<\/span><\/a><\/li><li class='av-share-link av-social-link-whatsapp' ><a target=\"_blank\" aria-label=\"Compartir en Whatsapp\" href='https:\/\/api.whatsapp.com\/send?text=https:\/\/radiorevelacionfm.cl\/?p=33474' aria-hidden='false' data-av_icon='\uf232' data-av_iconfont='entypo-fontello' title='' data-avia-related-tooltip='Compartir en Whatsapp' rel=\"noopener\"><span class='avia_hidden_link_text'>Compartir en Whatsapp<\/span><\/a><\/li><li class='av-share-link av-social-link-linkedin' ><a target=\"_blank\" aria-label=\"Compartir en LinkedIn\" href='https:\/\/linkedin.com\/shareArticle?mini=true&#038;title=Ministro%20se%20abre%20a%20estudiar%20asignaci%C3%B3n%20de%20zona%20para%20asistentes%20de%20la%20educaci%C3%B3n%20con%20miras%20a%20la%20ley%20de%20presupuesto%202024&#038;url=https:\/\/radiorevelacionfm.cl\/?p=33474' aria-hidden='false' data-av_icon='\ue8fc' data-av_iconfont='entypo-fontello' title='' data-avia-related-tooltip='Compartir en LinkedIn' rel=\"noopener\"><span class='avia_hidden_link_text'>Compartir en LinkedIn<\/span><\/a><\/li><li class='av-share-link av-social-link-mail' ><a  aria-label=\"Compartir por correo\" href='mailto:?subject=Ministro%20se%20abre%20a%20estudiar%20asignaci%C3%B3n%20de%20zona%20para%20asistentes%20de%20la%20educaci%C3%B3n%20con%20miras%20a%20la%20ley%20de%20presupuesto%202024&#038;body=https:\/\/radiorevelacionfm.cl\/?p=33474' aria-hidden='false' data-av_icon='\ue805' data-av_iconfont='entypo-fontello' title='' data-avia-related-tooltip='Compartir por correo'><span class='avia_hidden_link_text'>Compartir por correo<\/span><\/a><\/li><\/ul><\/div><\/div>\n<div  style='height:50px' class='hr hr-invisible   avia-builder-el-8  el_after_av_social_share  el_before_av_comments_list '><span class='hr-inner ' ><span class='hr-inner-style'><\/span><\/span><\/div>\n<div  class='av-buildercomment  av-blog-meta-html-info-disabled av-blog-meta-tag-disabled  '><\/div>\n","protected":false},"excerpt":{"rendered":"","protected":false},"author":1,"featured_media":33475,"comment_status":"open","ping_status":"open","sticky":false,"template":"","format":"standard","meta":{"footnotes":""},"categories":[35],"tags":[],"class_list":["post-33474","post","type-post","status-publish","format-standard","has-post-thumbnail","hentry","category-politica"],"jetpack_featured_media_url":"https:\/\/radiorevelacionfm.cl\/wp-content\/uploads\/2023\/08\/FOTO-REUNION-MINISTRO-DE-EDUCACION-1-1.jpg","_links":{"self":[{"href":"https:\/\/radiorevelacionfm.cl\/index.php?rest_route=\/wp\/v2\/posts\/33474","targetHints":{"allow":["GET"]}}],"collection":[{"href":"https:\/\/radiorevelacionfm.cl\/index.php?rest_route=\/wp\/v2\/posts"}],"about":[{"href":"https:\/\/radiorevelacionfm.cl\/index.php?rest_route=\/wp\/v2\/types\/post"}],"author":[{"embeddable":true,"href":"https:\/\/radiorevelacionfm.cl\/index.php?rest_route=\/wp\/v2\/users\/1"}],"replies":[{"embeddable":true,"href":"https:\/\/radiorevelacionfm.cl\/index.php?rest_route=%2Fwp%2Fv2%2Fcomments&post=33474"}],"version-history":[{"count":1,"href":"https:\/\/radiorevelacionfm.cl\/index.php?rest_route=\/wp\/v2\/posts\/33474\/revisions"}],"predecessor-version":[{"id":33476,"href":"https:\/\/radiorevelacionfm.cl\/index.php?rest_route=\/wp\/v2\/posts\/33474\/revisions\/33476"}],"wp:featuredmedia":[{"embeddable":true,"href":"https:\/\/radiorevelacionfm.cl\/index.php?rest_route=\/wp\/v2\/media\/33475"}],"wp:attachment":[{"href":"https:\/\/radiorevelacionfm.cl\/index.php?rest_route=%2Fwp%2Fv2%2Fmedia&parent=33474"}],"wp:term":[{"taxonomy":"category","embeddable":true,"href":"https:\/\/radiorevelacionfm.cl\/index.php?rest_route=%2Fwp%2Fv2%2Fcategories&post=33474"},{"taxonomy":"post_tag","embeddable":true,"href":"https:\/\/radiorevelacionfm.cl\/index.php?rest_route=%2Fwp%2Fv2%2Ftags&post=33474"}],"curies":[{"name":"wp","href":"https:\/\/api.w.org\/{rel}","templated":true}]}}